{"id":3083,"date":"2023-01-31T11:19:11","date_gmt":"2023-01-31T14:19:11","guid":{"rendered":"https:\/\/www.solecomunicaciones.com.ar\/publicaciones\/?p=3083"},"modified":"2023-04-04T11:22:31","modified_gmt":"2023-04-04T14:22:31","slug":"posadas-la-mas-verde","status":"publish","type":"post","link":"https:\/\/www.solecomunicaciones.com.ar\/publicaciones\/posadas-la-mas-verde\/","title":{"rendered":"Posadas, la m\u00e1s verde."},"content":{"rendered":"\n<p>El Plan Estrat\u00e9gico 2025 para la capital misionera. Los sorprendentes proyectos para el Parque de la Ciudad, Costa Sur, el Parque Lineal Haemb\u00e9 Guaz\u00fa y el Jard\u00edn Bot\u00e1nico, entre otros.<\/p>\n\n\n\n<p><strong>Fecha de Publicaci\u00f3n:\u00a0<\/strong>31\/01\/2023 | ARQ Clar\u00edn<br><strong>Ver y descargar PDF online:\u00a0<\/strong><a rel=\"noreferrer noopener\" href=\"https:\/\/www.solecomunicaciones.com.ar\/assets\/files\/Posadas-ARQ-31.01.2023.pdf\" target=\"_blank\">clic aqu\u00ed<\/a><\/p>\n\n\n\n<div class=\"wp-block-image\"><figure class=\"aligncenter size-large is-resized\"><img loading=\"lazy\" src=\"https:\/\/www.solecomunicaciones.com.ar\/publicaciones\/wp-content\/uploads\/2023\/01\/ARQ-clarin-posadas-tapa-731x1024.jpg\" alt=\"Tapa Nota Posadas _ ARQ Clar\u00edn, Sole Comunicaciones\" class=\"wp-image-3084\" width=\"548\" height=\"768\" srcset=\"https:\/\/www.solecomunicaciones.com.ar\/publicaciones\/wp-content\/uploads\/2023\/01\/ARQ-clarin-posadas-tapa-731x1024.jpg 731w, https:\/\/www.solecomunicaciones.com.ar\/publicaciones\/wp-content\/uploads\/2023\/01\/ARQ-clarin-posadas-tapa-214x300.jpg 214w, https:\/\/www.solecomunicaciones.com.ar\/publicaciones\/wp-content\/uploads\/2023\/01\/ARQ-clarin-posadas-tapa-768x1076.jpg 768w, https:\/\/www.solecomunicaciones.com.ar\/publicaciones\/wp-content\/uploads\/2023\/01\/ARQ-clarin-posadas-tapa-1096x1536.jpg 1096w, https:\/\/www.solecomunicaciones.com.ar\/publicaciones\/wp-content\/uploads\/2023\/01\/ARQ-clarin-posadas-tapa.jpg 1200w\" sizes=\"(max-width: 548px) 100vw, 548px\" \/><\/figure><\/div>\n","protected":false},"excerpt":{"rendered":"<p>El Plan Estrat\u00e9gico 2025 para la capital misionera. Los sorprendentes proyectos para el Parque de la Ciudad, Costa Sur, el Parque Lineal Haemb\u00e9 Guaz\u00fa y el Jard\u00edn Bot\u00e1nico, entre otros.<\/p>\n","protected":false},"author":3,"featured_media":3084,"comment_status":"open","ping_status":"open","sticky":false,"template":"","format":"standard","meta":[],"categories":[7],"tags":[13,90,86,88,87,89],"yoast_head":"<!-- This site is optimized with the Yoast SEO plugin v14.9 - https:\/\/yoast.com\/wordpress\/plugins\/seo\/ -->\n<title>Posadas, la m\u00e1s verde. - Sole Comunicaciones<\/title>\n<meta name=\"robots\" content=\"index, follow, max-snippet:-1, max-image-preview:large, max-video-preview:-1\" \/>\n<link rel=\"canonical\" href=\"https:\/\/www.solecomunicaciones.com.ar\/publicaciones\/posadas-la-mas-verde\/\" \/>\n<meta property=\"og:locale\" content=\"es_ES\" \/>\n<meta property=\"og:type\" content=\"article\" \/>\n<meta property=\"og:title\" content=\"Posadas, la m\u00e1s verde. - Sole Comunicaciones\" \/>\n<meta property=\"og:description\" content=\"El Plan Estrat\u00e9gico 2025 para la capital misionera. Los sorprendentes proyectos para el Parque de la Ciudad, Costa Sur, el Parque Lineal Haemb\u00e9 Guaz\u00fa y el Jard\u00edn Bot\u00e1nico, entre otros.\" \/>\n<meta property=\"og:url\" content=\"https:\/\/www.solecomunicaciones.com.ar\/publicaciones\/posadas-la-mas-verde\/\" \/>\n<meta property=\"og:site_name\" content=\"Sole Comunicaciones\" \/>\n<meta property=\"article:published_time\" content=\"2023-01-31T14:19:11+00:00\" \/>\n<meta property=\"article:modified_time\" content=\"2023-04-04T14:22:31+00:00\" \/>\n<meta property=\"og:image\" content=\"https:\/\/www.solecomunicaciones.com.ar\/publicaciones\/wp-content\/uploads\/2023\/01\/ARQ-clarin-posadas-tapa.jpg\" \/>\n\t<meta property=\"og:image:width\" content=\"1200\" \/>\n\t<meta property=\"og:image:height\" content=\"1681\" \/>\n<meta name=\"twitter:card\" content=\"summary_large_image\" \/>\n<script type=\"application\/ld+json\" class=\"yoast-schema-graph\">{\"@context\":\"https:\/\/schema.org\",\"@graph\":[{\"@type\":\"WebSite\",\"@id\":\"https:\/\/www.solecomunicaciones.com.ar\/publicaciones\/#website\",\"url\":\"https:\/\/www.solecomunicaciones.com.ar\/publicaciones\/\",\"name\":\"Sole Comunicaciones\",\"description\":\"Publicaciones \",\"potentialAction\":[{\"@type\":\"SearchAction\",\"target\":\"https:\/\/www.solecomunicaciones.com.ar\/publicaciones\/?s={search_term_string}\",\"query-input\":\"required name=search_term_string\"}],\"inLanguage\":\"es\"},{\"@type\":\"ImageObject\",\"@id\":\"https:\/\/www.solecomunicaciones.com.ar\/publicaciones\/posadas-la-mas-verde\/#primaryimage\",\"inLanguage\":\"es\",\"url\":\"https:\/\/www.solecomunicaciones.com.ar\/publicaciones\/wp-content\/uploads\/2023\/01\/ARQ-clarin-posadas-tapa.jpg\",\"width\":1200,\"height\":1681,\"caption\":\"ARQ Tapa, Posadas, Sole Comunicaciones\"},{\"@type\":\"WebPage\",\"@id\":\"https:\/\/www.solecomunicaciones.com.ar\/publicaciones\/posadas-la-mas-verde\/#webpage\",\"url\":\"https:\/\/www.solecomunicaciones.com.ar\/publicaciones\/posadas-la-mas-verde\/\",\"name\":\"Posadas, la m\\u00e1s verde. - Sole Comunicaciones\",\"isPartOf\":{\"@id\":\"https:\/\/www.solecomunicaciones.com.ar\/publicaciones\/#website\"},\"primaryImageOfPage\":{\"@id\":\"https:\/\/www.solecomunicaciones.com.ar\/publicaciones\/posadas-la-mas-verde\/#primaryimage\"},\"datePublished\":\"2023-01-31T14:19:11+00:00\",\"dateModified\":\"2023-04-04T14:22:31+00:00\",\"author\":{\"@id\":\"https:\/\/www.solecomunicaciones.com.ar\/publicaciones\/#\/schema\/person\/b45b185f5220ba58461a1bb6d6e58e7e\"},\"inLanguage\":\"es\",\"potentialAction\":[{\"@type\":\"ReadAction\",\"target\":[\"https:\/\/www.solecomunicaciones.com.ar\/publicaciones\/posadas-la-mas-verde\/\"]}]},{\"@type\":\"Person\",\"@id\":\"https:\/\/www.solecomunicaciones.com.ar\/publicaciones\/#\/schema\/person\/b45b185f5220ba58461a1bb6d6e58e7e\",\"name\":\"Sole Comunicaciones\",\"image\":{\"@type\":\"ImageObject\",\"@id\":\"https:\/\/www.solecomunicaciones.com.ar\/publicaciones\/#personlogo\",\"inLanguage\":\"es\",\"url\":\"https:\/\/secure.gravatar.com\/avatar\/67f9e898f648f27b460d678e8bd865bc?s=96&d=mm&r=g\",\"caption\":\"Sole Comunicaciones\"}}]}<\/script>\n<!-- \/ Yoast SEO plugin. -->","_links":{"self":[{"href":"https:\/\/www.solecomunicaciones.com.ar\/publicaciones\/wp-json\/wp\/v2\/posts\/3083"}],"collection":[{"href":"https:\/\/www.solecomunicaciones.com.ar\/publicaciones\/wp-json\/wp\/v2\/posts"}],"about":[{"href":"https:\/\/www.solecomunicaciones.com.ar\/publicaciones\/wp-json\/wp\/v2\/types\/post"}],"author":[{"embeddable":true,"href":"https:\/\/www.solecomunicaciones.com.ar\/publicaciones\/wp-json\/wp\/v2\/users\/3"}],"replies":[{"embeddable":true,"href":"https:\/\/www.solecomunicaciones.com.ar\/publicaciones\/wp-json\/wp\/v2\/comments?post=3083"}],"version-history":[{"count":2,"href":"https:\/\/www.solecomunicaciones.com.ar\/publicaciones\/wp-json\/wp\/v2\/posts\/3083\/revisions"}],"predecessor-version":[{"id":3095,"href":"https:\/\/www.solecomunicaciones.com.ar\/publicaciones\/wp-json\/wp\/v2\/posts\/3083\/revisions\/3095"}],"wp:featuredmedia":[{"embeddable":true,"href":"https:\/\/www.solecomunicaciones.com.ar\/publicaciones\/wp-json\/wp\/v2\/media\/3084"}],"wp:attachment":[{"href":"https:\/\/www.solecomunicaciones.com.ar\/publicaciones\/wp-json\/wp\/v2\/media?parent=3083"}],"wp:term":[{"taxonomy":"category","embeddable":true,"href":"https:\/\/www.solecomunicaciones.com.ar\/publicaciones\/wp-json\/wp\/v2\/categories?post=3083"},{"taxonomy":"post_tag","embeddable":true,"href":"https:\/\/www.solecomunicaciones.com.ar\/publicaciones\/wp-json\/wp\/v2\/tags?post=3083"}],"curies":[{"name":"wp","href":"https:\/\/api.w.org\/{rel}","templated":true}]}}