{"id":2693,"date":"2020-02-18T15:35:52","date_gmt":"2020-02-18T18:35:52","guid":{"rendered":"https:\/\/www.solecomunicaciones.com.ar\/publicaciones\/?p=2693"},"modified":"2020-11-03T18:46:12","modified_gmt":"2020-11-03T21:46:12","slug":"obring-arquitectura-arq-clarin-18-02-2020","status":"publish","type":"post","link":"https:\/\/www.solecomunicaciones.com.ar\/publicaciones\/obring-arquitectura-arq-clarin-18-02-2020\/","title":{"rendered":"HORMIG\u00d3N Y PLANTAS BAJAS LIBRES QUE HACEN LA DIFERENCIA"},"content":{"rendered":"\n<h3>Obring. Los emprendimientos de la desarrolladora rosarina se destacan por su relaci\u00f3n abierta con la ciudad a trav\u00e9s de plazas y \u00e1reas p\u00fablicas en el nivel cero.<\/h3>\n\n\n\n<figure class=\"wp-block-image\"><img loading=\"lazy\" width=\"744\" height=\"1024\" src=\"https:\/\/www.solecomunicaciones.com.ar\/publicaciones\/wp-content\/uploads\/2020\/02\/obring-arq-clarin-sole-comunicaciones-pagina22-744x1024.jpg\" alt=\"Nota Obring Arq Clar\u00edn p\u00e1gina 22\" class=\"wp-image-2695\" srcset=\"https:\/\/www.solecomunicaciones.com.ar\/publicaciones\/wp-content\/uploads\/2020\/02\/obring-arq-clarin-sole-comunicaciones-pagina22-744x1024.jpg 744w, https:\/\/www.solecomunicaciones.com.ar\/publicaciones\/wp-content\/uploads\/2020\/02\/obring-arq-clarin-sole-comunicaciones-pagina22-218x300.jpg 218w, https:\/\/www.solecomunicaciones.com.ar\/publicaciones\/wp-content\/uploads\/2020\/02\/obring-arq-clarin-sole-comunicaciones-pagina22-768x1058.jpg 768w, https:\/\/www.solecomunicaciones.com.ar\/publicaciones\/wp-content\/uploads\/2020\/02\/obring-arq-clarin-sole-comunicaciones-pagina22.jpg 1000w\" sizes=\"(max-width: 744px) 100vw, 744px\" \/><\/figure>\n\n\n\n<p class=\"justificar-texto\">Con 15 a\u00f1os de trayectoria, Obring Arquitectura se ha especializado en el proyecto, construcci\u00f3n y comercializaci\u00f3n de viviendas y edificios en la ciudad de Rosario. A simple vista, los desarrollos tienen en com\u00fan el uso del hormig\u00f3n como material predominante, con diferentes b\u00fasquedas expresivas. Sin embargo, el car\u00e1cter distintivo de los proyectos de Obring es su apertura hacia el entorno.<\/p>\n\n\n\n<p class=\"justificar-texto\">\u201cNuestra b\u00fasqueda principal es abrir en todo sentido el edificio. Desde lo urbano, con plantas bajas accesibles desde la ciudad. Tambi\u00e9n en las unidades, priorizando la continuidad entre el interior y el exterior\u201d, sintetiza el arquitecto Pablo Gagliardo, al frente de la empresa.<\/p>\n\n\n\n<p class=\"justificar-texto\">En efecto, todos los edificios desarrollados, incluso en los lotes entre medianeras, tienen en la planta baja una plaza, un retiro, alg\u00fan tipo de espacio que desdibuja el l\u00edmite entre lo p\u00fablico y lo privado. \u201cLa idea es darle una placita al barrio y quienes viven en el edificio sienten que viven sobre una plaza\u201d, explica.<\/p>\n\n\n\n<p class=\"justificar-texto\">Tambi\u00e9n en la morfolog\u00eda de los edificios se advierte una intenci\u00f3n de completamiento urbano. Las semitorres son habituales en los desarrollos de Obring.&nbsp;<\/p>\n\n\n\n<figure class=\"wp-block-image\"><img loading=\"lazy\" width=\"700\" height=\"965\" src=\"https:\/\/www.solecomunicaciones.com.ar\/publicaciones\/wp-content\/uploads\/2020\/02\/obring-arq-clarin-sole-comunicaciones-pagina24.jpg\" alt=\"Nota Obring Arq Clar\u00edn p\u00e1gina 24\" class=\"wp-image-2697\" srcset=\"https:\/\/www.solecomunicaciones.com.ar\/publicaciones\/wp-content\/uploads\/2020\/02\/obring-arq-clarin-sole-comunicaciones-pagina24.jpg 700w, https:\/\/www.solecomunicaciones.com.ar\/publicaciones\/wp-content\/uploads\/2020\/02\/obring-arq-clarin-sole-comunicaciones-pagina24-218x300.jpg 218w\" sizes=\"(max-width: 700px) 100vw, 700px\" \/><\/figure>\n\n\n\n<p class=\"justificar-texto\">Pueyrred\u00f3n 1101, ya terminado, y R\u00edo Arriba (en obra) son ejemplos de estos conceptos. Sin embargo, en Costav\u00eda la propuesta es m\u00e1s integral. \u201cLas tres torres ocupan casi media manzana, cuya planta baja estar\u00e1 totalmente abierta, con una plaza y usos comerciales\u201d, describe Gagliardo. Para liberar el cero, los amenities de las torres est\u00e1n en el remate y las cocheras en subsuelo.<\/p>\n\n\n\n<p class=\"justificar-texto\">Esa plaza p\u00fablica a cielo abierto tiene canteros, equipamiento urbano, comercios y calles compartidas por peatones, bicicletas y el paso circunstancial de motos y autom\u00f3viles (emergencias, deliveries, taxis). Se prioriz\u00f3 la circulaci\u00f3n peatonal y las interrelaciones sociales en el espacio p\u00fablico. \u201cSe trata de un nuevo espacio social para la ciudad, complementando la vida del barrio. Toda esta multiplicidad de usos y la confluencia de personas en diferentes horarios y con perfiles distintos, brinda adem\u00e1s seguridad al entorno mediato e inmediato, posibilitando la voluntad de mantenerlo abierto\u201d, acota el proyectista.<\/p>\n\n\n\n<p class=\"justificar-texto\">Costav\u00eda es un desarrollo de Obring y Rosental. Est\u00e1 emplazado en la esquina de Av. Rivadavia y Rodr\u00edguez, en un predio de m\u00e1s de 4.000 m2 ubicado en el borde del tejido urbano de Rosario, frente al parque y al r\u00edo Paran\u00e1. Es la primera obra del \u00e1rea que surge de un convenio urban\u00edstico para la construcci\u00f3n de torres en el frente costero de Pichincha. El complejo de usos mixtos combina viviendas y oficinas con comercios y servicios.<\/p>\n\n\n\n<p class=\"justificar-texto\">Dos de las torres, de 25 pisos y frentistas a la avenida, est\u00e1n compuestas por departamentos de dos, tres y cuatro dormitorios. Una tercera torre, sobre la calle Rodr\u00edguez, se compone de lofts y departamentos de un dormitorio; m\u00e1s un bloque bajo de oficinas y locales comerciales, de cuatro pisos de altura, articulando con la altura de Pichincha.&nbsp;<\/p>\n\n\n\n<figure class=\"wp-block-image\"><img loading=\"lazy\" width=\"700\" height=\"968\" src=\"https:\/\/www.solecomunicaciones.com.ar\/publicaciones\/wp-content\/uploads\/2020\/02\/obring-arq-clarin-sole-comunicaciones-pagina25.jpg\" alt=\"Nota Obring Arq Clar\u00edn p\u00e1gina 25\" class=\"wp-image-2694\" srcset=\"https:\/\/www.solecomunicaciones.com.ar\/publicaciones\/wp-content\/uploads\/2020\/02\/obring-arq-clarin-sole-comunicaciones-pagina25.jpg 700w, https:\/\/www.solecomunicaciones.com.ar\/publicaciones\/wp-content\/uploads\/2020\/02\/obring-arq-clarin-sole-comunicaciones-pagina25-217x300.jpg 217w\" sizes=\"(max-width: 700px) 100vw, 700px\" \/><\/figure>\n\n\n\n<p class=\"justificar-texto\">Todos los departamentos cuentan con terrazas de uso exclusivo de generosas dimensiones y canteros laterales con plantas, lo que genera un marco verde a toda la obra. Adem\u00e1s, tienen un dise\u00f1o moderno donde \u201cse prioriza la flexibilidad de los espacios y la continuidad visual y espacial interior exterior, mediante la ausencia de elementos estructurales y grandes pa\u00f1os vidriados de piso a techo\u201d, explica Gagliardo.<\/p>\n\n\n\n<p class=\"justificar-texto\">Solo dos materiales se emplean para la totalidad del conjunto: hormig\u00f3n a la vista y vidrio. Se propone un nuevo concepto de vida, una manera de vivir en constante relaci\u00f3n con el exterior aprovechando las permanentes vistas del r\u00edo e islas a trav\u00e9s de las superficies vidriadas en todo el per\u00edmetro de las torres. Tambi\u00e9n aportan a esta valoraci\u00f3n del entorno, el tratamiento de las envolventes, especialmente las que dan al Este y Oeste, con mallas met\u00e1licas y enredaderas que nacen en canteros piso a piso y alimentan un gran muro verde que controla el ingreso de sol a las unidades.<\/p>\n\n\n\n<p class=\"justificar-texto\">El mismo concepto se traslada desde la planta baja, con su parquizado y forestaci\u00f3n, a todo el desarrollo en altura de las torres, culminando en los pisos superiores. All\u00ed, las terrazas verdes ocupan una superficie mayoritaria con abundante vegetaci\u00f3n, arbustos y \u00e1rboles.<\/p>\n\n\n\n<p class=\"justificar-texto\">En el remate de cada torre se plantea un gran abanico de amenities, sectores de uso com\u00fan para los residentes: piscinas in-out, solarium, spa, gimnasio, salones de usos m\u00faltiples, cocinas con parrilleros y terrazas parquizadas con las mejores vistas panor\u00e1micas a la ciudad y al r\u00edo.<\/p>\n\n\n\n<h2><strong>Edificio R\u00edo Arriba<\/strong><\/h2>\n\n\n\n<p class=\"justificar-texto\">Gagliardo pens\u00f3 este proyecto como una alternativa para un grupo familiar que anhela vivir en el contexto de una casa, con una ubicaci\u00f3n privilegiada en la zona Norte de Rosario: frente al Paran\u00e1 y a pocos metros del Parque Alem. Las 20 plantas tienen amplias terrazas en altura que son verdaderos miradores hacia el r\u00edo.<\/p>\n\n\n\n<figure class=\"wp-block-image\"><img loading=\"lazy\" width=\"700\" height=\"960\" src=\"https:\/\/www.solecomunicaciones.com.ar\/publicaciones\/wp-content\/uploads\/2020\/02\/obring-arq-clarin-sole-comunicaciones-pagina23.jpg\" alt=\"Nota Obring Arq Clar\u00edn p\u00e1gina 23\" class=\"wp-image-2696\" srcset=\"https:\/\/www.solecomunicaciones.com.ar\/publicaciones\/wp-content\/uploads\/2020\/02\/obring-arq-clarin-sole-comunicaciones-pagina23.jpg 700w, https:\/\/www.solecomunicaciones.com.ar\/publicaciones\/wp-content\/uploads\/2020\/02\/obring-arq-clarin-sole-comunicaciones-pagina23-219x300.jpg 219w\" sizes=\"(max-width: 700px) 100vw, 700px\" \/><\/figure>\n\n\n\n<p class=\"justificar-texto\">Los semipisos tienen tres dormitorios y tres ba\u00f1os, con una superficie de entre 121 y 160 m2. El espacio central es un amplio living-comedor con cocina integrada dispuesto en forma paralela al r\u00edo, con un frente vidriado de casi 10 metros de largo.<\/p>\n\n\n\n<p class=\"justificar-texto\">La terraza con vista franca al r\u00edo distingue al edificio. No se trata de un balc\u00f3n sino de otro ambiente igualmente importante del departamento, que cuenta con una cocina exterior e incluye un cantero con c\u00e9sped natural y riego autom\u00e1tico.<\/p>\n\n\n\n<p class=\"justificar-texto\">Estas amplias terrazas en altura, que bien pueden funcionar como el patio de una casa, son verdaderos miradores que permiten disfrutar sin obst\u00e1culos del Parque Alem, el Puente Rosario-Victoria y el inabarcable paisaje del Paran\u00e1. Eso en una zona de la ribera donde no hay barranca, sino costa baja y playa, lo que brinda una perspectiva abierta. La l\u00ednea del horizonte contin\u00faa de alguna manera en los anchos balcones con vista a la ciudad que poseen los dormitorios, generando una multiplicidad de vistas y ventilaci\u00f3n cruzada.&nbsp;<\/p>\n\n\n\n<p class=\"justificar-texto\">La fachada de hormig\u00f3n a la vista y vidrio permite una continuidad visual desde el interior hacia el exterior, generando la sensaci\u00f3n de ausencia de l\u00edmites. A su vez, los canteros que forman parte de las terrazas de todas las unidades generan en la fachada un jard\u00edn vertical que cubrir\u00e1 la totalidad del frente, funcionando como filtro t\u00e9rmico.&nbsp;<\/p>\n\n\n\n<figure class=\"wp-block-image\"><img loading=\"lazy\" width=\"700\" height=\"965\" src=\"https:\/\/www.solecomunicaciones.com.ar\/publicaciones\/wp-content\/uploads\/2020\/02\/obring-arq-clarin-sole-comunicaciones-pagina24.jpg\" alt=\"Nota Obring Arq Clar\u00edn p\u00e1gina 24\" class=\"wp-image-2697\" srcset=\"https:\/\/www.solecomunicaciones.com.ar\/publicaciones\/wp-content\/uploads\/2020\/02\/obring-arq-clarin-sole-comunicaciones-pagina24.jpg 700w, https:\/\/www.solecomunicaciones.com.ar\/publicaciones\/wp-content\/uploads\/2020\/02\/obring-arq-clarin-sole-comunicaciones-pagina24-218x300.jpg 218w\" sizes=\"(max-width: 700px) 100vw, 700px\" \/><\/figure>\n\n\n\n<p class=\"justificar-texto\">La propuesta contempla espacios para cocheras, sum, parrillero, piscina, sol\u00e1rium y 500 m2 de espacios verdes. Siguiendo con el concepto de transparencia y continuidad que ofrece el esquema arquitect\u00f3nico, la obra en construcci\u00f3n posee un cerco totalmente transparente que permite apreciar el proceso constructivo desde los cimientos.<br><\/p>\n\n\n\n<h2><strong>Pueyrred\u00f3n 1101<\/strong><\/h2>\n\n\n\n<p class=\"justificar-texto\">Es un edificio residencial que ofrece un entorno ideal para j\u00f3venes y estudiantes. Est\u00e1 ubicado en la intersecci\u00f3n de dos calles arboladas, muy transitadas, a pocos metros de las principales avenidas y centros universitarios de la ciudad de Rosario.<\/p>\n\n\n\n<p class=\"justificar-texto\">El peque\u00f1o terreno en esquina, donde las reglamentaciones municipales permiten la ocupaci\u00f3n total, posee orientaci\u00f3n norte-oeste, y todos los locales se ventilan hacia ambos frentes.<\/p>\n\n\n\n<figure class=\"wp-block-image\"><img loading=\"lazy\" width=\"700\" height=\"968\" src=\"https:\/\/www.solecomunicaciones.com.ar\/publicaciones\/wp-content\/uploads\/2020\/02\/obring-arq-clarin-sole-comunicaciones-pagina26.jpg\" alt=\"Nota Obring Arq Clar\u00edn p\u00e1gina 26\" class=\"wp-image-2698\" srcset=\"https:\/\/www.solecomunicaciones.com.ar\/publicaciones\/wp-content\/uploads\/2020\/02\/obring-arq-clarin-sole-comunicaciones-pagina26.jpg 700w, https:\/\/www.solecomunicaciones.com.ar\/publicaciones\/wp-content\/uploads\/2020\/02\/obring-arq-clarin-sole-comunicaciones-pagina26-217x300.jpg 217w\" sizes=\"(max-width: 700px) 100vw, 700px\" \/><\/figure>\n\n\n\n<p class=\"justificar-texto\">Su compleja estructura de hormig\u00f3n visto con tablas evita la tradicional columna de esquina y permite un juego de vac\u00edos y llenos, generando dobles alturas y visuales cruzadas que, adem\u00e1s de permitir grandes balcones arbolados en doble altura, privilegian la calidad e iluminaci\u00f3n natural de los ambientes interiores.<\/p>\n\n\n\n<p class=\"justificar-texto\">El ingreso en doble altura se proyecta como una continuaci\u00f3n de la vereda, con abundante vegetaci\u00f3n y un bicicletero para los residentes. De este modo, el acceso se convierte en una gran plaza interior, favoreciendo la vida en contacto con la naturaleza. Este espacio, que a modo de fuelle vincula la vida p\u00fablica y privada, otorga permeabilidad y conectividad urbana, a trav\u00e9s de su recorrido y continuidad espacial y visual.<\/p>\n\n\n\n<p class=\"justificar-texto\">La obra alterna tres tipolog\u00edas diferentes por piso, donde la principal&nbsp; premisa es la espacialidad. Los n\u00facleos h\u00famedos conforman una pieza com\u00fan encastrada en el sector central de la planta a modo de liberar el espacio de uso, posibilitando la flexibilidad para los distintos usos permitidos, como vivir o trabajar.<\/p>\n\n\n\n<p class=\"justificar-texto\">El dise\u00f1o de las unidades es despojado y neto, y posee el valor agregado en el balc\u00f3n, planteado como un ambiente continuo en relaci\u00f3n con el interior. En el remate hay dos niveles con terraza y piscina propia, que&nbsp; aprovechan las impactantes vistas panor\u00e1micas de la ciudad.<\/p>\n\n\n\n<hr class=\"wp-block-separator is-style-wide\"\/>\n\n\n\n<p><strong>Diario:<\/strong>&nbsp;ARQ Clar\u00edn<br><strong>Fecha de publicaci\u00f3n:&nbsp;&nbsp;<\/strong>18 de Febrero de 2020.<\/p>\n\n\n\n<p>Para ver la nota en tama\u00f1o superior o descargarla en PDF haga\u00a0<a href=\"https:\/\/solecomunicaciones.com.ar\/assets\/files\/OBRING-ARQ-CLARIN-SOLE-COMUNICACIONES-18.02.20.pdf\" target=\"_blank\" rel=\"noreferrer noopener\">click aqu\u00ed.<\/a><\/p>\n\n\n\n<p><strong>TODAS LAS P\u00c1GINAS<\/strong><\/p>\n\n\n\n<figure class=\"wp-block-gallery columns-3 is-cropped\"><ul class=\"blocks-gallery-grid\"><li class=\"blocks-gallery-item\"><figure><img loading=\"lazy\" width=\"744\" height=\"1024\" src=\"https:\/\/www.solecomunicaciones.com.ar\/publicaciones\/wp-content\/uploads\/2020\/02\/obring-arq-clarin-sole-comunicaciones-pagina22-744x1024.jpg\" alt=\"Nota Obring Arq Clar\u00edn p\u00e1gina 22\" data-id=\"2695\" data-link=\"https:\/\/www.solecomunicaciones.com.ar\/publicaciones\/?attachment_id=2695\" class=\"wp-image-2695\" srcset=\"https:\/\/www.solecomunicaciones.com.ar\/publicaciones\/wp-content\/uploads\/2020\/02\/obring-arq-clarin-sole-comunicaciones-pagina22-744x1024.jpg 744w, https:\/\/www.solecomunicaciones.com.ar\/publicaciones\/wp-content\/uploads\/2020\/02\/obring-arq-clarin-sole-comunicaciones-pagina22-218x300.jpg 218w, https:\/\/www.solecomunicaciones.com.ar\/publicaciones\/wp-content\/uploads\/2020\/02\/obring-arq-clarin-sole-comunicaciones-pagina22-768x1058.jpg 768w, https:\/\/www.solecomunicaciones.com.ar\/publicaciones\/wp-content\/uploads\/2020\/02\/obring-arq-clarin-sole-comunicaciones-pagina22.jpg 1000w\" sizes=\"(max-width: 744px) 100vw, 744px\" \/><\/figure><\/li><li class=\"blocks-gallery-item\"><figure><img loading=\"lazy\" width=\"700\" height=\"960\" src=\"https:\/\/www.solecomunicaciones.com.ar\/publicaciones\/wp-content\/uploads\/2020\/02\/obring-arq-clarin-sole-comunicaciones-pagina23.jpg\" alt=\"Nota Obring Arq Clar\u00edn p\u00e1gina 23\" data-id=\"2696\" data-link=\"https:\/\/www.solecomunicaciones.com.ar\/publicaciones\/?attachment_id=2696\" class=\"wp-image-2696\" srcset=\"https:\/\/www.solecomunicaciones.com.ar\/publicaciones\/wp-content\/uploads\/2020\/02\/obring-arq-clarin-sole-comunicaciones-pagina23.jpg 700w, https:\/\/www.solecomunicaciones.com.ar\/publicaciones\/wp-content\/uploads\/2020\/02\/obring-arq-clarin-sole-comunicaciones-pagina23-219x300.jpg 219w\" sizes=\"(max-width: 700px) 100vw, 700px\" \/><\/figure><\/li><li class=\"blocks-gallery-item\"><figure><img loading=\"lazy\" width=\"700\" height=\"965\" src=\"https:\/\/www.solecomunicaciones.com.ar\/publicaciones\/wp-content\/uploads\/2020\/02\/obring-arq-clarin-sole-comunicaciones-pagina24.jpg\" alt=\"Nota Obring Arq Clar\u00edn p\u00e1gina 24\" data-id=\"2697\" data-link=\"https:\/\/www.solecomunicaciones.com.ar\/publicaciones\/?attachment_id=2697\" class=\"wp-image-2697\" srcset=\"https:\/\/www.solecomunicaciones.com.ar\/publicaciones\/wp-content\/uploads\/2020\/02\/obring-arq-clarin-sole-comunicaciones-pagina24.jpg 700w, https:\/\/www.solecomunicaciones.com.ar\/publicaciones\/wp-content\/uploads\/2020\/02\/obring-arq-clarin-sole-comunicaciones-pagina24-218x300.jpg 218w\" sizes=\"(max-width: 700px) 100vw, 700px\" \/><\/figure><\/li><li class=\"blocks-gallery-item\"><figure><img loading=\"lazy\" width=\"700\" height=\"968\" src=\"https:\/\/www.solecomunicaciones.com.ar\/publicaciones\/wp-content\/uploads\/2020\/02\/obring-arq-clarin-sole-comunicaciones-pagina25.jpg\" alt=\"Nota Obring Arq Clar\u00edn p\u00e1gina 25\" data-id=\"2694\" data-link=\"https:\/\/www.solecomunicaciones.com.ar\/publicaciones\/?attachment_id=2694\" class=\"wp-image-2694\" srcset=\"https:\/\/www.solecomunicaciones.com.ar\/publicaciones\/wp-content\/uploads\/2020\/02\/obring-arq-clarin-sole-comunicaciones-pagina25.jpg 700w, https:\/\/www.solecomunicaciones.com.ar\/publicaciones\/wp-content\/uploads\/2020\/02\/obring-arq-clarin-sole-comunicaciones-pagina25-217x300.jpg 217w\" sizes=\"(max-width: 700px) 100vw, 700px\" \/><\/figure><\/li><li class=\"blocks-gallery-item\"><figure><img loading=\"lazy\" width=\"700\" height=\"968\" src=\"https:\/\/www.solecomunicaciones.com.ar\/publicaciones\/wp-content\/uploads\/2020\/02\/obring-arq-clarin-sole-comunicaciones-pagina26.jpg\" alt=\"Nota Obring Arq Clar\u00edn p\u00e1gina 26\" data-id=\"2698\" data-link=\"https:\/\/www.solecomunicaciones.com.ar\/publicaciones\/?attachment_id=2698\" class=\"wp-image-2698\" srcset=\"https:\/\/www.solecomunicaciones.com.ar\/publicaciones\/wp-content\/uploads\/2020\/02\/obring-arq-clarin-sole-comunicaciones-pagina26.jpg 700w, https:\/\/www.solecomunicaciones.com.ar\/publicaciones\/wp-content\/uploads\/2020\/02\/obring-arq-clarin-sole-comunicaciones-pagina26-217x300.jpg 217w\" sizes=\"(max-width: 700px) 100vw, 700px\" \/><\/figure><\/li><\/ul><\/figure>\n","protected":false},"excerpt":{"rendered":"<p>Obring. Los emprendimientos de la desarrolladora rosarina se destacan por su relaci\u00f3n abierta con la ciudad a trav\u00e9s de plazas y \u00e1reas p\u00fablicas en el nivel cero.<\/p>\n","protected":false},"author":1,"featured_media":2695,"comment_status":"open","ping_status":"open","sticky":false,"template":"","format":"standard","meta":[],"categories":[7],"tags":[13,57],"yoast_head":"<!-- This site is optimized with the Yoast SEO plugin v14.9 - https:\/\/yoast.com\/wordpress\/plugins\/seo\/ -->\n<title>obring-arquitectura-arq-clarin-18.02.2020<\/title>\n<meta name=\"description\" content=\"Obring Arquitectura. Los emprendimientos de la desarrolladora rosarina se destacan por su relaci\u00f3n abierta con la ciudad a trav\u00e9s de plazas y \u00e1reas p\u00fablicas en el nivel cero.\" \/>\n<meta name=\"robots\" content=\"index, follow, max-snippet:-1, max-image-preview:large, max-video-preview:-1\" \/>\n<link rel=\"canonical\" href=\"https:\/\/www.solecomunicaciones.com.ar\/publicaciones\/obring-arquitectura-arq-clarin-18-02-2020\/\" \/>\n<meta property=\"og:locale\" content=\"es_ES\" \/>\n<meta property=\"og:type\" content=\"article\" \/>\n<meta property=\"og:title\" content=\"HORMIG\u00d3N Y PLANTAS BAJAS LIBRES QUE HACEN LA DIFERENCIA\" \/>\n<meta property=\"og:description\" content=\"Obring. Los emprendimientos de la desarrolladora rosarina se destacan por su relaci\u00f3n abierta con la ciudad a trav\u00e9s de plazas y \u00e1reas p\u00fablicas en el nivel cero.\" \/>\n<meta property=\"og:url\" content=\"https:\/\/www.solecomunicaciones.com.ar\/publicaciones\/obring-arquitectura-arq-clarin-18-02-2020\/\" \/>\n<meta property=\"og:site_name\" content=\"Sole Comunicaciones\" \/>\n<meta property=\"article:published_time\" content=\"2020-02-18T18:35:52+00:00\" \/>\n<meta property=\"article:modified_time\" content=\"2020-11-03T21:46:12+00:00\" \/>\n<meta property=\"og:image\" content=\"https:\/\/www.solecomunicaciones.com.ar\/publicaciones\/wp-content\/uploads\/2020\/02\/obring-arq-clarin-sole-comunicaciones-pagina22.jpg\" \/>\n\t<meta property=\"og:image:width\" content=\"1000\" \/>\n\t<meta property=\"og:image:height\" content=\"1377\" \/>\n<meta name=\"twitter:card\" content=\"summary_large_image\" \/>\n<script type=\"application\/ld+json\" class=\"yoast-schema-graph\">{\"@context\":\"https:\/\/schema.org\",\"@graph\":[{\"@type\":\"WebSite\",\"@id\":\"https:\/\/www.solecomunicaciones.com.ar\/publicaciones\/#website\",\"url\":\"https:\/\/www.solecomunicaciones.com.ar\/publicaciones\/\",\"name\":\"Sole Comunicaciones\",\"description\":\"Publicaciones \",\"potentialAction\":[{\"@type\":\"SearchAction\",\"target\":\"https:\/\/www.solecomunicaciones.com.ar\/publicaciones\/?s={search_term_string}\",\"query-input\":\"required name=search_term_string\"}],\"inLanguage\":\"es\"},{\"@type\":\"ImageObject\",\"@id\":\"https:\/\/www.solecomunicaciones.com.ar\/publicaciones\/obring-arquitectura-arq-clarin-18-02-2020\/#primaryimage\",\"inLanguage\":\"es\",\"url\":\"https:\/\/www.solecomunicaciones.com.ar\/publicaciones\/wp-content\/uploads\/2020\/02\/obring-arq-clarin-sole-comunicaciones-pagina22.jpg\",\"width\":1000,\"height\":1377,\"caption\":\"Nota Obring Arq Clar\\u00edn p\\u00e1gina 22\"},{\"@type\":\"WebPage\",\"@id\":\"https:\/\/www.solecomunicaciones.com.ar\/publicaciones\/obring-arquitectura-arq-clarin-18-02-2020\/#webpage\",\"url\":\"https:\/\/www.solecomunicaciones.com.ar\/publicaciones\/obring-arquitectura-arq-clarin-18-02-2020\/\",\"name\":\"obring-arquitectura-arq-clarin-18.02.2020\",\"isPartOf\":{\"@id\":\"https:\/\/www.solecomunicaciones.com.ar\/publicaciones\/#website\"},\"primaryImageOfPage\":{\"@id\":\"https:\/\/www.solecomunicaciones.com.ar\/publicaciones\/obring-arquitectura-arq-clarin-18-02-2020\/#primaryimage\"},\"datePublished\":\"2020-02-18T18:35:52+00:00\",\"dateModified\":\"2020-11-03T21:46:12+00:00\",\"author\":{\"@id\":\"https:\/\/www.solecomunicaciones.com.ar\/publicaciones\/#\/schema\/person\/34cc02109c051703283321a51075178c\"},\"description\":\"Obring Arquitectura. Los emprendimientos de la desarrolladora rosarina se destacan por su relaci\\u00f3n abierta con la ciudad a trav\\u00e9s de plazas y \\u00e1reas p\\u00fablicas en el nivel cero.\",\"inLanguage\":\"es\",\"potentialAction\":[{\"@type\":\"ReadAction\",\"target\":[\"https:\/\/www.solecomunicaciones.com.ar\/publicaciones\/obring-arquitectura-arq-clarin-18-02-2020\/\"]}]},{\"@type\":\"Person\",\"@id\":\"https:\/\/www.solecomunicaciones.com.ar\/publicaciones\/#\/schema\/person\/34cc02109c051703283321a51075178c\",\"name\":\"Sole C&amp;M\",\"image\":{\"@type\":\"ImageObject\",\"@id\":\"https:\/\/www.solecomunicaciones.com.ar\/publicaciones\/#personlogo\",\"inLanguage\":\"es\",\"url\":\"https:\/\/secure.gravatar.com\/avatar\/98dec144ab5b4969e6b78831b015326b?s=96&d=mm&r=g\",\"caption\":\"Sole C&amp;M\"}}]}<\/script>\n<!-- \/ Yoast SEO plugin. -->","_links":{"self":[{"href":"https:\/\/www.solecomunicaciones.com.ar\/publicaciones\/wp-json\/wp\/v2\/posts\/2693"}],"collection":[{"href":"https:\/\/www.solecomunicaciones.com.ar\/publicaciones\/wp-json\/wp\/v2\/posts"}],"about":[{"href":"https:\/\/www.solecomunicaciones.com.ar\/publicaciones\/wp-json\/wp\/v2\/types\/post"}],"author":[{"embeddable":true,"href":"https:\/\/www.solecomunicaciones.com.ar\/publicaciones\/wp-json\/wp\/v2\/users\/1"}],"replies":[{"embeddable":true,"href":"https:\/\/www.solecomunicaciones.com.ar\/publicaciones\/wp-json\/wp\/v2\/comments?post=2693"}],"version-history":[{"count":4,"href":"https:\/\/www.solecomunicaciones.com.ar\/publicaciones\/wp-json\/wp\/v2\/posts\/2693\/revisions"}],"predecessor-version":[{"id":2801,"href":"https:\/\/www.solecomunicaciones.com.ar\/publicaciones\/wp-json\/wp\/v2\/posts\/2693\/revisions\/2801"}],"wp:featuredmedia":[{"embeddable":true,"href":"https:\/\/www.solecomunicaciones.com.ar\/publicaciones\/wp-json\/wp\/v2\/media\/2695"}],"wp:attachment":[{"href":"https:\/\/www.solecomunicaciones.com.ar\/publicaciones\/wp-json\/wp\/v2\/media?parent=2693"}],"wp:term":[{"taxonomy":"category","embeddable":true,"href":"https:\/\/www.solecomunicaciones.com.ar\/publicaciones\/wp-json\/wp\/v2\/categories?post=2693"},{"taxonomy":"post_tag","embeddable":true,"href":"https:\/\/www.solecomunicaciones.com.ar\/publicaciones\/wp-json\/wp\/v2\/tags?post=2693"}],"curies":[{"name":"wp","href":"https:\/\/api.w.org\/{rel}","templated":true}]}}