{"id":2661,"date":"2019-11-12T09:37:19","date_gmt":"2019-11-12T12:37:19","guid":{"rendered":"https:\/\/www.solecomunicaciones.com.ar\/publicaciones\/?p=2661"},"modified":"2020-11-03T18:46:34","modified_gmt":"2020-11-03T21:46:34","slug":"proyectoc-arq-clarin-2019","status":"publish","type":"post","link":"https:\/\/www.solecomunicaciones.com.ar\/publicaciones\/proyectoc-arq-clarin-2019\/","title":{"rendered":"Proyecto C: Una dupla que se pone a prueba para evolucionar"},"content":{"rendered":"\n<h4 class=\"justificar-texto\">Sebasti\u00e1n Cseh y Juan Cruz Catania son arquitectos de la llamada Generaci\u00f3n Intermedia. Sus primeros pasos fueron con desarrollos propios; ahora su desaf\u00edo es cumplir con los requerimientos de clientes externos.<\/h4>\n\n\n\n<figure class=\"wp-block-image\"><img loading=\"lazy\" width=\"732\" height=\"1024\" src=\"https:\/\/www.solecomunicaciones.com.ar\/publicaciones\/wp-content\/uploads\/2019\/11\/ProyectoC-ARQ-SoleComunicaciones-12.11.19-tapa-732x1024.jpg\" alt=\"Proyecto C, tapa Arq Clarin\" class=\"wp-image-2668\" srcset=\"https:\/\/www.solecomunicaciones.com.ar\/publicaciones\/wp-content\/uploads\/2019\/11\/ProyectoC-ARQ-SoleComunicaciones-12.11.19-tapa-732x1024.jpg 732w, https:\/\/www.solecomunicaciones.com.ar\/publicaciones\/wp-content\/uploads\/2019\/11\/ProyectoC-ARQ-SoleComunicaciones-12.11.19-tapa-214x300.jpg 214w, https:\/\/www.solecomunicaciones.com.ar\/publicaciones\/wp-content\/uploads\/2019\/11\/ProyectoC-ARQ-SoleComunicaciones-12.11.19-tapa-768x1075.jpg 768w, https:\/\/www.solecomunicaciones.com.ar\/publicaciones\/wp-content\/uploads\/2019\/11\/ProyectoC-ARQ-SoleComunicaciones-12.11.19-tapa.jpg 776w\" sizes=\"(max-width: 732px) 100vw, 732px\" \/><\/figure>\n\n\n\n<p>Por In\u00e9s \u00c1lvarez,<\/p>\n\n\n\n<p class=\"justificar-texto\">A poco m\u00e1s de 100 metros de la Quinta de Olivos, sobre la Avenida Maip\u00fa, un terreno de 50 x 80 metros conservar\u00e1 gran parte de su vegetaci\u00f3n original. All\u00ed se implantar\u00e1 un conjunto residencial con fachadas provistas de un sistema de canteros con riego autom\u00e1tico.<\/p>\n\n\n\n<p class=\"justificar-texto\">El complejo es de Proyecto C, de los arquitectos Sebasti\u00e1n Cseh y Juan Cruz Catania, dos profesionales que se conocieron en la facultad, el primero como docente del segundo. A poco de encontrarse se dieron cuenta de que compart\u00edan el gusto por el dise\u00f1o y admiraban a la arquitectura chilena y brasile\u00f1a.<\/p>\n\n\n\n<p class=\"justificar-texto\">En 2005 iniciaron su camino juntos de la manera m\u00e1s cruda: con un desarrollo propio en el Puerto de Olivos. \u201cJusto se dio el cambio de c\u00f3digo y fue uno de los primeros en esa zona. Era la \u00fanica obra que ten\u00eda el estudio, as\u00ed que hicimos el proyecto, la direcci\u00f3n y el desarrollo. Ten\u00edamos un grupo de contadores que actuaron como desarrolladores; pero nosotros estuvimos desde la venta de los departamentos hasta el final\u201d, recuerda Catania.<\/p>\n\n\n\n<figure class=\"wp-block-image\"><img loading=\"lazy\" width=\"752\" height=\"1024\" src=\"https:\/\/www.solecomunicaciones.com.ar\/publicaciones\/wp-content\/uploads\/2019\/11\/ProyectoC-ARQ-SoleComunicaciones-12.11.19-pagina12-752x1024.jpg\" alt=\"Proyecto C, Arq Clarin, pagina 12\" class=\"wp-image-2662\" srcset=\"https:\/\/www.solecomunicaciones.com.ar\/publicaciones\/wp-content\/uploads\/2019\/11\/ProyectoC-ARQ-SoleComunicaciones-12.11.19-pagina12-752x1024.jpg 752w, https:\/\/www.solecomunicaciones.com.ar\/publicaciones\/wp-content\/uploads\/2019\/11\/ProyectoC-ARQ-SoleComunicaciones-12.11.19-pagina12-220x300.jpg 220w, https:\/\/www.solecomunicaciones.com.ar\/publicaciones\/wp-content\/uploads\/2019\/11\/ProyectoC-ARQ-SoleComunicaciones-12.11.19-pagina12-768x1046.jpg 768w, https:\/\/www.solecomunicaciones.com.ar\/publicaciones\/wp-content\/uploads\/2019\/11\/ProyectoC-ARQ-SoleComunicaciones-12.11.19-pagina12.jpg 798w\" sizes=\"(max-width: 752px) 100vw, 752px\" \/><\/figure>\n\n\n\n<p class=\"justificar-texto\">Con este edificio inauguraron una serie de obras residenciales y un proyecto de oficinas en San Telmo. El esp\u00edritu era mantenerse activos y siempre con la misma metodolog\u00eda, emprender negocios por su cuenta y proyectar \u201cdesde la c\u00e9lula, pensando en el usuario\u201d, declara Catania.<\/p>\n\n\n\n<p class=\"justificar-texto\">As\u00ed, los socios pasaron de un edificio de 12 unidades a escalas m\u00e1s grandes, siempre dentro del GBA Norte. All\u00ed tuvieron la oportunidad de dise\u00f1ar obras como Barrio Santa Mar\u00eda (Olivos) y Florida Design (Florida), las que les dieron muchas satisfacciones: \u201cFue llevar a la pr\u00e1ctica esto de nacer de la c\u00e9lula, explorar la semilla\u201d. Catania detalla: \u201cEn Santa Mar\u00eda hay 19 casas apareadas. Cada una de esas \u2018c\u00e9lulas\u2019 llev\u00f3 a un estudio muy minucioso de medios niveles con los que se genera una unidad de 120 m2 que parecen mucho m\u00e1s que eso. Tienen 3 dormitorios que pueden transformarse en 5, con la espacialidad que le dan esos medios niveles\u201d.&nbsp;<\/p>\n\n\n\n<p class=\"justificar-texto\">Florida Design, en tanto, obtuvo una menci\u00f3n del CPAU, porque en una escala media de 12 unidades combina lo colectivo y lo individual. Incluye unidades en d\u00faplex hacia el frente que comienzan en el primer nivel. \u201cComo los PH\u2019s de nuestros abuelos\u201d, describe Catania.<\/p>\n\n\n\n<p class=\"justificar-texto\">Desde su primer trabajo en Olivos hasta los proyectos m\u00e1s actuales, realizados por encargo de otros clientes, Proyecto C lleva adelante un tipo de arquitectura que los hace reconocibles en el mercado. \u201cEl uso de los materiales, la estructura, siempre fueron una inquietud de los dos. Sebasti\u00e1n hizo unos a\u00f1os de ingenier\u00eda con lo cual tiene una \u2018pata m\u00e1s dura\u2019 y m\u00e1s t\u00e9cnica. Y yo hice un colegio t\u00e9cnico tambi\u00e9n&#8230; Sobre todo en las primeras obras, hay un hormig\u00f3n m\u00e1s brutalista que quisimos mostrar tal cual es. Al principio eso signific\u00f3 remarla un poco; cost\u00f3, pero hoy creemos que nuestro dise\u00f1o es un diferencial y sentimos que nos buscan por eso\u201d, concluye Catania.<\/p>\n\n\n\n<h2>\u00c1nima, un conjunto que aprovecha la fuerte pendiente<\/h2>\n\n\n\n<p>Por Proyecto C<\/p>\n\n\n\n<p class=\"justificar-texto\">El complejo se ubica en un terreno at\u00edpico, por sus dimensiones y por la situaci\u00f3n particular de encontrarse en una barranca, sobre la Calle General Arias, entre Uruguay y Ricardo Rojas, en Punta Chica, Partido de San Fernando (GBA Norte).<\/p>\n\n\n\n<figure class=\"wp-block-image\"><img loading=\"lazy\" width=\"746\" height=\"1024\" src=\"https:\/\/www.solecomunicaciones.com.ar\/publicaciones\/wp-content\/uploads\/2019\/11\/ProyectoC-ARQ-SoleComunicaciones-12.11.19-pagina13-746x1024.jpg\" alt=\"Proyecto C, Arq Clarin, pagina 13\" class=\"wp-image-2663\" srcset=\"https:\/\/www.solecomunicaciones.com.ar\/publicaciones\/wp-content\/uploads\/2019\/11\/ProyectoC-ARQ-SoleComunicaciones-12.11.19-pagina13-746x1024.jpg 746w, https:\/\/www.solecomunicaciones.com.ar\/publicaciones\/wp-content\/uploads\/2019\/11\/ProyectoC-ARQ-SoleComunicaciones-12.11.19-pagina13-219x300.jpg 219w, https:\/\/www.solecomunicaciones.com.ar\/publicaciones\/wp-content\/uploads\/2019\/11\/ProyectoC-ARQ-SoleComunicaciones-12.11.19-pagina13-768x1054.jpg 768w, https:\/\/www.solecomunicaciones.com.ar\/publicaciones\/wp-content\/uploads\/2019\/11\/ProyectoC-ARQ-SoleComunicaciones-12.11.19-pagina13.jpg 792w\" sizes=\"(max-width: 746px) 100vw, 746px\" \/><\/figure>\n\n\n\n<p class=\"justificar-texto\">El conjunto se propone generar el menor impacto posible dada la presencia muy fuerte del paisaje que existe en la zona. Por eso la premisa de dise\u00f1o fue la de aterrazar las plantas del edificio para recomponer la propia barranca y no perder esa impronta tan marcada que impone la naturaleza en el lugar.<\/p>\n\n\n\n<p class=\"justificar-texto\">El complejo est\u00e1 formado por dos grupos de unidades, con plantas aterrazadas que recomponen la barranca, superponi\u00e9ndose una sobre otra y desplaz\u00e1ndose hacia atr\u00e1s generando las terrazas jard\u00edn. Con un total de veinte unidades de vivienda y veinticuatro cocheras, estos dos grupos se vinculan mediante una circulaci\u00f3n con un ascensor funicular que, junto con las escaleras, recomponen la propia identidad de la pendiente. La experiencia del usuario al transitar por estas circulaciones imita de alguna forma la vivencia que se podr\u00eda dar en el terreno natural en donde se implanta el conjunto.<\/p>\n\n\n\n<p class=\"justificar-texto\">Las terrazas de las unidades, por sus dimensiones, permiten el uso y aprovechamiento de estos espacios exteriores dentro de una atm\u00f3sfera con la naturaleza como actor principal. Por esto mismo se han planteado canteros en todos los bordes de las propias terrazas, atenuando as\u00ed el impacto edilicio, y realzando, desde la vista peatonal, las aristas horizontales verdes que recomponen la propia barranca. Similar situaci\u00f3n fue la decisi\u00f3n de realizar cubiertas verdes.<\/p>\n\n\n\n<p class=\"justificar-texto\">El esquema de ocupaci\u00f3n se desarrolla&nbsp; en planta baja en el Nivel -0,90 m con 925 m2 destinados a 24 espacios guardacoches, salas de m\u00e1quinas, c\u00e1mara transformadora y dep\u00f3sitos. El 1\u00b0 piso se extiende en 464 m2 destinados a 3 viviendas de 1 dormitorio, 2 viviendas de 2 dormitorios y circulaciones comunes; el 2\u00b0 piso cuenta con 562 m2 destinados a 5 viviendas de 2 dormitorios y circulaciones comunes. El 3\u00b0 piso contin\u00faa en el nivel +7,10m tambi\u00e9n con 562 m2 destinados a 5 viviendas de 2 dormitorios y circulaciones comunes; mientras que, por \u00faltimo, en el 4\u00b0 y 5\u00b0 piso (Niveles +9,90m y +12,70m) con una superficie de 379 m2 y 222 m2 respectivamente, se completa el conjunto con 1 vivienda de 1 dormitorio y 4 viviendas tipo d\u00faplex de 3 dormitorios m\u00e1s circulaciones comunes.<\/p>\n\n\n\n<h2>Domus VL, diversas tipolog\u00edas y muy buenas visuales<\/h2>\n\n\n\n<p>Por Proyecto C<\/p>\n\n\n\n<p class=\"justificar-texto\">En un terreno pasante, con salida a dos calles y con uno de los lados cortos con vista al r\u00edo, el ejercicio proyectual que se plantea es c\u00f3mo lograr que la mayor\u00eda de los departamentos tengan visuales largas y con la mejor orientaci\u00f3n.<\/p>\n\n\n\n<figure class=\"wp-block-image\"><img loading=\"lazy\" width=\"743\" height=\"1024\" src=\"https:\/\/www.solecomunicaciones.com.ar\/publicaciones\/wp-content\/uploads\/2019\/11\/ProyectoC-ARQ-SoleComunicaciones-12.11.19-pagina14-743x1024.jpg\" alt=\"Proyecto C, Arq Clarin, pagina 14\" class=\"wp-image-2664\" srcset=\"https:\/\/www.solecomunicaciones.com.ar\/publicaciones\/wp-content\/uploads\/2019\/11\/ProyectoC-ARQ-SoleComunicaciones-12.11.19-pagina14-743x1024.jpg 743w, https:\/\/www.solecomunicaciones.com.ar\/publicaciones\/wp-content\/uploads\/2019\/11\/ProyectoC-ARQ-SoleComunicaciones-12.11.19-pagina14-218x300.jpg 218w, https:\/\/www.solecomunicaciones.com.ar\/publicaciones\/wp-content\/uploads\/2019\/11\/ProyectoC-ARQ-SoleComunicaciones-12.11.19-pagina14-768x1058.jpg 768w, https:\/\/www.solecomunicaciones.com.ar\/publicaciones\/wp-content\/uploads\/2019\/11\/ProyectoC-ARQ-SoleComunicaciones-12.11.19-pagina14.jpg 789w\" sizes=\"(max-width: 743px) 100vw, 743px\" \/><\/figure>\n\n\n\n<p class=\"justificar-texto\">Con estas premisas, propusimos un edificio de per\u00edmetro semilibre en el que lo \u00fanico que tiene contacto con la medianera sur es el n\u00facleo. Implantado&nbsp; sobre la calle Juan D\u00edaz de Sol\u00eds, pero con el acceso principal sobre Juan Carlos Cruz, el generoso retiro de frente permite generar una plaza de acceso. All\u00ed se ubica un sal\u00f3n&nbsp; de juegos para ni\u00f1os, una parrilla y un gimnasio. Conseguimos as\u00ed separarnos del conjunto de torres vecinas, completar una \u201cU\u201d mirando sus jardines y poder desarrollar todas las tipolog\u00edas con orientaci\u00f3n al Norte.<\/p>\n\n\n\n<p class=\"justificar-texto\">El desarrollo de tipolog\u00edas se da a trav\u00e9s de un m\u00f3dulo estructural de 4.92 m que permite 4 configuraciones. Estas van cambiando seg\u00fan las plantas (1 m\u00f3dulo para monoambientes o d\u00faplex, 1 y \u00bd m\u00f3dulo para unidades de 2 ambientes y 2 m\u00f3dulos para&nbsp; unidades de 3 ambientes). Las puntas quedan para las unidades de 3 ambientes, que se mantienen en todos los pisos. El mismo m\u00f3dulo llega al subsuelo dejando lugar para dos autos entre  columnas. El desnivel entre Cruz y Sol\u00eds se aprovecha para hacer una cubierta verde sobre el subsuelo y darles a las unidades de planta baja una expansi\u00f3n verde.<\/p>\n\n\n\n<p class=\"justificar-texto\">El edificio se expresa en fachada tal cual es, con solo tres materiales: hormig\u00f3n, ladrillo y vidrio. El ladrillo var\u00eda su posici\u00f3n generando un juego de llenos y vac\u00edos que responde a la&nbsp; din\u00e1mica de las plantas. El vidrio completa aventanamientos tipo muro cortina y barandas en balcones. En una segunda l\u00ednea de fachada se desarrollan  las carpinter\u00edas tradicionales de aluminio que permiten la salida a las expansiones. A su vez, la fachada sur resuelve las circulaciones y el acceso.<\/p>\n\n\n\n<h2 class=\"justificar-texto\">Barrio Santa Mar\u00eda, el lugar para hacer vecindad<\/h2>\n\n\n\n<p>Por Proyecto C<\/p>\n\n\n\n<p class=\"justificar-texto\">En un terreno de grandes dimensiones respecto al com\u00fan de la zona, con salida a dos calles y aprovechando los premios por la erradicaci\u00f3n de la f\u00e1brica&nbsp; preexistente, Barrio Santa Mar\u00eda se propone crear un paisaje propio de escala dom\u00e9stica. Para ello se  proyecta un sistema de calles peatonales interiores que dan lugar a los accesos de las 19 unidades y promueven&nbsp; el intercambio entre vecinos. Las 22 cocheras y las salas de m\u00e1quinas se ubican en un nivel de subsuelo.<\/p>\n\n\n\n<figure class=\"wp-block-image\"><img loading=\"lazy\" width=\"756\" height=\"1024\" src=\"https:\/\/www.solecomunicaciones.com.ar\/publicaciones\/wp-content\/uploads\/2019\/11\/ProyectoC-ARQ-SoleComunicaciones-12.11.19-pagina15-756x1024.jpg\" alt=\"Proyecto C, Arq Clarin, pagina 15\" class=\"wp-image-2665\" srcset=\"https:\/\/www.solecomunicaciones.com.ar\/publicaciones\/wp-content\/uploads\/2019\/11\/ProyectoC-ARQ-SoleComunicaciones-12.11.19-pagina15-756x1024.jpg 756w, https:\/\/www.solecomunicaciones.com.ar\/publicaciones\/wp-content\/uploads\/2019\/11\/ProyectoC-ARQ-SoleComunicaciones-12.11.19-pagina15-221x300.jpg 221w, https:\/\/www.solecomunicaciones.com.ar\/publicaciones\/wp-content\/uploads\/2019\/11\/ProyectoC-ARQ-SoleComunicaciones-12.11.19-pagina15-768x1041.jpg 768w, https:\/\/www.solecomunicaciones.com.ar\/publicaciones\/wp-content\/uploads\/2019\/11\/ProyectoC-ARQ-SoleComunicaciones-12.11.19-pagina15.jpg 802w\" sizes=\"(max-width: 756px) 100vw, 756px\" \/><\/figure>\n\n\n\n<p class=\"justificar-texto\">Se organiza en cuatro bloques (2&nbsp; sobre la calle Santa Mar\u00eda de Oro y 2 sobre la calle San Lorenzo) articulados por la zona com\u00fan que incluye un sal\u00f3n de usos m\u00faltiples, pileta y solarium. Las 19 casas buscan maximizar los metros c\u00fabicos, trabajando con medios niveles que permiten \u201cminimizar\u201d la circulaci\u00f3n vertical (escaleras en \u201cmedios\u201d tramos).<\/p>\n\n\n\n<p class=\"justificar-texto\">En el nivel 0 y en simple altura se ubica el acceso y la cocina, mientras que el estar-comedor queda en altura y media. Subiendo al nivel +2.80 se&nbsp; encuentra el primer dormitorio con doble acceso, doble ventilaci\u00f3n y doble placard, dando la posibilidad de  dividirlo con un panel corredizo en caso de que se ampl\u00ede la familia.<\/p>\n\n\n\n<p class=\"justificar-texto\">En el nivel +4,20 hay un segundo dormitorio con las mismas caracter\u00edsticas que el anterior y el ba\u00f1o de ni\u00f1os. Llegando al nivel +5,60 se accede a la suite (vestidor y ba\u00f1o principal en ese nivel) lo que deja el dormitorio, escritorio y la expansi\u00f3n en el nivel +7.<\/p>\n\n\n\n<p class=\"justificar-texto\">Todas las casas tienen en el nivel 0 una expansi\u00f3n con parrilla y lavadero. Las frentistas al espacio p\u00fablico cuentan adem\u00e1s con acceso directo desde la calle.<\/p>\n\n\n\n<p class=\"justificar-texto\">El desaf\u00edo arquitect\u00f3nico entre lo individual y lo colectivo se resolvi\u00f3 con un lenguaje neutro: revoque con revestimiento pl\u00e1stico color blanco y ladrillo pintado del mismo color, m\u00e1s aventanamientos verticales. Una planta baja de ladrillo pintado de marr\u00f3n y vol\u00famenes verdes (cocinas) dan identidad a cada casa.<\/p>\n\n\n\n<h2 class=\"justificar-texto\">Casa Beir\u00f3, la vivienda que nace de los patios<\/h2>\n\n\n\n<p>Por Proyecto C<\/p>\n\n\n\n<p class=\"justificar-texto\">En un terreno t\u00edpico de 8.66 m x 38 m el desaf\u00edo que se nos presenta es proyectar una casa con un extenso programa de necesidades en solo dos plantas. El comitente es una pareja con dos hijos grandes (visitantes ocasionales) y uno adolescente.<\/p>\n\n\n\n<figure class=\"wp-block-image\"><img loading=\"lazy\" width=\"739\" height=\"1024\" src=\"https:\/\/www.solecomunicaciones.com.ar\/publicaciones\/wp-content\/uploads\/2019\/11\/ProyectoC-ARQ-SoleComunicaciones-12.11.19-pagina16-739x1024.jpg\" alt=\"Proyecto C, Arq Clarin, pagina 16\" class=\"wp-image-2666\" srcset=\"https:\/\/www.solecomunicaciones.com.ar\/publicaciones\/wp-content\/uploads\/2019\/11\/ProyectoC-ARQ-SoleComunicaciones-12.11.19-pagina16-739x1024.jpg 739w, https:\/\/www.solecomunicaciones.com.ar\/publicaciones\/wp-content\/uploads\/2019\/11\/ProyectoC-ARQ-SoleComunicaciones-12.11.19-pagina16-216x300.jpg 216w, https:\/\/www.solecomunicaciones.com.ar\/publicaciones\/wp-content\/uploads\/2019\/11\/ProyectoC-ARQ-SoleComunicaciones-12.11.19-pagina16-768x1065.jpg 768w, https:\/\/www.solecomunicaciones.com.ar\/publicaciones\/wp-content\/uploads\/2019\/11\/ProyectoC-ARQ-SoleComunicaciones-12.11.19-pagina16.jpg 784w\" sizes=\"(max-width: 739px) 100vw, 739px\" \/><\/figure>\n\n\n\n<p class=\"justificar-texto\">A trav\u00e9s de una sucesi\u00f3n de patios y una estructura de hormig\u00f3n a Ia vista se propone un recorrido con diferentes matices. El acceso peatonal y vehicular se da por una explanada continua que comparte el nivel con el estar comedor.<\/p>\n\n\n\n<p class=\"justificar-texto\">El primer patio aparece como fuelle entre el espacio para autos y el estar. Mediante una p\u00e9rgola de hormig\u00f3n en doble altura permite un ingreso tamizado de luz. El estar\/comedor gana espacialidad en sus extremos mediante una carpinter\u00eda en doble altura y los vac\u00edos que lo conectan con el playroom.<\/p>\n\n\n\n<p class=\"justificar-texto\">El tabique de hormig\u00f3n que recorre la casa (desde Ia vereda hasta la suite principal) es el encargado de ir organizando en planta y en corte los espacios. Divide el lote en una franja de 3.20 m que contiene los locales m\u00e1s chicos a un lado y otra, de 5 m, con los espacios sociales. El segundo patio es el que se encarga de articular la circulaci\u00f3n vertical, el spa (local con sauna, jacuzzi y ducha) y el ba\u00f1o de la suite. Una de sus caras es la medianera revestida en piedra que se mete en los locales adyacentes (toilette, cocina, spa y ba\u00f1o suite). Refuerza esa continuidad la p\u00e9rgola de hormig\u00f3n que entra en el spa para darle luz cenital al espacio.<\/p>\n\n\n\n<p class=\"justificar-texto\">El tercer patio con forma de \u201cL\u201d es la principal expansi\u00f3n de la casa y aprovecha las salidas del estar\/comedor, el comedor diario y el quincho.<\/p>\n\n\n\n<h2 class=\"justificar-texto\">Un lenguaje que atraviesa m\u00e1s de una d\u00e9cada<\/h2>\n\n\n\n<h3 class=\"justificar-texto\">Proyectos del estudio que demuestran su constancia en el modo de expresi\u00f3n, en la elecci\u00f3n de los materiales y en el m\u00e9todo proyectual.<\/h3>\n\n\n\n<figure class=\"wp-block-image\"><img loading=\"lazy\" width=\"748\" height=\"1024\" src=\"https:\/\/www.solecomunicaciones.com.ar\/publicaciones\/wp-content\/uploads\/2019\/11\/ProyectoC-ARQ-SoleComunicaciones-12.11.19-pagina17-748x1024.jpg\" alt=\"Proyecto C, Arq Clarin, pagina 17\" class=\"wp-image-2667\" srcset=\"https:\/\/www.solecomunicaciones.com.ar\/publicaciones\/wp-content\/uploads\/2019\/11\/ProyectoC-ARQ-SoleComunicaciones-12.11.19-pagina17-748x1024.jpg 748w, https:\/\/www.solecomunicaciones.com.ar\/publicaciones\/wp-content\/uploads\/2019\/11\/ProyectoC-ARQ-SoleComunicaciones-12.11.19-pagina17-219x300.jpg 219w, https:\/\/www.solecomunicaciones.com.ar\/publicaciones\/wp-content\/uploads\/2019\/11\/ProyectoC-ARQ-SoleComunicaciones-12.11.19-pagina17-768x1052.jpg 768w, https:\/\/www.solecomunicaciones.com.ar\/publicaciones\/wp-content\/uploads\/2019\/11\/ProyectoC-ARQ-SoleComunicaciones-12.11.19-pagina17.jpg 793w\" sizes=\"(max-width: 748px) 100vw, 748px\" \/><\/figure>\n\n\n\n<p class=\"justificar-texto\">Una obra de Proyecto C puede \u201carrancar en una servilleta\u201d, como explica Catania, verificarse en AutoCad y continuar en una maqueta virtual o tener un comienzo m\u00e1s formal. De todos modos, su forma de proyectar siempre remite a la nobleza de los materiales, a la optimizaci\u00f3n de los espacios, a la iluminaci\u00f3n natural y al respeto por el entorno verde. Con esta impronta desarrollan edificios de distintas escalas, desde viviendas multifamiliares hasta particulares. Proyectos como Florida Design, Enrique Mart\u00ednez y Vicente L\u00f3pez demuestran que a\u00fan en condiciones m\u00e1s bien adversas, Catania y Cseh no abandonan las pr\u00e1cticas con las que construyen su identidad. El edificio Vicente L\u00f3pez, sobre esa calle en Mart\u00ednez, por caso, afirma su voluntad de generar espacialidad, comodidades y visuales \u00fanicas en un lote estrecho e irregular.<\/p>\n\n\n\n<hr class=\"wp-block-separator is-style-wide\"\/>\n\n\n\n<p><strong>Diario:<\/strong>&nbsp;ARQ Clar\u00edn<br><strong>Fecha de publicaci\u00f3n:&nbsp;&nbsp;<\/strong>12 de Noviembre de 2019.<\/p>\n\n\n\n<p>Para ver la nota en tama\u00f1o superior o descargarla en PDF haga\u00a0<a href=\"https:\/\/www.solecomunicaciones.com.ar\/assets\/files\/ProyectoC-ARQ-SoleComunicaciones-12.11.2019.pdf\" target=\"_blank\" rel=\"noreferrer noopener\">click aqu\u00ed.<\/a><\/p>\n\n\n\n<p><strong>TODAS LAS P\u00c1GINAS<\/strong><\/p>\n\n\n\n<figure class=\"wp-block-gallery columns-2 is-cropped\"><ul class=\"blocks-gallery-grid\"><li class=\"blocks-gallery-item\"><figure><img loading=\"lazy\" width=\"732\" height=\"1024\" src=\"https:\/\/www.solecomunicaciones.com.ar\/publicaciones\/wp-content\/uploads\/2019\/11\/ProyectoC-ARQ-SoleComunicaciones-12.11.19-tapa-732x1024.jpg\" alt=\"Proyecto C, tapa Arq Clarin\" data-id=\"2668\" data-link=\"https:\/\/www.solecomunicaciones.com.ar\/publicaciones\/?attachment_id=2668\" class=\"wp-image-2668\" srcset=\"https:\/\/www.solecomunicaciones.com.ar\/publicaciones\/wp-content\/uploads\/2019\/11\/ProyectoC-ARQ-SoleComunicaciones-12.11.19-tapa-732x1024.jpg 732w, https:\/\/www.solecomunicaciones.com.ar\/publicaciones\/wp-content\/uploads\/2019\/11\/ProyectoC-ARQ-SoleComunicaciones-12.11.19-tapa-214x300.jpg 214w, https:\/\/www.solecomunicaciones.com.ar\/publicaciones\/wp-content\/uploads\/2019\/11\/ProyectoC-ARQ-SoleComunicaciones-12.11.19-tapa-768x1075.jpg 768w, https:\/\/www.solecomunicaciones.com.ar\/publicaciones\/wp-content\/uploads\/2019\/11\/ProyectoC-ARQ-SoleComunicaciones-12.11.19-tapa.jpg 776w\" sizes=\"(max-width: 732px) 100vw, 732px\" \/><\/figure><\/li><li class=\"blocks-gallery-item\"><figure><img loading=\"lazy\" width=\"752\" height=\"1024\" src=\"https:\/\/www.solecomunicaciones.com.ar\/publicaciones\/wp-content\/uploads\/2019\/11\/ProyectoC-ARQ-SoleComunicaciones-12.11.19-pagina12-752x1024.jpg\" alt=\"Proyecto C, Arq Clarin, pagina 12\" data-id=\"2662\" data-link=\"https:\/\/www.solecomunicaciones.com.ar\/publicaciones\/?attachment_id=2662\" class=\"wp-image-2662\" srcset=\"https:\/\/www.solecomunicaciones.com.ar\/publicaciones\/wp-content\/uploads\/2019\/11\/ProyectoC-ARQ-SoleComunicaciones-12.11.19-pagina12-752x1024.jpg 752w, https:\/\/www.solecomunicaciones.com.ar\/publicaciones\/wp-content\/uploads\/2019\/11\/ProyectoC-ARQ-SoleComunicaciones-12.11.19-pagina12-220x300.jpg 220w, https:\/\/www.solecomunicaciones.com.ar\/publicaciones\/wp-content\/uploads\/2019\/11\/ProyectoC-ARQ-SoleComunicaciones-12.11.19-pagina12-768x1046.jpg 768w, https:\/\/www.solecomunicaciones.com.ar\/publicaciones\/wp-content\/uploads\/2019\/11\/ProyectoC-ARQ-SoleComunicaciones-12.11.19-pagina12.jpg 798w\" sizes=\"(max-width: 752px) 100vw, 752px\" \/><\/figure><\/li><li class=\"blocks-gallery-item\"><figure><img loading=\"lazy\" width=\"746\" height=\"1024\" src=\"https:\/\/www.solecomunicaciones.com.ar\/publicaciones\/wp-content\/uploads\/2019\/11\/ProyectoC-ARQ-SoleComunicaciones-12.11.19-pagina13-746x1024.jpg\" alt=\"Proyecto C, Arq Clarin, pagina 13\" data-id=\"2663\" data-link=\"https:\/\/www.solecomunicaciones.com.ar\/publicaciones\/?attachment_id=2663\" class=\"wp-image-2663\" srcset=\"https:\/\/www.solecomunicaciones.com.ar\/publicaciones\/wp-content\/uploads\/2019\/11\/ProyectoC-ARQ-SoleComunicaciones-12.11.19-pagina13-746x1024.jpg 746w, https:\/\/www.solecomunicaciones.com.ar\/publicaciones\/wp-content\/uploads\/2019\/11\/ProyectoC-ARQ-SoleComunicaciones-12.11.19-pagina13-219x300.jpg 219w, https:\/\/www.solecomunicaciones.com.ar\/publicaciones\/wp-content\/uploads\/2019\/11\/ProyectoC-ARQ-SoleComunicaciones-12.11.19-pagina13-768x1054.jpg 768w, https:\/\/www.solecomunicaciones.com.ar\/publicaciones\/wp-content\/uploads\/2019\/11\/ProyectoC-ARQ-SoleComunicaciones-12.11.19-pagina13.jpg 792w\" sizes=\"(max-width: 746px) 100vw, 746px\" \/><\/figure><\/li><li class=\"blocks-gallery-item\"><figure><img loading=\"lazy\" width=\"743\" height=\"1024\" src=\"https:\/\/www.solecomunicaciones.com.ar\/publicaciones\/wp-content\/uploads\/2019\/11\/ProyectoC-ARQ-SoleComunicaciones-12.11.19-pagina14-743x1024.jpg\" alt=\"Proyecto C, Arq Clarin, pagina 14\" data-id=\"2664\" data-link=\"https:\/\/www.solecomunicaciones.com.ar\/publicaciones\/?attachment_id=2664\" class=\"wp-image-2664\" srcset=\"https:\/\/www.solecomunicaciones.com.ar\/publicaciones\/wp-content\/uploads\/2019\/11\/ProyectoC-ARQ-SoleComunicaciones-12.11.19-pagina14-743x1024.jpg 743w, https:\/\/www.solecomunicaciones.com.ar\/publicaciones\/wp-content\/uploads\/2019\/11\/ProyectoC-ARQ-SoleComunicaciones-12.11.19-pagina14-218x300.jpg 218w, https:\/\/www.solecomunicaciones.com.ar\/publicaciones\/wp-content\/uploads\/2019\/11\/ProyectoC-ARQ-SoleComunicaciones-12.11.19-pagina14-768x1058.jpg 768w, https:\/\/www.solecomunicaciones.com.ar\/publicaciones\/wp-content\/uploads\/2019\/11\/ProyectoC-ARQ-SoleComunicaciones-12.11.19-pagina14.jpg 789w\" sizes=\"(max-width: 743px) 100vw, 743px\" \/><\/figure><\/li><li class=\"blocks-gallery-item\"><figure><img loading=\"lazy\" width=\"756\" height=\"1024\" src=\"https:\/\/www.solecomunicaciones.com.ar\/publicaciones\/wp-content\/uploads\/2019\/11\/ProyectoC-ARQ-SoleComunicaciones-12.11.19-pagina15-756x1024.jpg\" alt=\"Proyecto C, Arq Clarin, pagina 15\" data-id=\"2665\" data-link=\"https:\/\/www.solecomunicaciones.com.ar\/publicaciones\/?attachment_id=2665\" class=\"wp-image-2665\" srcset=\"https:\/\/www.solecomunicaciones.com.ar\/publicaciones\/wp-content\/uploads\/2019\/11\/ProyectoC-ARQ-SoleComunicaciones-12.11.19-pagina15-756x1024.jpg 756w, https:\/\/www.solecomunicaciones.com.ar\/publicaciones\/wp-content\/uploads\/2019\/11\/ProyectoC-ARQ-SoleComunicaciones-12.11.19-pagina15-221x300.jpg 221w, https:\/\/www.solecomunicaciones.com.ar\/publicaciones\/wp-content\/uploads\/2019\/11\/ProyectoC-ARQ-SoleComunicaciones-12.11.19-pagina15-768x1041.jpg 768w, https:\/\/www.solecomunicaciones.com.ar\/publicaciones\/wp-content\/uploads\/2019\/11\/ProyectoC-ARQ-SoleComunicaciones-12.11.19-pagina15.jpg 802w\" sizes=\"(max-width: 756px) 100vw, 756px\" \/><\/figure><\/li><li class=\"blocks-gallery-item\"><figure><img loading=\"lazy\" width=\"739\" height=\"1024\" src=\"https:\/\/www.solecomunicaciones.com.ar\/publicaciones\/wp-content\/uploads\/2019\/11\/ProyectoC-ARQ-SoleComunicaciones-12.11.19-pagina16-739x1024.jpg\" alt=\"Proyecto C, Arq Clarin, pagina 16\" data-id=\"2666\" data-link=\"https:\/\/www.solecomunicaciones.com.ar\/publicaciones\/?attachment_id=2666\" class=\"wp-image-2666\" srcset=\"https:\/\/www.solecomunicaciones.com.ar\/publicaciones\/wp-content\/uploads\/2019\/11\/ProyectoC-ARQ-SoleComunicaciones-12.11.19-pagina16-739x1024.jpg 739w, https:\/\/www.solecomunicaciones.com.ar\/publicaciones\/wp-content\/uploads\/2019\/11\/ProyectoC-ARQ-SoleComunicaciones-12.11.19-pagina16-216x300.jpg 216w, https:\/\/www.solecomunicaciones.com.ar\/publicaciones\/wp-content\/uploads\/2019\/11\/ProyectoC-ARQ-SoleComunicaciones-12.11.19-pagina16-768x1065.jpg 768w, https:\/\/www.solecomunicaciones.com.ar\/publicaciones\/wp-content\/uploads\/2019\/11\/ProyectoC-ARQ-SoleComunicaciones-12.11.19-pagina16.jpg 784w\" sizes=\"(max-width: 739px) 100vw, 739px\" \/><\/figure><\/li><li class=\"blocks-gallery-item\"><figure><img loading=\"lazy\" width=\"748\" height=\"1024\" src=\"https:\/\/www.solecomunicaciones.com.ar\/publicaciones\/wp-content\/uploads\/2019\/11\/ProyectoC-ARQ-SoleComunicaciones-12.11.19-pagina17-748x1024.jpg\" alt=\"Proyecto C, Arq Clarin, pagina 17\" data-id=\"2667\" data-link=\"https:\/\/www.solecomunicaciones.com.ar\/publicaciones\/?attachment_id=2667\" class=\"wp-image-2667\" srcset=\"https:\/\/www.solecomunicaciones.com.ar\/publicaciones\/wp-content\/uploads\/2019\/11\/ProyectoC-ARQ-SoleComunicaciones-12.11.19-pagina17-748x1024.jpg 748w, https:\/\/www.solecomunicaciones.com.ar\/publicaciones\/wp-content\/uploads\/2019\/11\/ProyectoC-ARQ-SoleComunicaciones-12.11.19-pagina17-219x300.jpg 219w, https:\/\/www.solecomunicaciones.com.ar\/publicaciones\/wp-content\/uploads\/2019\/11\/ProyectoC-ARQ-SoleComunicaciones-12.11.19-pagina17-768x1052.jpg 768w, https:\/\/www.solecomunicaciones.com.ar\/publicaciones\/wp-content\/uploads\/2019\/11\/ProyectoC-ARQ-SoleComunicaciones-12.11.19-pagina17.jpg 793w\" sizes=\"(max-width: 748px) 100vw, 748px\" \/><\/figure><\/li><\/ul><\/figure>\n","protected":false},"excerpt":{"rendered":"<p>Sebasti\u00e1n Cseh y Juan Cruz Catania son arquitectos de la llamada Generaci\u00f3n Intermedia. Sus primeros pasos fueron con desarrollos propios; ahora su desaf\u00edo es cumplir con los requerimientos de clientes externos.<\/p>\n","protected":false},"author":1,"featured_media":2668,"comment_status":"open","ping_status":"open","sticky":false,"template":"","format":"standard","meta":[],"categories":[7],"tags":[12,13,62],"yoast_head":"<!-- This site is optimized with the Yoast SEO plugin v14.9 - https:\/\/yoast.com\/wordpress\/plugins\/seo\/ -->\n<title>Proyecto C: Una dupla que se pone a prueba para evolucionar - Sole Comunicaciones<\/title>\n<meta name=\"description\" content=\"Sebasti\u00e1n Cseh y Juan Cruz Catania son arquitectos de la llamada Generaci\u00f3n Intermedia. Sus primeros pasos fueron con desarrollos propios; ahora su desaf\u00edo es cumplir con los requerimientos de clientes externos. Conoc\u00e9 a Proyecto C\" \/>\n<meta name=\"robots\" content=\"index, follow, max-snippet:-1, max-image-preview:large, max-video-preview:-1\" \/>\n<link rel=\"canonical\" href=\"https:\/\/www.solecomunicaciones.com.ar\/publicaciones\/proyectoc-arq-clarin-2019\/\" \/>\n<meta property=\"og:locale\" content=\"es_ES\" \/>\n<meta property=\"og:type\" content=\"article\" \/>\n<meta property=\"og:title\" content=\"Proyecto C: Una dupla que se pone a prueba para evolucionar\" \/>\n<meta property=\"og:description\" content=\"Sebasti\u00e1n Cseh y Juan Cruz Catania son arquitectos de la llamada Generaci\u00f3n Intermedia. Sus primeros pasos fueron con desarrollos propios; ahora su desaf\u00edo es cumplir con los requerimientos de clientes externos.\" \/>\n<meta property=\"og:url\" content=\"https:\/\/www.solecomunicaciones.com.ar\/publicaciones\/proyectoc-arq-clarin-2019\/\" \/>\n<meta property=\"og:site_name\" content=\"Sole Comunicaciones\" \/>\n<meta property=\"article:published_time\" content=\"2019-11-12T12:37:19+00:00\" \/>\n<meta property=\"article:modified_time\" content=\"2020-11-03T21:46:34+00:00\" \/>\n<meta property=\"og:image\" content=\"https:\/\/www.solecomunicaciones.com.ar\/publicaciones\/wp-content\/uploads\/2019\/11\/ProyectoC-ARQ-SoleComunicaciones-12.11.19-tapa.jpg\" \/>\n\t<meta property=\"og:image:width\" content=\"776\" \/>\n\t<meta property=\"og:image:height\" content=\"1086\" \/>\n<meta name=\"twitter:card\" content=\"summary_large_image\" \/>\n<script type=\"application\/ld+json\" class=\"yoast-schema-graph\">{\"@context\":\"https:\/\/schema.org\",\"@graph\":[{\"@type\":\"WebSite\",\"@id\":\"https:\/\/www.solecomunicaciones.com.ar\/publicaciones\/#website\",\"url\":\"https:\/\/www.solecomunicaciones.com.ar\/publicaciones\/\",\"name\":\"Sole Comunicaciones\",\"description\":\"Publicaciones \",\"potentialAction\":[{\"@type\":\"SearchAction\",\"target\":\"https:\/\/www.solecomunicaciones.com.ar\/publicaciones\/?s={search_term_string}\",\"query-input\":\"required name=search_term_string\"}],\"inLanguage\":\"es\"},{\"@type\":\"ImageObject\",\"@id\":\"https:\/\/www.solecomunicaciones.com.ar\/publicaciones\/proyectoc-arq-clarin-2019\/#primaryimage\",\"inLanguage\":\"es\",\"url\":\"https:\/\/www.solecomunicaciones.com.ar\/publicaciones\/wp-content\/uploads\/2019\/11\/ProyectoC-ARQ-SoleComunicaciones-12.11.19-tapa.jpg\",\"width\":776,\"height\":1086,\"caption\":\"Proyecto C, tapa Arq Clarin\"},{\"@type\":\"WebPage\",\"@id\":\"https:\/\/www.solecomunicaciones.com.ar\/publicaciones\/proyectoc-arq-clarin-2019\/#webpage\",\"url\":\"https:\/\/www.solecomunicaciones.com.ar\/publicaciones\/proyectoc-arq-clarin-2019\/\",\"name\":\"Proyecto C: Una dupla que se pone a prueba para evolucionar - Sole Comunicaciones\",\"isPartOf\":{\"@id\":\"https:\/\/www.solecomunicaciones.com.ar\/publicaciones\/#website\"},\"primaryImageOfPage\":{\"@id\":\"https:\/\/www.solecomunicaciones.com.ar\/publicaciones\/proyectoc-arq-clarin-2019\/#primaryimage\"},\"datePublished\":\"2019-11-12T12:37:19+00:00\",\"dateModified\":\"2020-11-03T21:46:34+00:00\",\"author\":{\"@id\":\"https:\/\/www.solecomunicaciones.com.ar\/publicaciones\/#\/schema\/person\/34cc02109c051703283321a51075178c\"},\"description\":\"Sebasti\\u00e1n Cseh y Juan Cruz Catania son arquitectos de la llamada Generaci\\u00f3n Intermedia. Sus primeros pasos fueron con desarrollos propios; ahora su desaf\\u00edo es cumplir con los requerimientos de clientes externos. Conoc\\u00e9 a Proyecto C\",\"inLanguage\":\"es\",\"potentialAction\":[{\"@type\":\"ReadAction\",\"target\":[\"https:\/\/www.solecomunicaciones.com.ar\/publicaciones\/proyectoc-arq-clarin-2019\/\"]}]},{\"@type\":\"Person\",\"@id\":\"https:\/\/www.solecomunicaciones.com.ar\/publicaciones\/#\/schema\/person\/34cc02109c051703283321a51075178c\",\"name\":\"Sole C&amp;M\",\"image\":{\"@type\":\"ImageObject\",\"@id\":\"https:\/\/www.solecomunicaciones.com.ar\/publicaciones\/#personlogo\",\"inLanguage\":\"es\",\"url\":\"https:\/\/secure.gravatar.com\/avatar\/98dec144ab5b4969e6b78831b015326b?s=96&d=mm&r=g\",\"caption\":\"Sole C&amp;M\"}}]}<\/script>\n<!-- \/ Yoast SEO plugin. -->","_links":{"self":[{"href":"https:\/\/www.solecomunicaciones.com.ar\/publicaciones\/wp-json\/wp\/v2\/posts\/2661"}],"collection":[{"href":"https:\/\/www.solecomunicaciones.com.ar\/publicaciones\/wp-json\/wp\/v2\/posts"}],"about":[{"href":"https:\/\/www.solecomunicaciones.com.ar\/publicaciones\/wp-json\/wp\/v2\/types\/post"}],"author":[{"embeddable":true,"href":"https:\/\/www.solecomunicaciones.com.ar\/publicaciones\/wp-json\/wp\/v2\/users\/1"}],"replies":[{"embeddable":true,"href":"https:\/\/www.solecomunicaciones.com.ar\/publicaciones\/wp-json\/wp\/v2\/comments?post=2661"}],"version-history":[{"count":5,"href":"https:\/\/www.solecomunicaciones.com.ar\/publicaciones\/wp-json\/wp\/v2\/posts\/2661\/revisions"}],"predecessor-version":[{"id":2803,"href":"https:\/\/www.solecomunicaciones.com.ar\/publicaciones\/wp-json\/wp\/v2\/posts\/2661\/revisions\/2803"}],"wp:featuredmedia":[{"embeddable":true,"href":"https:\/\/www.solecomunicaciones.com.ar\/publicaciones\/wp-json\/wp\/v2\/media\/2668"}],"wp:attachment":[{"href":"https:\/\/www.solecomunicaciones.com.ar\/publicaciones\/wp-json\/wp\/v2\/media?parent=2661"}],"wp:term":[{"taxonomy":"category","embeddable":true,"href":"https:\/\/www.solecomunicaciones.com.ar\/publicaciones\/wp-json\/wp\/v2\/categories?post=2661"},{"taxonomy":"post_tag","embeddable":true,"href":"https:\/\/www.solecomunicaciones.com.ar\/publicaciones\/wp-json\/wp\/v2\/tags?post=2661"}],"curies":[{"name":"wp","href":"https:\/\/api.w.org\/{rel}","templated":true}]}}