{"id":2639,"date":"2019-10-15T12:21:11","date_gmt":"2019-10-15T15:21:11","guid":{"rendered":"https:\/\/www.solecomunicaciones.com.ar\/publicaciones\/?p=2639"},"modified":"2020-11-03T18:46:52","modified_gmt":"2020-11-03T21:46:52","slug":"banco-santander-arq-clarin-15-10-2019","status":"publish","type":"post","link":"https:\/\/www.solecomunicaciones.com.ar\/publicaciones\/banco-santander-arq-clarin-15-10-2019\/","title":{"rendered":"NAVE INSIGNIA: Banco Santander"},"content":{"rendered":"\n<p class=\"justificar-texto\">Banco Santander desembarc\u00f3  en el Sur porte\u00f1o de la mano  del estudio Urgell Penedo  Urgell. Adem\u00e1s, cambi\u00f3  su imagen corporativa y reformul\u00f3 el  dise\u00f1o de sus  sucursales.<\/p>\n\n\n\n<figure class=\"wp-block-image\"><img loading=\"lazy\" width=\"714\" height=\"1000\" src=\"https:\/\/www.solecomunicaciones.com.ar\/publicaciones\/wp-content\/uploads\/2019\/10\/Santander-ARQ-Clarin-SOLE-Comunicaciones-15.10.2019-tapa.jpg\" alt=\"\" class=\"wp-image-2648\" srcset=\"https:\/\/www.solecomunicaciones.com.ar\/publicaciones\/wp-content\/uploads\/2019\/10\/Santander-ARQ-Clarin-SOLE-Comunicaciones-15.10.2019-tapa.jpg 714w, https:\/\/www.solecomunicaciones.com.ar\/publicaciones\/wp-content\/uploads\/2019\/10\/Santander-ARQ-Clarin-SOLE-Comunicaciones-15.10.2019-tapa-214x300.jpg 214w\" sizes=\"(max-width: 714px) 100vw, 714px\" \/><\/figure>\n\n\n\n<h2>LA EXPRESI\u00d3N DE UNA ETERNA CONTEMPORANEIDAD<\/h2>\n\n\n\n<h3 class=\"justificar-texto\">La sede corporativa refleja la solidez de la marca, su preocupaci\u00f3n por el entorno y el medioambiente y su visi\u00f3n de futuro.<\/h3>\n\n\n\n<p class=\"justificar-texto\">Para el dise\u00f1o del edificio m\u00e1s ic\u00f3nico del Banco Santander en territorio argentino, la entidad recurri\u00f3 al estudio Urgell Penedo Urgell Arquitectos, responsable tambi\u00e9n de ejecutar un plan de expansi\u00f3n que comprende la creaci\u00f3n de sucursales y la remodelaci\u00f3n de otras tantas.&nbsp;<\/p>\n\n\n\n<p class=\"justificar-texto\">La nave insignia de la instituci\u00f3n comenz\u00f3 a trazarse a partir de la b\u00fasqueda de un gesto de integraci\u00f3n con el edificio vecino sobre la calle Azopardo, protegido por el \u00c1rea de Preservaci\u00f3n Hist\u00f3rica. As\u00ed surgi\u00f3 la idea de escalonar la fachada y retirarla hacia atr\u00e1s, de modo de darle importancia y no competir con este edificio de baja altura.<\/p>\n\n\n\n<figure class=\"wp-block-image\"><img loading=\"lazy\" width=\"735\" height=\"999\" src=\"https:\/\/www.solecomunicaciones.com.ar\/publicaciones\/wp-content\/uploads\/2019\/10\/Santander-ARQ-Clarin-SOLE-Comunicaciones-15.10.2019-p16.jpg\" alt=\"Banco Santander, ARQ Clar\u00edn, P\u00e1gina 16\" class=\"wp-image-2649\" srcset=\"https:\/\/www.solecomunicaciones.com.ar\/publicaciones\/wp-content\/uploads\/2019\/10\/Santander-ARQ-Clarin-SOLE-Comunicaciones-15.10.2019-p16.jpg 735w, https:\/\/www.solecomunicaciones.com.ar\/publicaciones\/wp-content\/uploads\/2019\/10\/Santander-ARQ-Clarin-SOLE-Comunicaciones-15.10.2019-p16-221x300.jpg 221w\" sizes=\"(max-width: 735px) 100vw, 735px\" \/><\/figure>\n\n\n\n<p class=\"justificar-texto\">La instituci\u00f3n present\u00f3 al estudio un programa de caracter\u00edsticas originales. Para cumplir con \u00e9l, se pens\u00f3 en un edificio que se organiza en tres vol\u00famenes articulados por dos n\u00facleos. \u00c9stos ofician de conectores y\/o controles de acceso, permitiendo m\u00faltiples configuraciones y la posibilidad de integrar o separar la totalidad de sus partes.<\/p>\n\n\n\n<p class=\"justificar-texto\">Con la mira puesta en lograr un buen ratio de superficie \u00fatil respecto de la edificable se realizaron peque\u00f1as operaciones de sustracci\u00f3n al volumen resultante. El objetivo \u00faltimo: generar una estructura que medie entre la racionalizaci\u00f3n constructiva, la riqueza y diversidad de espacios de uso y la carga simb\u00f3lica que corresponde a una entidad como el Banco Santander.<\/p>\n\n\n\n<p class=\"justificar-texto\">En t\u00e9rminos urbanos se propuso un proyecto que plantea la utilizaci\u00f3n de la norma del distrito de Arquitectura Especial AE14, aplicada en la avenida Paseo Col\u00f3n, con 38 metros de altura sobre la l\u00ednea oficial, para atribuirla a la Avenida Garay, consiguiendo as\u00ed una continuidad de alturas y formas que mejora la est\u00e9tica urbana del sector.<\/p>\n\n\n\n<figure class=\"wp-block-image\"><img loading=\"lazy\" width=\"751\" height=\"1000\" src=\"https:\/\/www.solecomunicaciones.com.ar\/publicaciones\/wp-content\/uploads\/2019\/10\/Santander-ARQ-Clarin-SOLE-Comunicaciones-15.10.2019-p17.jpg\" alt=\"\" class=\"wp-image-2650\" srcset=\"https:\/\/www.solecomunicaciones.com.ar\/publicaciones\/wp-content\/uploads\/2019\/10\/Santander-ARQ-Clarin-SOLE-Comunicaciones-15.10.2019-p17.jpg 751w, https:\/\/www.solecomunicaciones.com.ar\/publicaciones\/wp-content\/uploads\/2019\/10\/Santander-ARQ-Clarin-SOLE-Comunicaciones-15.10.2019-p17-225x300.jpg 225w\" sizes=\"(max-width: 751px) 100vw, 751px\" \/><\/figure>\n\n\n\n<p class=\"justificar-texto\">En la fachada de esta v\u00eda, a trav\u00e9s de la progresi\u00f3n volum\u00e9trica se hace evidente el sistema de armado general, a la vez que se rompe la monoton\u00eda de 80 metros de largo y se ensancha una vereda relativamente estrecha. Sobre \u00e9sta, los patios verticales o espacios separadores -que ofician de miradores hacia el parque Lezama y hacia el r\u00edo- se expanden y convierten en lugares para el relax del personal y como comunicaci\u00f3n visual de las diferentes plantas.<\/p>\n\n\n\n<p class=\"justificar-texto\">Las azoteas se pensaron como una combinaci\u00f3n de cubiertas verdes y de materiales reflectivos, a los fines de encuadrarse dentro de las normativas vigentes del GCBA y de los par\u00e1metros LEED.<\/p>\n\n\n\n<figure class=\"wp-block-image\"><img loading=\"lazy\" width=\"724\" height=\"999\" src=\"https:\/\/www.solecomunicaciones.com.ar\/publicaciones\/wp-content\/uploads\/2019\/10\/Santander-ARQ-Clarin-SOLE-Comunicaciones-15.10.2019-p18.jpg\" alt=\"\" class=\"wp-image-2651\" srcset=\"https:\/\/www.solecomunicaciones.com.ar\/publicaciones\/wp-content\/uploads\/2019\/10\/Santander-ARQ-Clarin-SOLE-Comunicaciones-15.10.2019-p18.jpg 724w, https:\/\/www.solecomunicaciones.com.ar\/publicaciones\/wp-content\/uploads\/2019\/10\/Santander-ARQ-Clarin-SOLE-Comunicaciones-15.10.2019-p18-217x300.jpg 217w\" sizes=\"(max-width: 724px) 100vw, 724px\" \/><\/figure>\n\n\n\n<p class=\"justificar-texto\">El concepto constructivo de la envolvente despliega una estrategia bioclim\u00e1tica que incorpora criterios de sostenibilidad espec\u00edficos que intervienen en el comportamiento t\u00e9rmico y energ\u00e9tico del edificio. En las fachadas de Paseo Col\u00f3n y Azopardo se dispuso una doble piel, que consiste en un cerramiento con sistema de doble vidrio bajo emisivo con c\u00e1mara, al que, a 60 cm de distancia, se le suma un parasol de cristal impreso con diferentes gradaciones de transparencia que controla la radiaci\u00f3n directa tanto del Este como del Oeste. Esta doble piel funciona como una capa de aislante ac\u00fastica y t\u00e9rmica&nbsp; que implica una mejora de las prestaciones referentes al ahorro energ\u00e9tico y la optimizaci\u00f3n de las condiciones de confort cerca de la fachada en el interior del edificio.<\/p>\n\n\n\n<p class=\"justificar-texto\">Hacia el Sur el edificio posee una baja incidencia solar directa, solo las primeras y \u00faltimas horas de luz afectan diagonalmente a la fachada. Por ello, la estructura saliente en vertical protege dicha incidencia, a la vez que, al estar incorporada en el plano de fachada, reduce en un 25% la superficie acristalada y por ende las p\u00e9rdidas y ganancias t\u00e9rmicas.<\/p>\n\n\n\n<p class=\"justificar-texto\">Hacia el Norte y sobre la fachada del patio del volumen central, una trama de planchuelas finas de acero preservan al edificio de los rayos verticales, y sirven a su vez de pasarelas de mantenimiento y limpieza.<\/p>\n\n\n\n<figure class=\"wp-block-image\"><img loading=\"lazy\" width=\"723\" height=\"1000\" src=\"https:\/\/www.solecomunicaciones.com.ar\/publicaciones\/wp-content\/uploads\/2019\/10\/Santander-ARQ-Clarin-SOLE-Comunicaciones-15.10.2019-p19.jpg\" alt=\"\" class=\"wp-image-2652\" srcset=\"https:\/\/www.solecomunicaciones.com.ar\/publicaciones\/wp-content\/uploads\/2019\/10\/Santander-ARQ-Clarin-SOLE-Comunicaciones-15.10.2019-p19.jpg 723w, https:\/\/www.solecomunicaciones.com.ar\/publicaciones\/wp-content\/uploads\/2019\/10\/Santander-ARQ-Clarin-SOLE-Comunicaciones-15.10.2019-p19-217x300.jpg 217w\" sizes=\"(max-width: 723px) 100vw, 723px\" \/><\/figure>\n\n\n\n<p class=\"justificar-texto\">El edificio conjuga en sus cuatro fachadas las condiciones estructurales perimetrales con las necesidades de protecci\u00f3n solar y aislamiento t\u00e9rmico. Sobre los lados Este y Oeste la doble piel manifiesta su natural ligereza de pantalla suspendida mientras que sobre el lado Sur la fachada estructural ense\u00f1a su robustez a trav\u00e9s de potentes costillas, partes de un sistema racional que oficia de fondo y soporte para que los espacios de triples y dobles alturas dibujen sus siluetas singularizando la neutralidad de la fachada. No existe una voluntad est\u00e9tica aislada del entendimiento de los espacios planteados. Con armon\u00eda, \u00e9stos se reparten en un juego de asimetr\u00edas, aunque repitiendo algunos patrones tipol\u00f3gicos.<\/p>\n\n\n\n<p class=\"justificar-texto\">El estudio considera que \u201crescat\u00f3 el v\u00ednculo entre forma y funci\u00f3n en su justa medida\u201d, distinguiendo y evidenciando n\u00facleos, escaleras, o espacios de uso singular, as\u00ed como tambi\u00e9n \u201cla actitud austera en la que todo debe ser la expresi\u00f3n de lo estrictamente necesario\u201d. Esto hace que el edificio no caiga en banalidades que aceleren la obsolescencia de su imagen. \u201cTambi\u00e9n creemos que la arquitectura est\u00e1 bien caracterizada cuando nace y crece desde los condicionantes del lugar y esta es una de las premisas que se han seguido estudiando la implantaci\u00f3n, las vistas hacia y desde el edificio\u201d.<\/p>\n\n\n\n<figure class=\"wp-block-gallery columns-2 is-cropped\"><ul class=\"blocks-gallery-grid\"><li class=\"blocks-gallery-item\"><figure><img loading=\"lazy\" width=\"718\" height=\"1000\" src=\"https:\/\/www.solecomunicaciones.com.ar\/publicaciones\/wp-content\/uploads\/2019\/10\/Santander-ARQ-Clarin-SOLE-Comunicaciones-15.10.2019-p20.jpg\" alt=\"Banco Santander, ARQ Clar\u00edn, P\u00e1gina 20\" data-id=\"2654\" data-link=\"https:\/\/www.solecomunicaciones.com.ar\/publicaciones\/banco-santander-arq-clarin-15-10-2019\/santander-arq-clarin-sole-comunicaciones-15-10-2019-p20\/\" class=\"wp-image-2654\" srcset=\"https:\/\/www.solecomunicaciones.com.ar\/publicaciones\/wp-content\/uploads\/2019\/10\/Santander-ARQ-Clarin-SOLE-Comunicaciones-15.10.2019-p20.jpg 718w, https:\/\/www.solecomunicaciones.com.ar\/publicaciones\/wp-content\/uploads\/2019\/10\/Santander-ARQ-Clarin-SOLE-Comunicaciones-15.10.2019-p20-215x300.jpg 215w\" sizes=\"(max-width: 718px) 100vw, 718px\" \/><\/figure><\/li><li class=\"blocks-gallery-item\"><figure><img loading=\"lazy\" width=\"730\" height=\"1000\" src=\"https:\/\/www.solecomunicaciones.com.ar\/publicaciones\/wp-content\/uploads\/2019\/10\/Santander-ARQ-Clarin-SOLE-Comunicaciones-15.10.2019-p21.jpg\" alt=\"Banco Santander, ARQ Clar\u00edn, P\u00e1gina 21\" data-id=\"2653\" data-link=\"https:\/\/www.solecomunicaciones.com.ar\/publicaciones\/banco-santander-arq-clarin-15-10-2019\/santander-arq-clarin-sole-comunicaciones-15-10-2019-p21\/\" class=\"wp-image-2653\" srcset=\"https:\/\/www.solecomunicaciones.com.ar\/publicaciones\/wp-content\/uploads\/2019\/10\/Santander-ARQ-Clarin-SOLE-Comunicaciones-15.10.2019-p21.jpg 730w, https:\/\/www.solecomunicaciones.com.ar\/publicaciones\/wp-content\/uploads\/2019\/10\/Santander-ARQ-Clarin-SOLE-Comunicaciones-15.10.2019-p21-219x300.jpg 219w\" sizes=\"(max-width: 730px) 100vw, 730px\" \/><\/figure><\/li><\/ul><\/figure>\n\n\n\n<p class=\"justificar-texto\">En el intento de \u201chacer m\u00e1s con menos\u201d, se proyect\u00f3 un edificio sustentable que mejora las condiciones del lugar de trabajo, confort y productividad de los empleados mediante espacios pensados para tal fin como sal\u00f3n de usos m\u00faltiples, gimnasio, bicicletero, centro m\u00e9dico, auditorio, centro de exposiciones, salas de reuniones, centro de formaci\u00f3n y terrazas verdes. Estos sectores fueron dise\u00f1ados en funci\u00f3n al programa Distrito de las Artes patrocinado por el Gobierno de la Ciudad de Buenos Aires, el cual comprende el \u00e1rea donde se ubica el edificio. Es por esto que el proyecto abarca una serie de eventos que contribuyen a fomentar las artes en todas sus expresiones, tambi\u00e9n a trav\u00e9s de \u00e1reas espec\u00edficas como la Fundaci\u00f3n Banco Santander R\u00edo, el Patio de las Artes y terrazas de esculturas.<\/p>\n\n\n\n<p class=\"justificar-texto\">En la planta Baja se accede a estas \u00e1reas desde la plaza, producto del ensanche de la Avenida Paseo Col\u00f3n. Este ingreso facilita el movimiento de visitantes tanto el fin de semana como durante la semana, independientemente de la poblaci\u00f3n estable del edificio.<\/p>\n\n\n\n<p class=\"justificar-texto\">Una vez dentro del centro de exposiciones de doble altura se goza de una situaci\u00f3n privilegiada, ya que, desde all\u00ed, es posible vincularse con la totalidad del edificio y sus funciones program\u00e1ticas. El Patio de las Artes, no s\u00f3lo ilumina este sector de exhibiciones, sino que mantiene al visitante en contacto con el exterior, a la vez que permite su utilizaci\u00f3n como espacio exterior de intervenciones art\u00edsticas.<\/p>\n\n\n\n<p class=\"justificar-texto\">El auditorio cuenta con 300 butacas ubicadas en plano horizontal para favorecer el uso flexible del espacio. Dispone, adem\u00e1s, de salas de apoyo (traducci\u00f3n &#8211; sonido) sanitarios, sala de conferencista, guardarropas y otros servicios.<\/p>\n\n\n\n<p class=\"justificar-texto\">A ambos lados del acceso por Av. Garay, los vac\u00edos que dan identidad a la fachada contienen unas escaleras met\u00e1licas livianas que conectan con las primeras plantas.<\/p>\n\n\n\n<figure class=\"wp-block-image\"><img loading=\"lazy\" width=\"748\" height=\"1000\" src=\"https:\/\/www.solecomunicaciones.com.ar\/publicaciones\/wp-content\/uploads\/2019\/10\/Santander-ARQ-Clarin-SOLE-Comunicaciones-15.10.2019-p22.jpg\" alt=\"\" class=\"wp-image-2655\" srcset=\"https:\/\/www.solecomunicaciones.com.ar\/publicaciones\/wp-content\/uploads\/2019\/10\/Santander-ARQ-Clarin-SOLE-Comunicaciones-15.10.2019-p22.jpg 748w, https:\/\/www.solecomunicaciones.com.ar\/publicaciones\/wp-content\/uploads\/2019\/10\/Santander-ARQ-Clarin-SOLE-Comunicaciones-15.10.2019-p22-224x300.jpg 224w\" sizes=\"(max-width: 748px) 100vw, 748px\" \/><\/figure>\n\n\n\n<p class=\"justificar-texto\">En el primer piso, y vinculado a trav\u00e9s de una escalera helicoidal ubicada en el hall principal, se accede al Work Caf\u00e9 que hace las veces de recepci\u00f3n de las Salas de Reuniones y Centro de Formaci\u00f3n. Este nivel, adem\u00e1s, se encuentra vinculado con la cubierta verde del auditorio por medio de un puente sobre el foyer.<\/p>\n\n\n\n<p class=\"justificar-texto\">A medida que se asciende, se descubren los niveles de oficinas conectados por 2 bater\u00edas de 6 ascensores cada una, desde el piso 2 hasta el 9, de plantas completas. Los \u201ctajos\u201d o vac\u00edos, volcados a la fachada de Av. Garay, son espacios de relax y estar que se vinculan visualmente en forma m\u00e1s directa con el exterior, a la vez que oxigenan las plantas y las vuelven m\u00e1s heterog\u00e9neas entre s\u00ed.<\/p>\n\n\n\n<p class=\"justificar-texto\">El nivel 10 presenta la particularidad de estar recorrido en todo su frente por una expansi\u00f3n producto del retiro por normativa.<\/p>\n\n\n\n<p class=\"justificar-texto\">El nivel 11 incluye un SUM que oficia de comedor para m\u00e1s de 350 cubiertos, con vistas panor\u00e1micas al Parque Lezama, Puerto Madero y el R\u00edo de la Plata.<\/p>\n\n\n\n<p class=\"justificar-texto\">Adem\u00e1s, el edificio cuenta con 4 subsuelos, el primero de ellos con programa complementario de la planta baja como la Sucursal Bancaria m\u00e1s talleres, dep\u00f3sitos, etc\u00e9tera. La parte central de la planta se encuentra disponible para el \u00e1rea de carga y descarga de insumos de oficinas, sectores de prueba para equipamiento de sucursales bancarias y provisiones del comedor, con un montacargas exclusivo para la cocina del piso 11. La rampa por la que acceden los veh\u00edculos de porte medio que trasladan dichas cargas es compartida con los autos de invitados y las bicicletas, que una vez controlados en la planta baja tienen sus circuitos claramente delimitados bajo nivel.<\/p>\n\n\n\n<figure class=\"wp-block-image\"><img loading=\"lazy\" width=\"752\" height=\"1000\" src=\"https:\/\/www.solecomunicaciones.com.ar\/publicaciones\/wp-content\/uploads\/2019\/10\/Santander-ARQ-Clarin-SOLE-Comunicaciones-15.10.2019-p23.jpg\" alt=\"\" class=\"wp-image-2656\" srcset=\"https:\/\/www.solecomunicaciones.com.ar\/publicaciones\/wp-content\/uploads\/2019\/10\/Santander-ARQ-Clarin-SOLE-Comunicaciones-15.10.2019-p23.jpg 752w, https:\/\/www.solecomunicaciones.com.ar\/publicaciones\/wp-content\/uploads\/2019\/10\/Santander-ARQ-Clarin-SOLE-Comunicaciones-15.10.2019-p23-226x300.jpg 226w\" sizes=\"(max-width: 752px) 100vw, 752px\" \/><\/figure>\n\n\n\n<p class=\"justificar-texto\">Las rampas de acceso y egreso a los niveles de estacionamiento de autos de la poblaci\u00f3n permanente del edificio est\u00e1n trazadas sobre el eje longitudinal de la planta. Las cocheras totalizan una cantidad de 318 plazas, de las cuales 16 son de veh\u00edculos compartidos y 22 de autos eficientes.<\/p>\n\n\n\n<p class=\"justificar-texto\">eso a los niveles de estacionamiento de autos de la poblaci\u00f3n permanente del edificio est\u00e1n trazadas sobre el eje longitudinal de la planta. Las cocheras totalizan una cantidad de 318 plazas, de las cuales 16 son de veh\u00edculos compartidos y 22 de autos eficientes.<\/p>\n\n\n\n<figure class=\"wp-block-image\"><img loading=\"lazy\" width=\"730\" height=\"1000\" src=\"https:\/\/www.solecomunicaciones.com.ar\/publicaciones\/wp-content\/uploads\/2019\/10\/Santander-ARQ-Clarin-SOLE-Comunicaciones-15.10.2019-p24.jpg\" alt=\"\" class=\"wp-image-2657\" srcset=\"https:\/\/www.solecomunicaciones.com.ar\/publicaciones\/wp-content\/uploads\/2019\/10\/Santander-ARQ-Clarin-SOLE-Comunicaciones-15.10.2019-p24.jpg 730w, https:\/\/www.solecomunicaciones.com.ar\/publicaciones\/wp-content\/uploads\/2019\/10\/Santander-ARQ-Clarin-SOLE-Comunicaciones-15.10.2019-p24-219x300.jpg 219w\" sizes=\"(max-width: 730px) 100vw, 730px\" \/><\/figure>\n\n\n\n<p class=\"justificar-texto\">En el cuarto subsuelo se encuentran los tanques de reserva e incendio, y cuarto de bombas. En el tercer subsuelo, la sala de m\u00e1quinas de instalaci\u00f3n termomec\u00e1nica en doble altura y, en el primer subsuelo, la sala de tableros generales, grupos electr\u00f3genos y c\u00e1mara de la Compa\u00f1\u00eda El\u00e9ctrica.<\/p>\n\n\n\n<p class=\"justificar-texto\">Todos los subsuelos comprenden salas de inyecci\u00f3n y extracci\u00f3n de aire. En los niveles de oficinas se localizan 3 salas de equipos de aire acondicionado y 3 salas t\u00e9cnicas (o racks). Esto permite la flexibilizaci\u00f3n de la planta en estos sectores , pudiendo mantener independencia del control clim\u00e1tico y de datos<\/p>\n\n\n\n<h3>Despliegue los t\u00edtulos para seguir leyendo:<\/h3>\n\n\n<div class=\"su-spoiler su-spoiler-style-default su-spoiler-icon-plus su-spoiler-closed\" data-scroll-offset=\"0\" data-anchor-in-url=\"no\"><div class=\"su-spoiler-title\" tabindex=\"0\" role=\"button\"><span class=\"su-spoiler-icon\"><\/span>Editorial ARQ Clar\u00edn, por Berto Gonz\u00e1lez Montaner - Editor General<\/div><div class=\"su-spoiler-content su-u-clearfix su-u-trim\">\n<p><span style=\"font-weight: 400;\">Este 15 de octubre es una fecha especial. Hoy empieza la edici\u00f3n n\u00famero diecisiete de la tradicional Bienal de Buenos Aires, uno de los eventos m\u00e1s importantes de la arquitectura mundial.<\/span><\/p>\n<p><span style=\"font-weight: 400;\">Si hay una ausencia que se sentir\u00e1, esa es la de C\u00e9sar Pelli. Desde las primeras convocatorias, all\u00e1 por el a\u00f1o 1985, solo falt\u00f3 a las dos \u00faltimas citas. Siempre vino bien dispuesto, con su afable sonrisa, su sabidur\u00eda y generosidad. Y nos deleit\u00f3 cont\u00e1ndonos sus proyectos y desplegando sus reflexiones sobre la arquitectura y la ciudad.<\/span><\/p>\n<p><span style=\"font-weight: 400;\">Sin duda Pelli supo contagiar a su equipo en New Haven esa manera de transitar el mundo de la arquitectura, con amor, sensibilidad, profesionalidad y mucho trabajo. Con ese equipo produjimos el libro Pelli que acompa\u00f1a esta edici\u00f3n de ARQ. Con su estrecha colaboradora la argentina Susana La Porta Drago elegimos diecis\u00e9is obras relevantes que van desde la Ampliaci\u00f3n del MoMA de Nueva York al Centro de Transporte y Torre Transbay de San Francisco, incluyendo esas joyas que model\u00f3 en Catalinas Norte, Plaza Roma, Puerto Madero y la costa de Mar del Plata. El libro viene, adem\u00e1s, con testimonios de su ex alumno, Ignacio Dahl Rocha; de algunos circunstanciales colaboradores locales como fueron Mario Roberto \u00c1lvarez (h), o Emilio Rivoira y el texto de Alberto Fainstein, un calculista que lo acompa\u00f1\u00f3 en varias de sus obras. Y con el apoyo de las empresas Loma <\/span><span style=\"font-weight: 400;\">Negra, Shawer, La Cardeuse, Macro, Maral Explanada, Miller &amp; Co y Neolith.<\/span><\/p>\n<p><span style=\"font-weight: 400;\">Esta edici\u00f3n tambi\u00e9n coincide el desembarco del Banco Santander en San Telmo de la mano proyectual de Urgell Penedo Urgell. Un edificio que Juan Urgell confiesa tiene cierta inspiraci\u00f3n en el Edificio Mediapro de Carlos Ferrater, en Barcelona. Pero que tambi\u00e9n puede recordar, La ciudad vertical de Koolhaas en Rotterdam, en versi\u00f3n \u201creconstruir el tejido de la manzana\u201d.<\/span><\/p>\n<p><span style=\"font-weight: 400;\">Para tomar la traza inclinada de la calle, el edificio est\u00e1 compuesto por tres bloque sutilmente desfasados generando dos tajos, que en el interior tienen escaleras que comunican sus plantas libres de oficinas. El frente hacia el Sur tiene una grilla met\u00e1lica homog\u00e9nea y hacia Paseo Col\u00f3n y el r\u00edo, una fachada ventilada con doble piel de vidrio, d\u00e1ndole a la nueva sede un car\u00e1cter e identidad de gran pregnancia.<\/span><\/p>\n<p><span style=\"font-weight: 400;\">Adem\u00e1s, la planta baja, con su auditorio y \u00e1rea de exposiciones semip\u00fablica, hace un buen aporte al equipamiento cultural del flamante Distrito de la Artes. Y da un nuevo impulso a la eternamente proclamada reactivaci\u00f3n de la Zona Sur, ahora potenciada con la inauguraci\u00f3n del Paseo del Bajo.<\/span><\/div><\/div>\n<div class=\"su-spoiler su-spoiler-style-default su-spoiler-icon-plus su-spoiler-closed\" data-scroll-offset=\"0\" data-anchor-in-url=\"no\"><div class=\"su-spoiler-title\" tabindex=\"0\" role=\"button\"><span class=\"su-spoiler-icon\"><\/span>Sucursales para la Inclusi\u00f3n<\/div><div class=\"su-spoiler-content su-u-clearfix su-u-trim\">\n<p><span style=\"font-weight: 400;\">Santander es la primera entidad financiera en abrir una sucursal de un banco privado en el Barrio 31, Retiro. \u00c9sta es adem\u00e1s la primera denominada Sucursal de Integraci\u00f3n Social (SIS) de Santander en la Ciudad Aut\u00f3noma de Buenos Aires. Con esta apertura, el bano suma cinco SIS en total contando las sucursales de los barrios La Juanita (La Matanza), Castelar Sur (Mor\u00f3n), Santa Mar\u00eda (San Miguel) y Don Orione (Almirante Brown). Hasta esta inauguraci\u00f3n, Santander ha acercado servicios financieros a 240 mil personas en zonas vulnerables mediante las SIS, y ha otorgado cr\u00e9ditos a 12 mil clientes de estos barrios por 83 millones de pesos, entregando 14 mil tarjetas de cr\u00e9dito y d\u00e9bito.&nbsp;<\/span><\/p>\n<p><span style=\"font-weight: 400;\">El Banco prev\u00e9 inaugurar cinco SIS m\u00e1s de aqu\u00ed hasta fin de a\u00f1o, en Villa Carlos Gardel (El Palomar), Villa 20 (Villa Lugano), Villa Itat\u00ed (Quilmes), Villa Jard\u00edn (Lan\u00fas) y Maquinista Savio (Escobar). Estas sucursales integrar\u00e1n a 230 mil personas m\u00e1s al sistema financiero, llegando en total a casi medio mill\u00f3n de personas en todo el pa\u00eds. El plan es instalar 21 sucursales de integraci\u00f3n social para el 2022. La sucursal de Santander en el Barrio 31 est\u00e1 ubicada en la calle Perette 2211, esquina Rodolfo Walsh. Su horario de atenci\u00f3n es de lunes a viernes de 9 a 17 horas, y s\u00e1bados de 9 a 13 horas. Desde 2012 Santander se ha comprometido decisivamente con la integraci\u00f3n social, acercando servicios financieros a aquellos lugares desfavorecidos en los cuales la poblaci\u00f3n no dispone de cajeros autom\u00e1ticos y otros servicios en menos de 5 kil\u00f3metros. Adem\u00e1s, las sucursales de integraci\u00f3n social (SIS) promueven la formalizaci\u00f3n laboral y econ\u00f3mica de las poblaciones en las que se encuentran, fomentando un c\u00edrculo virtuoso en su comunidad. Estas iniciativas de Santander en Argentina se suman a otras propuestas de Banca Responsable que apoya la entidad, como el taller de oficios digitales para j\u00f3venes llamado \u201cPotrero Digital\u201d en La Matanza.<\/span><\/p>\n<p><span style=\"font-weight: 400;\">En cada una de las Sucursales de integraci\u00f3n Social el Banco ha llegado al lugar de la mano de la comunidad, empleando a habitantes de la misma localidad. De hecho, los tres empleados de la sucursal que actualmente funciona en el Barrio 31 viven en el lugar.<\/span><\/div><\/div>\n<div class=\"su-spoiler su-spoiler-style-default su-spoiler-icon-plus su-spoiler-closed\" data-scroll-offset=\"0\" data-anchor-in-url=\"no\"><div class=\"su-spoiler-title\" tabindex=\"0\" role=\"button\"><span class=\"su-spoiler-icon\"><\/span>Nueva Identidad Corporativa<\/div><div class=\"su-spoiler-content su-u-clearfix su-u-trim\">\n<p><span style=\"font-weight: 400;\">Recientemente, el banco Santander R\u00edo cambi\u00f3 su denominaci\u00f3n para acompa\u00f1ar el proceso de marca \u00fanica a nivel mundial del Grupo Santander. La modificaci\u00f3n contribuye a reforzar la estrategia digital en Argentina. En este sentido, refleja una evoluci\u00f3n que viene as\u00ed a seguir la transformaci\u00f3n en marcha, al mismo tiempo que comporta un dise\u00f1o renovado y moderno.<\/span><\/p>\n<p><span style=\"font-weight: 400;\">La marca Santander es una de las grandes fortalezas del Grupo, que sintetiza su identidad, esencia y posicionamiento, y transmite una realidad global complementaria a la de cada mercado.<\/span><\/p>\n<p><span style=\"font-weight: 400;\">Asimismo, Santander como marca global proyecta con fuerza a nivel local la misi\u00f3n y visi\u00f3n del Grupo, y cada una de sus subsidiarias, que es \u201ccontribuir al progreso de las personas y las empresas\u201d y, por otra parte, se adapta mejor al concepto de plataforma abierta de servicios financieros.<\/span><\/p>\n<p><span style=\"font-weight: 400;\">En marzo de 2018, el Grupo Santander cambi\u00f3 su imagen de marca a nivel global por la actual, m\u00e1s moderna y adecuada a los canales digitales y m\u00f3viles, para adaptarse al nuevo entorno, transmitir mejor la nueva cultura corporativa y reforzar la estrategia de convertirse en una plataforma digital y abierta de servicios financieros. En ese momento, la presidenta del Grupo, Ana Bot\u00edn, anunci\u00f3 que el cambio se ir\u00eda extendiendo a cada pa\u00eds donde la compa\u00f1\u00eda se encontrara presente, destacando que \u201cpor primera vez en la historia del Grupo, unificaremos nuestra marca en todos los mercados\u201d. Y agreg\u00f3: \u201cesta nueva marca conecta mejor con las nuevas generaciones, es m\u00e1s moderna, y mejora un 20% la visibilidad en formato digital\u201d.<\/span><\/p>\n<p><span style=\"font-weight: 400;\">Santander mantiene su esencia y sus principales activos, como el nombre, la llama y el rojo corporativo, pero la actualiza con una tipograf\u00eda \u00fanica, propia y m\u00e1s estilizada. La llama, que evoca el descubrimiento del fuego como s\u00edmbolo de progreso y representa pasi\u00f3n y cercan\u00eda, est\u00e1 presente en el logotipo del banco desde 1986 y fue concebida para un entorno anal\u00f3gico, para ser impresa en papel. Desde el a\u00f1o pasado, se ajustaron la llama y la tipograf\u00eda para mejorar su visibilidad en internet, transmitir mejor la transformaci\u00f3n digital del Banco y competir con las grandes empresas digitales internacionales.<\/span><\/div><\/div>\n<div class=\"su-spoiler su-spoiler-style-default su-spoiler-icon-plus su-spoiler-closed\" data-scroll-offset=\"0\" data-anchor-in-url=\"no\"><div class=\"su-spoiler-title\" tabindex=\"0\" role=\"button\"><span class=\"su-spoiler-icon\"><\/span>Nuevos Espacios de Trabajo y Negocios<\/div><div class=\"su-spoiler-content su-u-clearfix su-u-trim\"><span style=\"font-weight: 400;\">Santander R\u00edo gener\u00f3 un nuevo modelo de atenci\u00f3n enfocado en brindar al cliente una experiencia de servicio \u00edntegra, placentera y moderna. Se trata de un espacio de coworking, colaborativo y abierto a todos (clientes y no clientes). <\/span><\/p>\n<p><span style=\"font-weight: 400;\">Actualmente existen unos pocos y s\u00f3lo uno fuera de Buenos Aires, en la Ciudad de C\u00f3rdoba. Mediante esta nueva modalidad la entidad promueve el encuentro y la colaboraci\u00f3n entre emprendedores y empresarios pyme, generando espacios de nuevos negocios y poniendo a disposici\u00f3n de ellos la mejor tecnolog\u00eda, en l\u00ednea con el prop\u00f3sito del Banco que es ayudar a las personas y las empresas a progresar.<\/span><\/p>\n<p><span style=\"font-weight: 400;\">El Work Caf\u00e9 integra una cafeter\u00eda -con los mejores blends de caf\u00e9 del mercado y atendido por destacados baristas- con la posibilidad de operar servicios financieros, ofrece adem\u00e1s la posibilidad de hacer reserva de salas para coworking, wi-fi libre y gratuito para cualquier dispositivo (celular, notebook, etc.), horario extendido, descuentos y beneficios con tarjetas Santander R\u00edo y Todo Pago (30% en los consumos para clientes de Santander R\u00edo), isla con servicios de banca digital, la posibilidad de dar de alta un producto y la entrega de tarjetas en el momento, y operar por cajeros autom\u00e1ticos con ampliaci\u00f3n del l\u00edmites de extracci\u00f3n hasta 50 mil pesos.<\/span><\/p>\n<p><span style=\"font-weight: 400;\">Asimismo, en este nuevo espacio se realizan charlas y eventos de negocios, con foco en el emprendedurismo, las inversiones y las nuevas tecnolog\u00edas.<\/span><\/p>\n<p><span style=\"font-weight: 400;\">Los usuarios de Work Caf\u00e9, sean clientes del banco o no, tienen la posibilidad de interactuar con un asesor Santander R\u00edo -a trav\u00e9s de videoconferencia- para el alta de nuevos productos o, si lo prefieren, acceder a un ejecutivo de forma presencial, que los ayuda con sus consultas.<\/span><\/p>\n<p><span style=\"font-weight: 400;\">En la cafeter\u00eda, Santander R\u00edo fomentar\u00e1 el pago con medios electr\u00f3nicos, acompa\u00f1ando la evoluci\u00f3n digital (pagos con c\u00f3digo QR o con Todo Pago) del&nbsp; sistema financiero.&nbsp;<\/span><\/p>\n<p><span style=\"font-weight: 400;\">Con esta iniciativa, la empresa refuerza su compromiso con los emprendedores, pymes y empresas argentinas, que ser\u00e1n la base del crecimiento futuro del pa\u00eds a trav\u00e9s de la innovaci\u00f3n. Desde la experiencia de cliente, Work Caf\u00e9 incentiva a las personas para que \u201cquieran\u201d ir al banco, en lugar de que \u201ctengan\u201d que hacerlo, fomentando adem\u00e1s el uso de los espacios para reuniones de trabajo, estudio o simplemente tomar un caf\u00e9. En diciembre de 2018, Santander R\u00edo inaugur\u00f3 su primer Work Caf\u00e9 en Argentina, ubicado en el barrio de Recoleta, Ciudad Aut\u00f3noma de Buenos Aires. En Chile, Santander ha sido precursor en la apertura de Work Caf\u00e9 desde 2016 y ya cuenta con casi medio centenar de locales. Work Caf\u00e9 tambi\u00e9n est\u00e1 presente en otros pa\u00edses como Espa\u00f1a, Brasil y Portugal<\/span><\/div><\/div>\n<div class=\"su-spoiler su-spoiler-style-default su-spoiler-icon-plus su-spoiler-closed\" data-scroll-offset=\"0\" data-anchor-in-url=\"no\"><div class=\"su-spoiler-title\" tabindex=\"0\" role=\"button\"><span class=\"su-spoiler-icon\"><\/span>Ficha T\u00e9nica<\/div><div class=\"su-spoiler-content su-u-clearfix su-u-trim\">\n<p><b>Comitente.<\/b><span style=\"font-weight: 400;\"> Banco Santander S.A<\/span><\/p>\n<p><b>Direcci\u00f3n de Proyecto.<\/b><span style=\"font-weight: 400;\"> Jos\u00e9 Marcial Meli\u00e1n, Santiago Loza, Laura Flor Yacachury<\/span><\/p>\n<p><b>Equipo de Arquitectura.<\/b><span style=\"font-weight: 400;\"> Jesica Fiol Marino, Valeria Hughes, Natal\u00ed Kaduk, Francisco Perlingieri, Laura Yacachury.<\/span><\/p>\n<p><b>Proyecto de Arquitectura.<\/b><span style=\"font-weight: 400;\"> Estudio Urgell Penedo Urgell (Lynch, Pierantoni, L\u00f3pez, Vago, Rodriguez) Arquitectos<\/span><\/p>\n<p><b>Equipo de Proyecto, interiorismo y direcci\u00f3n de obra.<\/b><span style=\"font-weight: 400;\"> Arquitectos Andrea Anselmo, Florencia Batlle, Humberto Bianchi, Marina Buldrini, Pamela Capiello, Julia Cardoso, Sof\u00eda Colcombet, Luciana Ferro, Guadalupe Herrero, Andrea L\u00f3pez, Facundo Lopez Binaghi, Nicol\u00e1s Lopez Castro, Ezequiel Mill, Agust\u00edn Miranda, Ana Montero, Tamara Orman, Mariano Ravenna, Martina Rocha, Juan Ruffa, Patricia Tejera, Juan Mart\u00edn Urgell, Gustavo Vago, Mariana Welsh.<\/span><\/p>\n<p><span style=\"font-weight: 400;\"><strong>Asesores.<\/strong> Estudio Curutchet &#8211; Del Villar, Ingenieros Civiles (Estructura), Estudio Gigli \/ Ingeniero Andr\u00e9s de Aguirre (Ingenier\u00eda en Fachadas), GF \/ Estudio Grinberg-Feliz Ingenieros Consultores (instalaci\u00f3n termomec\u00e1nica), Estudio Dysac (Instalaci\u00f3n El\u00e9ctrica y de Corrientes D\u00e9biles), Estudio H\u00e9ctor Rodr\u00edguez, Estudio Jorge Alonso (Inst. Sanitaria), GF \/ Estudio Grinberg-Feliz \/ Arq. Nicole Michele (Certificaci\u00f3n Leed), Estudio Pizarro\/ Arq. Pablo Pizarro (Iluminaci\u00f3n), Estudio de Paisajismo \/ Ing. Fernando Gonz\u00e1lez (Paisajismo), Ottobre y Ottobre Arquitectos (Ac\u00fastica), Inplace (Gr\u00e1fica &#8211; Se\u00f1al\u00e9tica), Amalia Favrin, Gestiones y Asesoramiento (Gesti\u00f3n Municipal)<\/span><\/p>\n<p><b>Gerenciamiento.<\/b><span style=\"font-weight: 400;\"> BDO- LINZ<\/span><\/p>\n<p><b>Construcci\u00f3n.<\/b><span style=\"font-weight: 400;\"> Constructora Sudamericana<\/span><\/p>\n<p><b>Ingenier\u00eda en Arquitectura de Fachadas.<\/b><span style=\"font-weight: 400;\"> Cascio SA<\/span><\/p>\n<p><b>Instalaci\u00f3n Termomec\u00e1nica. <\/b><span style=\"font-weight: 400;\">Brignone SA &#8211; Termair SA<\/span><\/p>\n<p><b>Instalaci\u00f3n El\u00e9ctrica. <\/b><span style=\"font-weight: 400;\">T\u00e9cnica Elemec<\/span><\/p>\n<p><b>Instalaci\u00f3n y provisi\u00f3n cableado estructurado.<\/b><span style=\"font-weight: 400;\"> Trans CCTV. Elca<\/span><\/p>\n<p><b>Equipamiento para empresas.<\/b><span style=\"font-weight: 400;\"> Interieur Forma<\/span><\/p>\n<p><b>Carpinter\u00eda Especial.<\/b><span style=\"font-weight: 400;\"> Gasparet<\/span><\/p>\n<p><b>Iluminaci\u00f3n.<\/b><span style=\"font-weight: 400;\"> Signify<\/span><\/p>\n<p><b>Cortinas<\/b><span style=\"font-weight: 400;\">. Leval<\/span><\/p>\n<p><b>Carteler\u00eda Exterior Sucursal.<\/b><span style=\"font-weight: 400;\"> Imak<\/span><\/p>\n<p><b>Ubicaci\u00f3n. <\/b><span style=\"font-weight: 400;\">Av. Garay 151, CABA.<\/span><\/p>\n<p><b>Superficie.<\/b><span style=\"font-weight: 400;\"> 53.107 m2<\/span><\/p>\n<p><b>A\u00f1o.<\/b><span style=\"font-weight: 400;\"> 2013 -2019<\/span><\/div><\/div>\n\n\n<hr class=\"wp-block-separator is-style-wide\"\/>\n\n\n\n<p><strong>Diario:<\/strong>&nbsp;ARQ Clar\u00edn<br><strong>Fecha de publicaci\u00f3n:&nbsp;&nbsp;<\/strong>15 de Octubre de 2019.<\/p>\n\n\n\n<p>Para ver la nota en tama\u00f1o superior o descargarla en PDF haga\u00a0<a href=\"https:\/\/www.solecomunicaciones.com.ar\/assets\/files\/banco-santander-arq-clarin-sole-comunicaciones-15.10.2019.pdf\" target=\"_blank\" rel=\"noreferrer noopener\">click aqu\u00ed.<\/a><\/p>\n\n\n\n<p><strong>TODAS LAS P\u00c1GINAS<\/strong><\/p>\n\n\n\n<div class=\"wp-block-image\"><figure class=\"aligncenter is-resized\"><img loading=\"lazy\" src=\"https:\/\/www.solecomunicaciones.com.ar\/publicaciones\/wp-content\/uploads\/2019\/10\/Santander-ARQ-Clarin-SOLE-Comunicaciones-15.10.2019-tapa.jpg\" alt=\"Banco Santander, ARQ Clar\u00edn, Tapa\" class=\"wp-image-2648\" width=\"238\" height=\"334\" srcset=\"https:\/\/www.solecomunicaciones.com.ar\/publicaciones\/wp-content\/uploads\/2019\/10\/Santander-ARQ-Clarin-SOLE-Comunicaciones-15.10.2019-tapa.jpg 714w, https:\/\/www.solecomunicaciones.com.ar\/publicaciones\/wp-content\/uploads\/2019\/10\/Santander-ARQ-Clarin-SOLE-Comunicaciones-15.10.2019-tapa-214x300.jpg 214w\" sizes=\"(max-width: 238px) 100vw, 238px\" \/><\/figure><\/div>\n\n\n\n<figure class=\"wp-block-gallery columns-3\"><ul class=\"blocks-gallery-grid\"><li class=\"blocks-gallery-item\"><figure><img loading=\"lazy\" width=\"735\" height=\"999\" src=\"https:\/\/www.solecomunicaciones.com.ar\/publicaciones\/wp-content\/uploads\/2019\/10\/Santander-ARQ-Clarin-SOLE-Comunicaciones-15.10.2019-p16.jpg\" alt=\"Banco Santander, ARQ Clar\u00edn, P\u00e1gina 16\" data-id=\"2649\" data-link=\"https:\/\/www.solecomunicaciones.com.ar\/publicaciones\/?attachment_id=2649\" class=\"wp-image-2649\" srcset=\"https:\/\/www.solecomunicaciones.com.ar\/publicaciones\/wp-content\/uploads\/2019\/10\/Santander-ARQ-Clarin-SOLE-Comunicaciones-15.10.2019-p16.jpg 735w, https:\/\/www.solecomunicaciones.com.ar\/publicaciones\/wp-content\/uploads\/2019\/10\/Santander-ARQ-Clarin-SOLE-Comunicaciones-15.10.2019-p16-221x300.jpg 221w\" sizes=\"(max-width: 735px) 100vw, 735px\" \/><\/figure><\/li><li class=\"blocks-gallery-item\"><figure><img loading=\"lazy\" width=\"751\" height=\"1000\" src=\"https:\/\/www.solecomunicaciones.com.ar\/publicaciones\/wp-content\/uploads\/2019\/10\/Santander-ARQ-Clarin-SOLE-Comunicaciones-15.10.2019-p17.jpg\" alt=\"Banco Santander, ARQ Clar\u00edn, P\u00e1gina 17\" data-id=\"2650\" data-link=\"https:\/\/www.solecomunicaciones.com.ar\/publicaciones\/?attachment_id=2650\" class=\"wp-image-2650\" srcset=\"https:\/\/www.solecomunicaciones.com.ar\/publicaciones\/wp-content\/uploads\/2019\/10\/Santander-ARQ-Clarin-SOLE-Comunicaciones-15.10.2019-p17.jpg 751w, https:\/\/www.solecomunicaciones.com.ar\/publicaciones\/wp-content\/uploads\/2019\/10\/Santander-ARQ-Clarin-SOLE-Comunicaciones-15.10.2019-p17-225x300.jpg 225w\" sizes=\"(max-width: 751px) 100vw, 751px\" \/><\/figure><\/li><li class=\"blocks-gallery-item\"><figure><img loading=\"lazy\" width=\"724\" height=\"999\" src=\"https:\/\/www.solecomunicaciones.com.ar\/publicaciones\/wp-content\/uploads\/2019\/10\/Santander-ARQ-Clarin-SOLE-Comunicaciones-15.10.2019-p18.jpg\" alt=\"Banco Santander, ARQ Clar\u00edn, P\u00e1gina 18\" data-id=\"2651\" data-link=\"https:\/\/www.solecomunicaciones.com.ar\/publicaciones\/?attachment_id=2651\" class=\"wp-image-2651\" srcset=\"https:\/\/www.solecomunicaciones.com.ar\/publicaciones\/wp-content\/uploads\/2019\/10\/Santander-ARQ-Clarin-SOLE-Comunicaciones-15.10.2019-p18.jpg 724w, https:\/\/www.solecomunicaciones.com.ar\/publicaciones\/wp-content\/uploads\/2019\/10\/Santander-ARQ-Clarin-SOLE-Comunicaciones-15.10.2019-p18-217x300.jpg 217w\" sizes=\"(max-width: 724px) 100vw, 724px\" \/><\/figure><\/li><li class=\"blocks-gallery-item\"><figure><img loading=\"lazy\" width=\"723\" height=\"1000\" src=\"https:\/\/www.solecomunicaciones.com.ar\/publicaciones\/wp-content\/uploads\/2019\/10\/Santander-ARQ-Clarin-SOLE-Comunicaciones-15.10.2019-p19.jpg\" alt=\"Banco Santander, ARQ Clar\u00edn, P\u00e1gina 19\" data-id=\"2652\" data-link=\"https:\/\/www.solecomunicaciones.com.ar\/publicaciones\/?attachment_id=2652\" class=\"wp-image-2652\" srcset=\"https:\/\/www.solecomunicaciones.com.ar\/publicaciones\/wp-content\/uploads\/2019\/10\/Santander-ARQ-Clarin-SOLE-Comunicaciones-15.10.2019-p19.jpg 723w, https:\/\/www.solecomunicaciones.com.ar\/publicaciones\/wp-content\/uploads\/2019\/10\/Santander-ARQ-Clarin-SOLE-Comunicaciones-15.10.2019-p19-217x300.jpg 217w\" sizes=\"(max-width: 723px) 100vw, 723px\" \/><\/figure><\/li><li class=\"blocks-gallery-item\"><figure><img loading=\"lazy\" width=\"730\" height=\"1000\" src=\"https:\/\/www.solecomunicaciones.com.ar\/publicaciones\/wp-content\/uploads\/2019\/10\/Santander-ARQ-Clarin-SOLE-Comunicaciones-15.10.2019-p21.jpg\" alt=\"Banco Santander, ARQ Clar\u00edn, P\u00e1gina 21\" data-id=\"2653\" data-link=\"https:\/\/www.solecomunicaciones.com.ar\/publicaciones\/?attachment_id=2653\" class=\"wp-image-2653\" srcset=\"https:\/\/www.solecomunicaciones.com.ar\/publicaciones\/wp-content\/uploads\/2019\/10\/Santander-ARQ-Clarin-SOLE-Comunicaciones-15.10.2019-p21.jpg 730w, https:\/\/www.solecomunicaciones.com.ar\/publicaciones\/wp-content\/uploads\/2019\/10\/Santander-ARQ-Clarin-SOLE-Comunicaciones-15.10.2019-p21-219x300.jpg 219w\" sizes=\"(max-width: 730px) 100vw, 730px\" \/><\/figure><\/li><li class=\"blocks-gallery-item\"><figure><img loading=\"lazy\" width=\"718\" height=\"1000\" src=\"https:\/\/www.solecomunicaciones.com.ar\/publicaciones\/wp-content\/uploads\/2019\/10\/Santander-ARQ-Clarin-SOLE-Comunicaciones-15.10.2019-p20.jpg\" alt=\"Banco Santander, ARQ Clar\u00edn, P\u00e1gina 20\" data-id=\"2654\" data-link=\"https:\/\/www.solecomunicaciones.com.ar\/publicaciones\/?attachment_id=2654\" class=\"wp-image-2654\" srcset=\"https:\/\/www.solecomunicaciones.com.ar\/publicaciones\/wp-content\/uploads\/2019\/10\/Santander-ARQ-Clarin-SOLE-Comunicaciones-15.10.2019-p20.jpg 718w, https:\/\/www.solecomunicaciones.com.ar\/publicaciones\/wp-content\/uploads\/2019\/10\/Santander-ARQ-Clarin-SOLE-Comunicaciones-15.10.2019-p20-215x300.jpg 215w\" sizes=\"(max-width: 718px) 100vw, 718px\" \/><\/figure><\/li><li class=\"blocks-gallery-item\"><figure><img loading=\"lazy\" width=\"748\" height=\"1000\" src=\"https:\/\/www.solecomunicaciones.com.ar\/publicaciones\/wp-content\/uploads\/2019\/10\/Santander-ARQ-Clarin-SOLE-Comunicaciones-15.10.2019-p22.jpg\" alt=\"Banco Santander, ARQ Clar\u00edn, P\u00e1gina 22\" data-id=\"2655\" data-link=\"https:\/\/www.solecomunicaciones.com.ar\/publicaciones\/?attachment_id=2655\" class=\"wp-image-2655\" srcset=\"https:\/\/www.solecomunicaciones.com.ar\/publicaciones\/wp-content\/uploads\/2019\/10\/Santander-ARQ-Clarin-SOLE-Comunicaciones-15.10.2019-p22.jpg 748w, https:\/\/www.solecomunicaciones.com.ar\/publicaciones\/wp-content\/uploads\/2019\/10\/Santander-ARQ-Clarin-SOLE-Comunicaciones-15.10.2019-p22-224x300.jpg 224w\" sizes=\"(max-width: 748px) 100vw, 748px\" \/><\/figure><\/li><li class=\"blocks-gallery-item\"><figure><img loading=\"lazy\" width=\"752\" height=\"1000\" src=\"https:\/\/www.solecomunicaciones.com.ar\/publicaciones\/wp-content\/uploads\/2019\/10\/Santander-ARQ-Clarin-SOLE-Comunicaciones-15.10.2019-p23.jpg\" alt=\"Banco Santander, ARQ Clar\u00edn, P\u00e1gina 23\" data-id=\"2656\" data-link=\"https:\/\/www.solecomunicaciones.com.ar\/publicaciones\/?attachment_id=2656\" class=\"wp-image-2656\" srcset=\"https:\/\/www.solecomunicaciones.com.ar\/publicaciones\/wp-content\/uploads\/2019\/10\/Santander-ARQ-Clarin-SOLE-Comunicaciones-15.10.2019-p23.jpg 752w, https:\/\/www.solecomunicaciones.com.ar\/publicaciones\/wp-content\/uploads\/2019\/10\/Santander-ARQ-Clarin-SOLE-Comunicaciones-15.10.2019-p23-226x300.jpg 226w\" sizes=\"(max-width: 752px) 100vw, 752px\" \/><\/figure><\/li><li class=\"blocks-gallery-item\"><figure><img loading=\"lazy\" width=\"730\" height=\"1000\" src=\"https:\/\/www.solecomunicaciones.com.ar\/publicaciones\/wp-content\/uploads\/2019\/10\/Santander-ARQ-Clarin-SOLE-Comunicaciones-15.10.2019-p24.jpg\" alt=\"Banco Santander, ARQ Clar\u00edn, P\u00e1gina 24\" data-id=\"2657\" data-link=\"https:\/\/www.solecomunicaciones.com.ar\/publicaciones\/?attachment_id=2657\" class=\"wp-image-2657\" srcset=\"https:\/\/www.solecomunicaciones.com.ar\/publicaciones\/wp-content\/uploads\/2019\/10\/Santander-ARQ-Clarin-SOLE-Comunicaciones-15.10.2019-p24.jpg 730w, https:\/\/www.solecomunicaciones.com.ar\/publicaciones\/wp-content\/uploads\/2019\/10\/Santander-ARQ-Clarin-SOLE-Comunicaciones-15.10.2019-p24-219x300.jpg 219w\" sizes=\"(max-width: 730px) 100vw, 730px\" \/><\/figure><\/li><\/ul><\/figure>\n","protected":false},"excerpt":{"rendered":"<p>Banco Santander desembarc\u00f3  en el Sur porte\u00f1o de la mano  del estudio Urgell Penedo  Urgell. Adem\u00e1s, cambi\u00f3  su imagen corporativa y reformul\u00f3 el  dise\u00f1o de sus  sucursales.<\/p>\n","protected":false},"author":1,"featured_media":2648,"comment_status":"open","ping_status":"open","sticky":false,"template":"","format":"standard","meta":[],"categories":[7],"tags":[12,14,44,60,33,61],"yoast_head":"<!-- This site is optimized with the Yoast SEO plugin v14.9 - https:\/\/yoast.com\/wordpress\/plugins\/seo\/ -->\n<title>NAVE INSIGNIA: Banco Santander - Sole Comunicaciones<\/title>\n<meta name=\"description\" content=\"Banco Santander desembarc\u00f3 en el Sur porte\u00f1o de la mano del estudio Urgell Penedo Urgell. Adem\u00e1s, cambi\u00f3 su imagen corporativa y reformul\u00f3 el dise\u00f1o de sus sucursales.\" \/>\n<meta name=\"robots\" content=\"index, follow, max-snippet:-1, max-image-preview:large, max-video-preview:-1\" \/>\n<link rel=\"canonical\" href=\"https:\/\/www.solecomunicaciones.com.ar\/publicaciones\/banco-santander-arq-clarin-15-10-2019\/\" \/>\n<meta property=\"og:locale\" content=\"es_ES\" \/>\n<meta property=\"og:type\" content=\"article\" \/>\n<meta property=\"og:title\" content=\"NAVE INSIGNIA: Banco Santander\" \/>\n<meta property=\"og:description\" content=\"Banco Santander desembarc\u00f3 en el Sur porte\u00f1o de la mano del estudio Urgell Penedo Urgell. Adem\u00e1s, cambi\u00f3 su imagen corporativa y reformul\u00f3 el dise\u00f1o de sus sucursales.\" \/>\n<meta property=\"og:url\" content=\"https:\/\/www.solecomunicaciones.com.ar\/publicaciones\/banco-santander-arq-clarin-15-10-2019\/\" \/>\n<meta property=\"og:site_name\" content=\"Sole Comunicaciones\" \/>\n<meta property=\"article:published_time\" content=\"2019-10-15T15:21:11+00:00\" \/>\n<meta property=\"article:modified_time\" content=\"2020-11-03T21:46:52+00:00\" \/>\n<meta property=\"og:image\" content=\"https:\/\/www.solecomunicaciones.com.ar\/publicaciones\/wp-content\/uploads\/2019\/10\/Santander-ARQ-Clarin-SOLE-Comunicaciones-15.10.2019-tapa.jpg\" \/>\n\t<meta property=\"og:image:width\" content=\"714\" \/>\n\t<meta property=\"og:image:height\" content=\"1000\" \/>\n<meta name=\"twitter:card\" content=\"summary_large_image\" \/>\n<script type=\"application\/ld+json\" class=\"yoast-schema-graph\">{\"@context\":\"https:\/\/schema.org\",\"@graph\":[{\"@type\":\"WebSite\",\"@id\":\"https:\/\/www.solecomunicaciones.com.ar\/publicaciones\/#website\",\"url\":\"https:\/\/www.solecomunicaciones.com.ar\/publicaciones\/\",\"name\":\"Sole Comunicaciones\",\"description\":\"Publicaciones \",\"potentialAction\":[{\"@type\":\"SearchAction\",\"target\":\"https:\/\/www.solecomunicaciones.com.ar\/publicaciones\/?s={search_term_string}\",\"query-input\":\"required name=search_term_string\"}],\"inLanguage\":\"es\"},{\"@type\":\"ImageObject\",\"@id\":\"https:\/\/www.solecomunicaciones.com.ar\/publicaciones\/banco-santander-arq-clarin-15-10-2019\/#primaryimage\",\"inLanguage\":\"es\",\"url\":\"https:\/\/www.solecomunicaciones.com.ar\/publicaciones\/wp-content\/uploads\/2019\/10\/Santander-ARQ-Clarin-SOLE-Comunicaciones-15.10.2019-tapa.jpg\",\"width\":714,\"height\":1000,\"caption\":\"Banco Santander, ARQ Clar\\u00edn, Tapa\"},{\"@type\":\"WebPage\",\"@id\":\"https:\/\/www.solecomunicaciones.com.ar\/publicaciones\/banco-santander-arq-clarin-15-10-2019\/#webpage\",\"url\":\"https:\/\/www.solecomunicaciones.com.ar\/publicaciones\/banco-santander-arq-clarin-15-10-2019\/\",\"name\":\"NAVE INSIGNIA: Banco Santander - Sole Comunicaciones\",\"isPartOf\":{\"@id\":\"https:\/\/www.solecomunicaciones.com.ar\/publicaciones\/#website\"},\"primaryImageOfPage\":{\"@id\":\"https:\/\/www.solecomunicaciones.com.ar\/publicaciones\/banco-santander-arq-clarin-15-10-2019\/#primaryimage\"},\"datePublished\":\"2019-10-15T15:21:11+00:00\",\"dateModified\":\"2020-11-03T21:46:52+00:00\",\"author\":{\"@id\":\"https:\/\/www.solecomunicaciones.com.ar\/publicaciones\/#\/schema\/person\/34cc02109c051703283321a51075178c\"},\"description\":\"Banco Santander desembarc\\u00f3 en el Sur porte\\u00f1o de la mano del estudio Urgell Penedo Urgell. Adem\\u00e1s, cambi\\u00f3 su imagen corporativa y reformul\\u00f3 el dise\\u00f1o de sus sucursales.\",\"inLanguage\":\"es\",\"potentialAction\":[{\"@type\":\"ReadAction\",\"target\":[\"https:\/\/www.solecomunicaciones.com.ar\/publicaciones\/banco-santander-arq-clarin-15-10-2019\/\"]}]},{\"@type\":\"Person\",\"@id\":\"https:\/\/www.solecomunicaciones.com.ar\/publicaciones\/#\/schema\/person\/34cc02109c051703283321a51075178c\",\"name\":\"Sole C&amp;M\",\"image\":{\"@type\":\"ImageObject\",\"@id\":\"https:\/\/www.solecomunicaciones.com.ar\/publicaciones\/#personlogo\",\"inLanguage\":\"es\",\"url\":\"https:\/\/secure.gravatar.com\/avatar\/98dec144ab5b4969e6b78831b015326b?s=96&d=mm&r=g\",\"caption\":\"Sole C&amp;M\"}}]}<\/script>\n<!-- \/ Yoast SEO plugin. -->","_links":{"self":[{"href":"https:\/\/www.solecomunicaciones.com.ar\/publicaciones\/wp-json\/wp\/v2\/posts\/2639"}],"collection":[{"href":"https:\/\/www.solecomunicaciones.com.ar\/publicaciones\/wp-json\/wp\/v2\/posts"}],"about":[{"href":"https:\/\/www.solecomunicaciones.com.ar\/publicaciones\/wp-json\/wp\/v2\/types\/post"}],"author":[{"embeddable":true,"href":"https:\/\/www.solecomunicaciones.com.ar\/publicaciones\/wp-json\/wp\/v2\/users\/1"}],"replies":[{"embeddable":true,"href":"https:\/\/www.solecomunicaciones.com.ar\/publicaciones\/wp-json\/wp\/v2\/comments?post=2639"}],"version-history":[{"count":10,"href":"https:\/\/www.solecomunicaciones.com.ar\/publicaciones\/wp-json\/wp\/v2\/posts\/2639\/revisions"}],"predecessor-version":[{"id":2804,"href":"https:\/\/www.solecomunicaciones.com.ar\/publicaciones\/wp-json\/wp\/v2\/posts\/2639\/revisions\/2804"}],"wp:featuredmedia":[{"embeddable":true,"href":"https:\/\/www.solecomunicaciones.com.ar\/publicaciones\/wp-json\/wp\/v2\/media\/2648"}],"wp:attachment":[{"href":"https:\/\/www.solecomunicaciones.com.ar\/publicaciones\/wp-json\/wp\/v2\/media?parent=2639"}],"wp:term":[{"taxonomy":"category","embeddable":true,"href":"https:\/\/www.solecomunicaciones.com.ar\/publicaciones\/wp-json\/wp\/v2\/categories?post=2639"},{"taxonomy":"post_tag","embeddable":true,"href":"https:\/\/www.solecomunicaciones.com.ar\/publicaciones\/wp-json\/wp\/v2\/tags?post=2639"}],"curies":[{"name":"wp","href":"https:\/\/api.w.org\/{rel}","templated":true}]}}