{"id":2632,"date":"2019-10-08T11:23:16","date_gmt":"2019-10-08T14:23:16","guid":{"rendered":"https:\/\/www.solecomunicaciones.com.ar\/publicaciones\/?p=2632"},"modified":"2020-11-03T18:47:59","modified_gmt":"2020-11-03T21:47:59","slug":"teslaii-neumann-kohn-arq-clarin-08-10-2019","status":"publish","type":"post","link":"https:\/\/www.solecomunicaciones.com.ar\/publicaciones\/teslaii-neumann-kohn-arq-clarin-08-10-2019\/","title":{"rendered":"Tesla II: En busca de una atm\u00f3sfera amigable y din\u00e1mica \/ Neumann-Kohn"},"content":{"rendered":"\n<h3 class=\"justificar-texto\"> Los conceptos detr\u00e1s de un complejo corporativo que promueve la productividad a partir del dise\u00f1o. <\/h3>\n\n\n\n<p class=\"justificar-texto\">Remontar el \u00e1nimo para arrancar la jornada laboral los lunes es dif\u00edcil para cualquiera. Sin embargo, ciertas situaciones pueden alivianar el d\u00eda, sobre todo si se empieza con m\u00fasica en vivo en el lobby del trabajo. Este detalle y tantos otros est\u00e1n incluidos en el edificio de oficinas Tesla II, dise\u00f1ado por el estudio de arquitectura Neumann-Kohn.<\/p>\n\n\n\n<figure class=\"wp-block-gallery columns-1 is-cropped\"><ul class=\"blocks-gallery-grid\"><li class=\"blocks-gallery-item\"><figure><img loading=\"lazy\" width=\"735\" height=\"1000\" src=\"https:\/\/www.solecomunicaciones.com.ar\/publicaciones\/wp-content\/uploads\/2019\/10\/teslaII-Nuemann_Kohn-ARQ-Clarin-Sole-Comunicaciones-pagina10-08.10.19..jpg\" alt=\"\" data-id=\"2635\" data-link=\"https:\/\/www.solecomunicaciones.com.ar\/publicaciones\/?attachment_id=2635\" class=\"wp-image-2635\" srcset=\"https:\/\/www.solecomunicaciones.com.ar\/publicaciones\/wp-content\/uploads\/2019\/10\/teslaII-Nuemann_Kohn-ARQ-Clarin-Sole-Comunicaciones-pagina10-08.10.19..jpg 735w, https:\/\/www.solecomunicaciones.com.ar\/publicaciones\/wp-content\/uploads\/2019\/10\/teslaII-Nuemann_Kohn-ARQ-Clarin-Sole-Comunicaciones-pagina10-08.10.19.-221x300.jpg 221w\" sizes=\"(max-width: 735px) 100vw, 735px\" \/><\/figure><\/li><\/ul><\/figure>\n\n\n\n<p class=\"justificar-texto\">El conjunto, compuesto por tres subsuelos, planta baja y once pisos que completan 27.800 m2, se pens\u00f3 desde la desarrolladora y los propios arquitectos con la intenci\u00f3n de que sea una construcci\u00f3n innovadora. \u201cLa idea rectora con la que se encar\u00f3 el proyecto de este edificio, un emprendimiento de grandes dimensiones para el vecindario donde se levanta, era la de lograr una atm\u00f3sfera a la vez amigable y din\u00e1mica, algo que se percibe en cada uno de los pisos de oficinas\u201d, sostienen los autores.<\/p>\n\n\n\n<p class=\"justificar-texto\">Para la fachada sobre la avenida Caseros, con vistas al follaje del Parque de los Patricios, se descart\u00f3 la soluci\u00f3n de un plano vidriado integral y se plante\u00f3 una composici\u00f3n que juega con reflejos y tonalidades, dos condiciones que var\u00edan a lo largo del d\u00eda y cambian notoriamente con las estaciones del a\u00f1o.<\/p>\n\n\n\n<p class=\"justificar-texto\">Los cerramientos de frente y contrafrente son de doble vidrio herm\u00e9tico, lo que asegura aislaci\u00f3n t\u00e9rmica y ac\u00fastica de alta calidad, cumpliendo&nbsp; con las estipulaciones requeridas por la certificaci\u00f3n LEED en la categor\u00eda Silver.<\/p>\n\n\n\n<p class=\"justificar-texto\">A las plantas amplias y flexibles de oficinas, en el piso 11 se sum\u00f3 un gran espacio de roof top que incluye un restaurante y una sala para reuniones corporativas y culturales, un rasgo que aporta un diferencial a las compa\u00f1\u00edas que deciden alojarse aqu\u00ed. Adem\u00e1s, terrazas-jard\u00edn con vistas espectaculares al contorno verde y urbano completan la escena cotidiana de los empleados.<\/p>\n\n\n\n<p class=\"justificar-texto\">Una sala de reuniones apta para cursos, coloquios y conferencias suma un servicio muy \u00fatil para las empresas locatarias.<\/p>\n\n\n\n<figure class=\"wp-block-image\"><img loading=\"lazy\" width=\"731\" height=\"1000\" src=\"https:\/\/www.solecomunicaciones.com.ar\/publicaciones\/wp-content\/uploads\/2019\/10\/teslaII-Nuemann_Kohn-ARQ-Clarin-Sole-Comunicaciones-pagina11-08.10.19.jpg\" alt=\"\" class=\"wp-image-2636\" srcset=\"https:\/\/www.solecomunicaciones.com.ar\/publicaciones\/wp-content\/uploads\/2019\/10\/teslaII-Nuemann_Kohn-ARQ-Clarin-Sole-Comunicaciones-pagina11-08.10.19.jpg 731w, https:\/\/www.solecomunicaciones.com.ar\/publicaciones\/wp-content\/uploads\/2019\/10\/teslaII-Nuemann_Kohn-ARQ-Clarin-Sole-Comunicaciones-pagina11-08.10.19-219x300.jpg 219w\" sizes=\"(max-width: 731px) 100vw, 731px\" \/><\/figure>\n\n\n\n<p class=\"justificar-texto\">Nueve ascensores, en bater\u00edas de tres y seis unidades, atienden el tr\u00e1nsito vertical de todo&nbsp; el edificio. En NS Desarrollos afirman que \u201cla  premisa fue crear espacios estimulantes y  sugerentes, adecuados para&nbsp; trabajar con din\u00e1mica y en una buena atm\u00f3sfera\u201d.<\/p>\n\n\n\n<p class=\"justificar-texto\">En esta l\u00ednea, desde el ingreso hasta el \u00faltimo nivel, los arquitectos pensaron que la escala y el tipo de \u00e1reas se ajustaran a la intenci\u00f3n de crear din\u00e1mica laboral y un clima positivo. El mejor indicador del \u00e9xito de la propuesta es que las firmas m\u00e1s innovadoras decidieron instalarse en Tesla II. Por caso, Mercado Libre ocupa seis pisos; Nokia, dos ; y Huawei, dos semipisos. Neoris, Provincia Net, Cardinal y Stefanini son otras de las firmas que optaron por este edificio para optimizar las condiciones laborales de sus empleados.<\/p>\n\n\n\n<h2><strong>FICHA T\u00c9CNICA &#8211; TESLA II<\/strong><\/h2>\n\n\n\n<ul><li><strong>Proyecto y Direcci\u00f3n.<\/strong> Arqs. Lucio Neumann y Marisa Kohn.<\/li><li><strong>Proyecto.<\/strong> Lucio Neumann<\/li><li><strong>Documentaci\u00f3n t\u00e9cnica.<\/strong> Arqs. Anabella P\u00e9rez, Santiago Garc\u00eda Tezanos Pinto, Mart\u00edn Groba, Demi\u00e1n Embon<\/li><li><strong>Direcci\u00f3n de Obra<\/strong>. Lucio Neumann<\/li><li><strong>Asistente de Direcci\u00f3n.<\/strong> Anabella P\u00e9rez<\/li><li><strong>Jefe de Obra.<\/strong> Arq. Milena Barreto<\/li><li><strong>Sobrestante.<\/strong> Arqs. Agustina Milefanti y Martina Carancci<\/li><li><strong>Renders.<\/strong> Tom\u00e1s Palti y Nikolay Gospodinov<\/li><li><strong>Estructuralista.<\/strong> Ing. Adri\u00e1n Comelli<\/li><li><strong>Proyecto Sanitario. <\/strong>Arq. Gabriel Pinolo<\/li><li><strong>Proyecto El\u00e9ctrico.<\/strong> Ing. Norberto Branderburgo<\/li><li><strong>Proyecto Termomec\u00e1nico.<\/strong> Estudio Grinberg, Ing. N\u00e9stor Feliz<\/li><li><strong>Desarrollo y comercializaci\u00f3n del proyecto.<\/strong> ALDEA &#8211; Pablo<br>Saubidet, Alex Sakkal y Andr\u00e9s Neuman<\/li><li><strong>Fotos.<\/strong> Asdr\u00fabal Zuleta <\/li><\/ul>\n\n\n\n<figure class=\"wp-block-gallery columns-1 is-cropped\"><ul class=\"blocks-gallery-grid\"><li class=\"blocks-gallery-item\"><figure><img loading=\"lazy\" width=\"728\" height=\"1000\" src=\"https:\/\/www.solecomunicaciones.com.ar\/publicaciones\/wp-content\/uploads\/2019\/10\/teslaII-Nuemann_Kohn-ARQ-Clarin-Sole-Comunicaciones-pagina12-08.10.jpg\" alt=\"\" data-id=\"2637\" data-link=\"https:\/\/www.solecomunicaciones.com.ar\/publicaciones\/?attachment_id=2637\" class=\"wp-image-2637\" srcset=\"https:\/\/www.solecomunicaciones.com.ar\/publicaciones\/wp-content\/uploads\/2019\/10\/teslaII-Nuemann_Kohn-ARQ-Clarin-Sole-Comunicaciones-pagina12-08.10.jpg 728w, https:\/\/www.solecomunicaciones.com.ar\/publicaciones\/wp-content\/uploads\/2019\/10\/teslaII-Nuemann_Kohn-ARQ-Clarin-Sole-Comunicaciones-pagina12-08.10-218x300.jpg 218w\" sizes=\"(max-width: 728px) 100vw, 728px\" \/><\/figure><\/li><\/ul><\/figure>\n\n\n\n<h2>OPINI\u00d3N &#8211; Arquitecto Lucio Neumann<\/h2>\n\n\n\n<h3>\u00bfQU\u00c9 ES UN EDIFICIO CORPORATIVO?<\/h3>\n\n\n\n<blockquote class=\"wp-block-quote justificar-texto\"><p>Para responder a este interrogante habr\u00e1 que detectar cu\u00e1les son los rasgos distintivos que, m\u00e1s all\u00e1 de su morfolog\u00eda o de sus recursos tecnol\u00f3gicos, pueden darle singularidad a una obra de este tipo.<\/p><p> Cuando enfrentamos el reto de dise\u00f1ar y construir el Tesla II, los desarrolladores nos desafiaron a cambiar el punto de partida tradicional. En lugar de dise\u00f1ar el edificio pensando en los clientes (las empresas que compran o alquilan), nos propusieron poner el foco en las necesidades de los usuarios directos. Los j\u00f3venes que utilizar\u00edan nuestros espacios viven en la era de lo instant\u00e1neo, no desarrollan lazos permanentes con las empresas en las que trabajan. Tienen inquietudes ecol\u00f3gicas, son gregarios e informados. <\/p><p> Las empresas luchan por atraer su atenci\u00f3n y por afianzar los v\u00ednculos con esta tribu juvenil. En este sentido, el entorno laboral es una herramienta poderosa en la captaci\u00f3n y la retenci\u00f3n de los recursos humanos. Tanto el programa de necesidades como los interiores de los pisos que pensamos en el estudio se elaboraron con estas ideas como vectores principales. En lugar de dise\u00f1ar un contenedor vac\u00edo que se prende a las 9 y se apaga a las 19, proyectamos un h\u00e1bitat en el que los habitantes trabajan, socializan, comen, se ejercitan y se capacitan. En Tesla II los empleados pueden trabajar en su escritorio o en la terraza de 2.000 metros cuadrados con su port\u00e1til y un caf\u00e9. Si su horario es flexible, una vuelta con la bici gratuita del edificio sirve para distraerse; para hacer un tr\u00e1mite hay una sucursal bancaria en el edificio y se ahorra tiempo, y si un amigo o amiga va de visita, compartir&nbsp; un \u201clatte\u201d en el caf\u00e9 de la planta baja ayuda a enriquecer el d\u00eda. Los lunes son un d\u00eda dif\u00edcil pero en Tesla empiezan con m\u00fasica en vivo en el lobby. <\/p><p> La tecnolog\u00eda inform\u00e1tica es una herramienta espectacular, pero ocho horas de computadora dejan la espalda a la miseria; un rato de fitness en los 1.000 metros cuadrados de gimnasio ayudan a mejorarla y a bajar el stress, lo mismo que hacer yoga en el piso 11. Hasta ofrecemos a los j\u00f3venes traer la ropa sucia de su casa para que la laven en el edificio. Si la sala de reuniones de la empresa no alcanzara, un auditorio para 150 personas y con toda la tecnolog\u00eda est\u00e1 disponible junto a un restaurante de primer nivel y con vistas urbanas \u00fanicas. Ahora s\u00ed, es posible que podamos responder a la pregunta que propone el t\u00edtulo.<\/p><cite> Arquitecto Lucio Neumann <\/cite><\/blockquote>\n\n\n\n<figure class=\"wp-block-gallery columns-1 is-cropped\"><ul class=\"blocks-gallery-grid\"><li class=\"blocks-gallery-item\"><figure><img loading=\"lazy\" width=\"681\" height=\"1000\" src=\"https:\/\/www.solecomunicaciones.com.ar\/publicaciones\/wp-content\/uploads\/2019\/10\/teslaII-Nuemann_Kohn-ARQ-Clarin-Sole-Comunicaciones-pagina13-08.jpg\" alt=\"\" data-id=\"2634\" data-link=\"https:\/\/www.solecomunicaciones.com.ar\/publicaciones\/?attachment_id=2634\" class=\"wp-image-2634\" srcset=\"https:\/\/www.solecomunicaciones.com.ar\/publicaciones\/wp-content\/uploads\/2019\/10\/teslaII-Nuemann_Kohn-ARQ-Clarin-Sole-Comunicaciones-pagina13-08.jpg 681w, https:\/\/www.solecomunicaciones.com.ar\/publicaciones\/wp-content\/uploads\/2019\/10\/teslaII-Nuemann_Kohn-ARQ-Clarin-Sole-Comunicaciones-pagina13-08-204x300.jpg 204w\" sizes=\"(max-width: 681px) 100vw, 681px\" \/><\/figure><\/li><\/ul><\/figure>\n\n\n\n<h2>OPINI\u00d3N &#8211; In\u00e9s \u00c1lvarez<\/h2>\n\n\n\n<h3>LAS OFICINAS, EL MOTOR DEL CAMBIO<\/h3>\n\n\n\n<blockquote class=\"wp-block-quote justificar-texto\"><p> Hace poco m\u00e1s de diez a\u00f1os Parque Patricios era un barrio de corte netamente residencial, con la desventaja de haber quedado relegado durante a\u00f1os de la obra p\u00fablica. Y as\u00ed como esta situaci\u00f3n manten\u00eda a distancia a los desarrolladores; la llegada del subte H, la mejora en la iluminaci\u00f3n, veredas y la instalaci\u00f3n de la sede del GCBA puso a Parque Patricios en el centro de la escena. Es cierto que la ley 2972 con la que se crea el Distrito Tecnol\u00f3gico signific\u00f3 un impulso para las empresas del rubro que se instalan all\u00ed; pero no hay beneficio impositivo o financiero que valga si las condiciones de vida del \u00e1rea no son las adecuadas.<br><br>Actualmente, m\u00e1s de 15 mil personas ingresan al barrio para trabajar, lo que estimul\u00f3 el comercio y el mercado residencial. Las cerca de 300 compa\u00f1\u00edas de renombre que se mudaron a Parque Patricios \u201ccompiten\u201d por contar con los mejores pisos, sumar amenities originales y lograr vistas al Parque de los Patricios. El polo de oficinas incentiv\u00f3 la inversi\u00f3n en otros rubros como el gastron\u00f3mico, lo que devino en una actualizaci\u00f3n del barrio con locales de cadenas reconocidas como Starbucks, Megatlon, Havanna, adem\u00e1s de otros orientados a ofrecer after office con picadas y cervezas de autor.<br><br>A esto se le suman las propuestas innovadoras que aportan los propios edificios corporativos. Por caso, el programa Comunidad Aldea, que organiza la firma NS Desarrollos en los tres edificios que tiene en el barrio, propone experiencias dise\u00f1adas para generar intercambio entre los empleados de todas las empresas que trabajan en sus emprendimientos. Seg\u00fan explican desde la compa\u00f1\u00eda, esta propuesta suma valor como un amenity m\u00e1s y est\u00e1 orientada al \u201caprendizaje, la vida sana, el ocio y la experimentaci\u00f3n\u201d, e incluye una serie de actividades novedosas que van desde m\u00fasica en vivo hasta una intervenci\u00f3n en el hall realizada por la florista del barrio. Parque Patricios est\u00e1 en una etapa de transici\u00f3n, de la abulia al dinamismo. Un esp\u00edritu joven lo invadi\u00f3 por completo y lo despert\u00f3 del letargo.<\/p><cite> In\u00e9s \u00c1lvarez <\/cite><\/blockquote>\n\n\n\n<hr class=\"wp-block-separator is-style-wide\"\/>\n\n\n\n<p><strong>Diario:<\/strong>&nbsp;ARQ CLAR\u00cdN<br><strong>Fecha de publicaci\u00f3n:&nbsp;&nbsp;<\/strong>08 de Octubre de 2019. <\/p>\n\n\n\n<p>Para ver la nota en tama\u00f1o superior o descargarla en PDF haga\u00a0<a href=\"https:\/\/www.solecomunicaciones.com.ar\/assets\/files\/teslaII-Nuemann_Kohn-ARQ-Clarin-Sole-Comunicaciones-08.10.2019.pdf\">click aqu\u00ed.<\/a><\/p>\n\n\n\n<figure class=\"wp-block-gallery columns-2 is-cropped\"><ul class=\"blocks-gallery-grid\"><li class=\"blocks-gallery-item\"><figure><img loading=\"lazy\" width=\"735\" height=\"1000\" src=\"https:\/\/www.solecomunicaciones.com.ar\/publicaciones\/wp-content\/uploads\/2019\/10\/teslaII-Nuemann_Kohn-ARQ-Clarin-Sole-Comunicaciones-pagina10-08.10.19..jpg\" alt=\"\" data-id=\"2635\" data-link=\"https:\/\/www.solecomunicaciones.com.ar\/publicaciones\/?attachment_id=2635\" class=\"wp-image-2635\" srcset=\"https:\/\/www.solecomunicaciones.com.ar\/publicaciones\/wp-content\/uploads\/2019\/10\/teslaII-Nuemann_Kohn-ARQ-Clarin-Sole-Comunicaciones-pagina10-08.10.19..jpg 735w, https:\/\/www.solecomunicaciones.com.ar\/publicaciones\/wp-content\/uploads\/2019\/10\/teslaII-Nuemann_Kohn-ARQ-Clarin-Sole-Comunicaciones-pagina10-08.10.19.-221x300.jpg 221w\" sizes=\"(max-width: 735px) 100vw, 735px\" \/><\/figure><\/li><li class=\"blocks-gallery-item\"><figure><img loading=\"lazy\" width=\"731\" height=\"1000\" src=\"https:\/\/www.solecomunicaciones.com.ar\/publicaciones\/wp-content\/uploads\/2019\/10\/teslaII-Nuemann_Kohn-ARQ-Clarin-Sole-Comunicaciones-pagina11-08.10.19.jpg\" alt=\"\" data-id=\"2636\" data-link=\"https:\/\/www.solecomunicaciones.com.ar\/publicaciones\/?attachment_id=2636\" class=\"wp-image-2636\" srcset=\"https:\/\/www.solecomunicaciones.com.ar\/publicaciones\/wp-content\/uploads\/2019\/10\/teslaII-Nuemann_Kohn-ARQ-Clarin-Sole-Comunicaciones-pagina11-08.10.19.jpg 731w, https:\/\/www.solecomunicaciones.com.ar\/publicaciones\/wp-content\/uploads\/2019\/10\/teslaII-Nuemann_Kohn-ARQ-Clarin-Sole-Comunicaciones-pagina11-08.10.19-219x300.jpg 219w\" sizes=\"(max-width: 731px) 100vw, 731px\" \/><\/figure><\/li><li class=\"blocks-gallery-item\"><figure><img loading=\"lazy\" width=\"728\" height=\"1000\" src=\"https:\/\/www.solecomunicaciones.com.ar\/publicaciones\/wp-content\/uploads\/2019\/10\/teslaII-Nuemann_Kohn-ARQ-Clarin-Sole-Comunicaciones-pagina12-08.10.jpg\" alt=\"\" data-id=\"2637\" data-link=\"https:\/\/www.solecomunicaciones.com.ar\/publicaciones\/?attachment_id=2637\" class=\"wp-image-2637\" srcset=\"https:\/\/www.solecomunicaciones.com.ar\/publicaciones\/wp-content\/uploads\/2019\/10\/teslaII-Nuemann_Kohn-ARQ-Clarin-Sole-Comunicaciones-pagina12-08.10.jpg 728w, https:\/\/www.solecomunicaciones.com.ar\/publicaciones\/wp-content\/uploads\/2019\/10\/teslaII-Nuemann_Kohn-ARQ-Clarin-Sole-Comunicaciones-pagina12-08.10-218x300.jpg 218w\" sizes=\"(max-width: 728px) 100vw, 728px\" \/><\/figure><\/li><li class=\"blocks-gallery-item\"><figure><img loading=\"lazy\" width=\"681\" height=\"1000\" src=\"https:\/\/www.solecomunicaciones.com.ar\/publicaciones\/wp-content\/uploads\/2019\/10\/teslaII-Nuemann_Kohn-ARQ-Clarin-Sole-Comunicaciones-pagina13-08.jpg\" alt=\"\" data-id=\"2634\" data-link=\"https:\/\/www.solecomunicaciones.com.ar\/publicaciones\/?attachment_id=2634\" class=\"wp-image-2634\" srcset=\"https:\/\/www.solecomunicaciones.com.ar\/publicaciones\/wp-content\/uploads\/2019\/10\/teslaII-Nuemann_Kohn-ARQ-Clarin-Sole-Comunicaciones-pagina13-08.jpg 681w, https:\/\/www.solecomunicaciones.com.ar\/publicaciones\/wp-content\/uploads\/2019\/10\/teslaII-Nuemann_Kohn-ARQ-Clarin-Sole-Comunicaciones-pagina13-08-204x300.jpg 204w\" sizes=\"(max-width: 681px) 100vw, 681px\" \/><\/figure><\/li><\/ul><\/figure>\n","protected":false},"excerpt":{"rendered":"<p>Los conceptos detr\u00e1s de un complejo corporativo que promueve la productividad a partir del dise\u00f1o. Tesla II, por el estudio de arquitectos Neumann-Kohn.<\/p>\n","protected":false},"author":1,"featured_media":2635,"comment_status":"open","ping_status":"open","sticky":false,"template":"","format":"standard","meta":[],"categories":[7],"tags":[12,13,14],"yoast_head":"<!-- This site is optimized with the Yoast SEO plugin v14.9 - https:\/\/yoast.com\/wordpress\/plugins\/seo\/ -->\n<title>Tesla II: En busca de una atm\u00f3sfera amigable y din\u00e1mica \/ Neumann-Kohn - Sole Comunicaciones<\/title>\n<meta name=\"description\" content=\"Los conceptos detr\u00e1s de un complejo corporativo que promueve la productividad a partir del dise\u00f1o. Tesla II, por el estudio de arquitectos Neumann-Kohn.\" \/>\n<meta name=\"robots\" content=\"index, follow, max-snippet:-1, max-image-preview:large, max-video-preview:-1\" \/>\n<link rel=\"canonical\" href=\"https:\/\/www.solecomunicaciones.com.ar\/publicaciones\/teslaii-neumann-kohn-arq-clarin-08-10-2019\/\" \/>\n<meta property=\"og:locale\" content=\"es_ES\" \/>\n<meta property=\"og:type\" content=\"article\" \/>\n<meta property=\"og:title\" content=\"Tesla II: En busca de una atm\u00f3sfera amigable y din\u00e1mica \/ Neumann-Kohn - Sole Comunicaciones\" \/>\n<meta property=\"og:description\" content=\"Los conceptos detr\u00e1s de un complejo corporativo que promueve la productividad a partir del dise\u00f1o. Tesla II, por el estudio de arquitectos Neumann-Kohn.\" \/>\n<meta property=\"og:url\" content=\"https:\/\/www.solecomunicaciones.com.ar\/publicaciones\/teslaii-neumann-kohn-arq-clarin-08-10-2019\/\" \/>\n<meta property=\"og:site_name\" content=\"Sole Comunicaciones\" \/>\n<meta property=\"article:published_time\" content=\"2019-10-08T14:23:16+00:00\" \/>\n<meta property=\"article:modified_time\" content=\"2020-11-03T21:47:59+00:00\" \/>\n<meta property=\"og:image\" content=\"https:\/\/www.solecomunicaciones.com.ar\/publicaciones\/wp-content\/uploads\/2019\/10\/teslaII-Nuemann_Kohn-ARQ-Clarin-Sole-Comunicaciones-pagina10-08.10.19..jpg\" \/>\n\t<meta property=\"og:image:width\" content=\"735\" \/>\n\t<meta property=\"og:image:height\" content=\"1000\" \/>\n<meta name=\"twitter:card\" content=\"summary_large_image\" \/>\n<script type=\"application\/ld+json\" class=\"yoast-schema-graph\">{\"@context\":\"https:\/\/schema.org\",\"@graph\":[{\"@type\":\"WebSite\",\"@id\":\"https:\/\/www.solecomunicaciones.com.ar\/publicaciones\/#website\",\"url\":\"https:\/\/www.solecomunicaciones.com.ar\/publicaciones\/\",\"name\":\"Sole Comunicaciones\",\"description\":\"Publicaciones \",\"potentialAction\":[{\"@type\":\"SearchAction\",\"target\":\"https:\/\/www.solecomunicaciones.com.ar\/publicaciones\/?s={search_term_string}\",\"query-input\":\"required name=search_term_string\"}],\"inLanguage\":\"es\"},{\"@type\":\"ImageObject\",\"@id\":\"https:\/\/www.solecomunicaciones.com.ar\/publicaciones\/teslaii-neumann-kohn-arq-clarin-08-10-2019\/#primaryimage\",\"inLanguage\":\"es\",\"url\":\"https:\/\/www.solecomunicaciones.com.ar\/publicaciones\/wp-content\/uploads\/2019\/10\/teslaII-Nuemann_Kohn-ARQ-Clarin-Sole-Comunicaciones-pagina10-08.10.19..jpg\",\"width\":735,\"height\":1000,\"caption\":\"Edificio Tesla II - P\\u00e1gina 10\"},{\"@type\":\"WebPage\",\"@id\":\"https:\/\/www.solecomunicaciones.com.ar\/publicaciones\/teslaii-neumann-kohn-arq-clarin-08-10-2019\/#webpage\",\"url\":\"https:\/\/www.solecomunicaciones.com.ar\/publicaciones\/teslaii-neumann-kohn-arq-clarin-08-10-2019\/\",\"name\":\"Tesla II: En busca de una atm\\u00f3sfera amigable y din\\u00e1mica \/ Neumann-Kohn - Sole Comunicaciones\",\"isPartOf\":{\"@id\":\"https:\/\/www.solecomunicaciones.com.ar\/publicaciones\/#website\"},\"primaryImageOfPage\":{\"@id\":\"https:\/\/www.solecomunicaciones.com.ar\/publicaciones\/teslaii-neumann-kohn-arq-clarin-08-10-2019\/#primaryimage\"},\"datePublished\":\"2019-10-08T14:23:16+00:00\",\"dateModified\":\"2020-11-03T21:47:59+00:00\",\"author\":{\"@id\":\"https:\/\/www.solecomunicaciones.com.ar\/publicaciones\/#\/schema\/person\/34cc02109c051703283321a51075178c\"},\"description\":\"Los conceptos detr\\u00e1s de un complejo corporativo que promueve la productividad a partir del dise\\u00f1o. Tesla II, por el estudio de arquitectos Neumann-Kohn.\",\"inLanguage\":\"es\",\"potentialAction\":[{\"@type\":\"ReadAction\",\"target\":[\"https:\/\/www.solecomunicaciones.com.ar\/publicaciones\/teslaii-neumann-kohn-arq-clarin-08-10-2019\/\"]}]},{\"@type\":\"Person\",\"@id\":\"https:\/\/www.solecomunicaciones.com.ar\/publicaciones\/#\/schema\/person\/34cc02109c051703283321a51075178c\",\"name\":\"Sole C&amp;M\",\"image\":{\"@type\":\"ImageObject\",\"@id\":\"https:\/\/www.solecomunicaciones.com.ar\/publicaciones\/#personlogo\",\"inLanguage\":\"es\",\"url\":\"https:\/\/secure.gravatar.com\/avatar\/98dec144ab5b4969e6b78831b015326b?s=96&d=mm&r=g\",\"caption\":\"Sole C&amp;M\"}}]}<\/script>\n<!-- \/ Yoast SEO plugin. -->","_links":{"self":[{"href":"https:\/\/www.solecomunicaciones.com.ar\/publicaciones\/wp-json\/wp\/v2\/posts\/2632"}],"collection":[{"href":"https:\/\/www.solecomunicaciones.com.ar\/publicaciones\/wp-json\/wp\/v2\/posts"}],"about":[{"href":"https:\/\/www.solecomunicaciones.com.ar\/publicaciones\/wp-json\/wp\/v2\/types\/post"}],"author":[{"embeddable":true,"href":"https:\/\/www.solecomunicaciones.com.ar\/publicaciones\/wp-json\/wp\/v2\/users\/1"}],"replies":[{"embeddable":true,"href":"https:\/\/www.solecomunicaciones.com.ar\/publicaciones\/wp-json\/wp\/v2\/comments?post=2632"}],"version-history":[{"count":3,"href":"https:\/\/www.solecomunicaciones.com.ar\/publicaciones\/wp-json\/wp\/v2\/posts\/2632\/revisions"}],"predecessor-version":[{"id":2805,"href":"https:\/\/www.solecomunicaciones.com.ar\/publicaciones\/wp-json\/wp\/v2\/posts\/2632\/revisions\/2805"}],"wp:featuredmedia":[{"embeddable":true,"href":"https:\/\/www.solecomunicaciones.com.ar\/publicaciones\/wp-json\/wp\/v2\/media\/2635"}],"wp:attachment":[{"href":"https:\/\/www.solecomunicaciones.com.ar\/publicaciones\/wp-json\/wp\/v2\/media?parent=2632"}],"wp:term":[{"taxonomy":"category","embeddable":true,"href":"https:\/\/www.solecomunicaciones.com.ar\/publicaciones\/wp-json\/wp\/v2\/categories?post=2632"},{"taxonomy":"post_tag","embeddable":true,"href":"https:\/\/www.solecomunicaciones.com.ar\/publicaciones\/wp-json\/wp\/v2\/tags?post=2632"}],"curies":[{"name":"wp","href":"https:\/\/api.w.org\/{rel}","templated":true}]}}