{"id":2619,"date":"2019-09-03T21:50:27","date_gmt":"2019-09-04T00:50:27","guid":{"rendered":"https:\/\/www.solecomunicaciones.com.ar\/publicaciones\/?p=2619"},"modified":"2020-11-03T18:48:14","modified_gmt":"2020-11-03T21:48:14","slug":"nueva-sede-accenture","status":"publish","type":"post","link":"https:\/\/www.solecomunicaciones.com.ar\/publicaciones\/nueva-sede-accenture\/","title":{"rendered":"Accenture: OFICINA GLOCAL EN EL DISTRITO TECNOL\u00d3GICO"},"content":{"rendered":"\n<p class=\"justificar-texto\">La nueva sede de la compa\u00f1\u00eda Accenture en Parque Patricios, proyectada por los estudios MRA+A y Rosellini. Un proyecto innovador con ra\u00edces bien porte\u00f1as.<\/p>\n\n\n\n<figure class=\"wp-block-image\"><img loading=\"lazy\" width=\"738\" height=\"1024\" src=\"https:\/\/www.solecomunicaciones.com.ar\/publicaciones\/wp-content\/uploads\/2019\/09\/Accenture-Rosellini-ARQ-Clarin-Sole-Comunicaciones-tapa-03.09.2019-738x1024.jpg\" alt=\"Nota Accenture Tapa\" class=\"wp-image-2620\" srcset=\"https:\/\/www.solecomunicaciones.com.ar\/publicaciones\/wp-content\/uploads\/2019\/09\/Accenture-Rosellini-ARQ-Clarin-Sole-Comunicaciones-tapa-03.09.2019-738x1024.jpg 738w, https:\/\/www.solecomunicaciones.com.ar\/publicaciones\/wp-content\/uploads\/2019\/09\/Accenture-Rosellini-ARQ-Clarin-Sole-Comunicaciones-tapa-03.09.2019-216x300.jpg 216w, https:\/\/www.solecomunicaciones.com.ar\/publicaciones\/wp-content\/uploads\/2019\/09\/Accenture-Rosellini-ARQ-Clarin-Sole-Comunicaciones-tapa-03.09.2019.jpg 750w\" sizes=\"(max-width: 738px) 100vw, 738px\" \/><\/figure>\n\n\n\n<h4><strong>PROYECTO NACIONAL EDIFICIO ACCENTURE<\/strong><\/h4>\n\n\n\n<p class=\"justificar-texto\">La transformaci\u00f3n de un antiguo conjunto edilicio en oficinas con la \u00faltima tecnolog\u00eda, y una destacada preocupaci\u00f3n por la inclusi\u00f3n y la apertura al barrio.<\/p>\n\n\n\n<h3><strong>Lenguaje corporativo con gui\u00f1os al espacio urbano<\/strong><\/h3>\n\n\n\n<p class=\"justificar-texto\">El concepto nace de la transformaci\u00f3n de un edificio netamente industrial preexistente en el predio. De esa esencia, se rescat\u00f3 el ritmo y el esp\u00edritu de la fachada, a trav\u00e9s de planos verticales cuyos intersticios ser\u00e1n luego un volumen contempor\u00e1neo de curtain wall, coincidente con la terminaci\u00f3n de la huella de la nave industrial original.<\/p>\n\n\n\n<p class=\"justificar-texto\">Del nuevo volumen y el existente surge la idea de una obra \u00fanica, con lenguaje propio, generando la impronta de un edificio corporativo, pero que mantiene la escala barrial de com\u00fan acuerdo con el entorno urbano en el que est\u00e1 emplazado. Sumado a esto, se propone liberar un espacio en la esquina para generar una plaza peque\u00f1a que por su orientaci\u00f3n se conecta con el Parque de los Patricios y funciona como atrio urbano de ingreso, colaborando en la oxigenaci\u00f3n del tejido.<\/p>\n\n\n\n<figure class=\"wp-block-image\"><img loading=\"lazy\" width=\"750\" height=\"1021\" src=\"https:\/\/www.solecomunicaciones.com.ar\/publicaciones\/wp-content\/uploads\/2019\/09\/Accenture-Rosellini-ARQ-Clarin-Sole-Comunicaciones-pagina-13-03.09.2019.jpg\" alt=\"\" class=\"wp-image-2621\" srcset=\"https:\/\/www.solecomunicaciones.com.ar\/publicaciones\/wp-content\/uploads\/2019\/09\/Accenture-Rosellini-ARQ-Clarin-Sole-Comunicaciones-pagina-13-03.09.2019.jpg 750w, https:\/\/www.solecomunicaciones.com.ar\/publicaciones\/wp-content\/uploads\/2019\/09\/Accenture-Rosellini-ARQ-Clarin-Sole-Comunicaciones-pagina-13-03.09.2019-220x300.jpg 220w\" sizes=\"(max-width: 750px) 100vw, 750px\" \/><\/figure>\n\n\n\n<p class=\"justificar-texto\">El edificio, cuyo volumen ocupa el tercio de una manzana, se define a partir de una planta baja claramente p\u00fablica, conectada por los dos ingresos principales: el de la plaza en la&nbsp; esquina y el de mitad de cuadra.<\/p>\n\n\n\n<p class=\"justificar-texto\">La conexi\u00f3n entre los accesos genera una zona de mucha actividad, puntos de encuentro y \u00e1reas de circulaci\u00f3n, que permiten que los 4.000 empleados puedan distribuirse de manera pareja y casi espont\u00e1nea por los diferentes medios de circulaci\u00f3n vertical. Sumadas a los dos n\u00facleos de ascensores se distribuyen siete escaleras, siempre cercanas a los usuarios, de modo de colaborar en el fomento de la actividad f\u00edsica con su uso.<\/p>\n\n\n\n<figure class=\"wp-block-image\"><img loading=\"lazy\" width=\"731\" height=\"1024\" src=\"https:\/\/www.solecomunicaciones.com.ar\/publicaciones\/wp-content\/uploads\/2019\/09\/Accenture-Rosellini-ARQ-Clarin-Sole-Comunicaciones-pagina-14-03.09.2019-731x1024.jpg\" alt=\"\" class=\"wp-image-2622\" srcset=\"https:\/\/www.solecomunicaciones.com.ar\/publicaciones\/wp-content\/uploads\/2019\/09\/Accenture-Rosellini-ARQ-Clarin-Sole-Comunicaciones-pagina-14-03.09.2019-731x1024.jpg 731w, https:\/\/www.solecomunicaciones.com.ar\/publicaciones\/wp-content\/uploads\/2019\/09\/Accenture-Rosellini-ARQ-Clarin-Sole-Comunicaciones-pagina-14-03.09.2019-214x300.jpg 214w, https:\/\/www.solecomunicaciones.com.ar\/publicaciones\/wp-content\/uploads\/2019\/09\/Accenture-Rosellini-ARQ-Clarin-Sole-Comunicaciones-pagina-14-03.09.2019.jpg 750w\" sizes=\"(max-width: 731px) 100vw, 731px\" \/><\/figure>\n\n\n\n<p class=\"justificar-texto\">Los dos primeros niveles son de oficinas de planta libre. El piso tercero, con superficie levemente menor, dispone de un retiro que hace a la vez de expansi\u00f3n y una terraza sobre el acceso de la esquina. El cuarto nivel, de menor superficie, presenta un retiro mayor, liberando el uso exterior a una terraza jard\u00edn para disfrute de sus usuarios.<\/p>\n\n\n\n<p class=\"justificar-texto\">Por encima, el nivel de azotea se destin\u00f3 a la sala de m\u00e1quinas de ascensores y la instalaci\u00f3n de equipos de termomec\u00e1nica.<\/p>\n\n\n\n<p class=\"justificar-texto\">Acompa\u00f1ando el cambio cultural inminente, incentivado por los valores de Accenture de diversidad e inclusi\u00f3n, y apoyados por la reforma del c\u00f3digo de edificaci\u00f3n, este edificio se construy\u00f3 con ba\u00f1os sin g\u00e9nero, o que redunda en un uso m\u00e1s racional y eficiente de los sanitarios. Esta decisi\u00f3n hace de este proyecto un edificio innovador y uno de los primeros en nuestra ciudad bajo esta modalidad.<\/p>\n\n\n\n<figure class=\"wp-block-image\"><img loading=\"lazy\" width=\"742\" height=\"1024\" src=\"https:\/\/www.solecomunicaciones.com.ar\/publicaciones\/wp-content\/uploads\/2019\/09\/Accenture-Rosellini-ARQ-Clarin-Sole-Comunicaciones-pagina-15-03.09.2019-742x1024.jpg\" alt=\"\" class=\"wp-image-2623\" srcset=\"https:\/\/www.solecomunicaciones.com.ar\/publicaciones\/wp-content\/uploads\/2019\/09\/Accenture-Rosellini-ARQ-Clarin-Sole-Comunicaciones-pagina-15-03.09.2019-742x1024.jpg 742w, https:\/\/www.solecomunicaciones.com.ar\/publicaciones\/wp-content\/uploads\/2019\/09\/Accenture-Rosellini-ARQ-Clarin-Sole-Comunicaciones-pagina-15-03.09.2019-217x300.jpg 217w, https:\/\/www.solecomunicaciones.com.ar\/publicaciones\/wp-content\/uploads\/2019\/09\/Accenture-Rosellini-ARQ-Clarin-Sole-Comunicaciones-pagina-15-03.09.2019.jpg 750w\" sizes=\"(max-width: 742px) 100vw, 742px\" \/><\/figure>\n\n\n\n<p class=\"justificar-texto\">Su emplazamiento en el Polo Tecnol\u00f3gico, pr\u00f3ximo a la sede de Gobierno de la Ciudad, le otorgan flexibilidad de comunicaci\u00f3n con el centro de Buenos Aires; al tiempo que significa una nueva forma de hacer ciudad sobre s\u00ed misma, la que se renueva con una visi\u00f3n urbana diferente.<\/p>\n\n\n\n<p><strong>El contexto<\/strong><\/p>\n\n\n\n<p class=\"justificar-texto\">Durante los \u00faltimos a\u00f1os, en distinta ciudades del mundo han surgido proyectos urbanos que&nbsp; prev\u00e9n la radicaci\u00f3n de empresas dedicadas a producir valor en el campo de las nuevas tecnolog\u00edas de la informaci\u00f3n y comunicaci\u00f3n (TICs).<\/p>\n\n\n\n<p class=\"justificar-texto\">Se trata de iniciativas en las que intervienen el \u00e1mbito privado, gobiernos, instituciones educativas y organizaciones no gubernamentales (ONGs), y que tienen como principales objetivos el desarrollo econ\u00f3mico bajo el nuevo paradigma de la sociedad de la informaci\u00f3n, la inclusi\u00f3n social de ciertos sectores de la poblaci\u00f3n y la revitalizaci\u00f3n urbana.<\/p>\n\n\n\n<p class=\"justificar-texto\">Siguiendo el paradigma global, se cre\u00f3 en la Ciudad de Buenos Aires el Distrito Tecnol\u00f3gico con el objeto de fomentar a la industria TIC de alto valor agregado y desarrollar un espacio donde conviva la identidad cultural existente con las empresas del rubro. En definitiva, se trata de un centro de promoci\u00f3n y desarrollo de conocimiento que recibe empresas de tecnolog\u00edas de la informaci\u00f3n y comunicaci\u00f3n. Se ubica estrat\u00e9gicamente en la Zona Sur de la Ciudad, m\u00e1s precisamente en Parque Patricios, y est\u00e1 en l\u00ednea con la propuesta de revitalizaci\u00f3n y desarrollo de \u00e9ste \u00e1rea urbana que lleva adelante el GCBA.<\/p>\n\n\n\n<p class=\"justificar-texto\">Parque Patricios cuenta, entre otras, con facilidades tales como la cercan\u00eda con el microcentro, excelente acceso y movilidad al ser confluencia de numerosas l\u00edneas de colectivos, subte l\u00ednea H, ferrocarriles y un trazado de ciclov\u00edas. Estas condiciones, sumadas a las caracter\u00edsticas del tejido, redundan en una zona con muchas posibilidades de construcci\u00f3n para oficinas con plantas extensas y poco desarrollo en altura. Este es un producto edilicio muy buscado por corporaciones de gran escala, ya que genera mayor integraci\u00f3n y rendimiento y a la vez menor costo de infraestructura y desconexi\u00f3n provocada por la divisi\u00f3n en altura en el formato torre. Este tipo de edificios es pr\u00e1cticamente inusual en el \u00e1rea administrativa de Buenos Aires.<\/p>\n\n\n\n<h4>PROYECTO NACIONAL EDIFICIO ACCENTURE<\/h4>\n\n\n\n<p class=\"justificar-texto\">La identidad de Buenos Aires se percibe en los espacios interiores con elementos que contribuyen a un estar m\u00e1s confortable.<\/p>\n\n\n\n<h3><strong>La cultura local como expresi\u00f3n de valores<\/strong><\/h3>\n\n\n\n<blockquote class=\"wp-block-quote\"><p>Estudio Rosellini Arquitectura<br><em><a href=\"http:\/\/www.rosellini.com\">www.rosellini.com<\/a><\/em><\/p><\/blockquote>\n\n\n\n<figure class=\"wp-block-image\"><img loading=\"lazy\" width=\"750\" height=\"1022\" src=\"https:\/\/www.solecomunicaciones.com.ar\/publicaciones\/wp-content\/uploads\/2019\/09\/Accenture-Rosellini-ARQ-Clarin-Sole-Comunicaciones-pagina-16-03.09.2019.jpg\" alt=\"\" class=\"wp-image-2624\" srcset=\"https:\/\/www.solecomunicaciones.com.ar\/publicaciones\/wp-content\/uploads\/2019\/09\/Accenture-Rosellini-ARQ-Clarin-Sole-Comunicaciones-pagina-16-03.09.2019.jpg 750w, https:\/\/www.solecomunicaciones.com.ar\/publicaciones\/wp-content\/uploads\/2019\/09\/Accenture-Rosellini-ARQ-Clarin-Sole-Comunicaciones-pagina-16-03.09.2019-220x300.jpg 220w\" sizes=\"(max-width: 750px) 100vw, 750px\" \/><\/figure>\n\n\n\n<p class=\"justificar-texto\">Con casi 10.000 colaboradores, Accenture es una compa\u00f1\u00eda de servicios profesionales que busca mejorar la forma en la que el mundo vive y trabaja. Esta sede, que parte del sue\u00f1o de un grupo de directores entre los que se encuentra su presidente, Sergio Kaufman, busca ser un \u00edcono de la innovaci\u00f3n y la econom\u00eda de conocimiento. De Buenos Aires al mundo.<\/p>\n\n\n\n<p class=\"justificar-texto\">En este sentido, la consigna para los espacios de trabajo fue dise\u00f1ar una oficina para una empresa global, pero que represente fuertemente la cultura local y la ciudad en la que esta emplazada. Para el Estudio Rosellini este requerimiento inspir\u00f3 una b\u00fasqueda en las ra\u00edces porte\u00f1as, llena de im\u00e1genes, s\u00edmbolos, historia y paisajes urbanos que recuerdan nuestra ciudad y que est\u00e1n reinterpretados en distintos sectores del edificio, potenciando su arquitectura.<\/p>\n\n\n\n<figure class=\"wp-block-image\"><img loading=\"lazy\" width=\"744\" height=\"1024\" src=\"https:\/\/www.solecomunicaciones.com.ar\/publicaciones\/wp-content\/uploads\/2019\/09\/Accenture-Rosellini-ARQ-Clarin-Sole-Comunicaciones-pagina-17-03.09.2019-744x1024.jpg\" alt=\"\" class=\"wp-image-2625\" srcset=\"https:\/\/www.solecomunicaciones.com.ar\/publicaciones\/wp-content\/uploads\/2019\/09\/Accenture-Rosellini-ARQ-Clarin-Sole-Comunicaciones-pagina-17-03.09.2019-744x1024.jpg 744w, https:\/\/www.solecomunicaciones.com.ar\/publicaciones\/wp-content\/uploads\/2019\/09\/Accenture-Rosellini-ARQ-Clarin-Sole-Comunicaciones-pagina-17-03.09.2019-218x300.jpg 218w, https:\/\/www.solecomunicaciones.com.ar\/publicaciones\/wp-content\/uploads\/2019\/09\/Accenture-Rosellini-ARQ-Clarin-Sole-Comunicaciones-pagina-17-03.09.2019.jpg 750w\" sizes=\"(max-width: 744px) 100vw, 744px\" \/><\/figure>\n\n\n\n<p class=\"justificar-texto\">La planta baja cuenta con dos accesos que est\u00e1n comunicados entre s\u00ed mediante un corredor que remata en un patio interno donde se emplaza la escalera social. Este nivel re\u00fane salas de gran tama\u00f1o: el auditorio, salones de capacitaci\u00f3n, salas de clientes y \u00e1rea de innovaci\u00f3n. Es un espacio amplio y muy concurrido, que tiene la posibilidad de funcionar como town hall para eventos de mayor capacidad. Se utilizaron en este sector formas y materiales que recuerdan el tema ferroviario, evocado como met\u00e1fora de aquello que una vez construido se convierte en causa, que no se detiene nunca, que conecta, comunica, progresa a toda velocidad motivando a los usuarios a subirse al tren de la innovaci\u00f3n que, para Accenture, no se detiene nunca y act\u00faa como efecto multiplicador.<\/p>\n\n\n\n<p class=\"justificar-texto\">A los dos patios exteriores que aportan iluminaci\u00f3n natural se suma el patio interior de la escalera social que recorre la planta baja y los cuatro pisos, y que ilumina el interior de las plantas desde el lucernario superior. Se busc\u00f3 eliminar la percepci\u00f3n exterior-interior y es por eso que los tres patios y los espacios en torno a ellos recrean indistintamente los patios de aire y luz tradicionales del tejido urbano de Buenos Aires.<\/p>\n\n\n\n<figure class=\"wp-block-image\"><img loading=\"lazy\" width=\"734\" height=\"1024\" src=\"https:\/\/www.solecomunicaciones.com.ar\/publicaciones\/wp-content\/uploads\/2019\/09\/Accenture-Rosellini-ARQ-Clarin-Sole-Comunicaciones-pagina-18-03.09.2019-734x1024.jpg\" alt=\"\" class=\"wp-image-2626\" srcset=\"https:\/\/www.solecomunicaciones.com.ar\/publicaciones\/wp-content\/uploads\/2019\/09\/Accenture-Rosellini-ARQ-Clarin-Sole-Comunicaciones-pagina-18-03.09.2019-734x1024.jpg 734w, https:\/\/www.solecomunicaciones.com.ar\/publicaciones\/wp-content\/uploads\/2019\/09\/Accenture-Rosellini-ARQ-Clarin-Sole-Comunicaciones-pagina-18-03.09.2019-215x300.jpg 215w, https:\/\/www.solecomunicaciones.com.ar\/publicaciones\/wp-content\/uploads\/2019\/09\/Accenture-Rosellini-ARQ-Clarin-Sole-Comunicaciones-pagina-18-03.09.2019.jpg 750w\" sizes=\"(max-width: 734px) 100vw, 734px\" \/><\/figure>\n\n\n\n<p class=\"justificar-texto\">Alrededor de la escalera social los usuarios pueden verse, reconocerse, encontrarse y entender que pertene cen a una organizaci\u00f3n que los excede y contiene. Para apoyar este fin, se ubicaron salas y espacios de colaboraci\u00f3n en torno a esta escalera, los que dan vida y dinamismo a todo el espacio comunicador, conector e integrador.<\/p>\n\n\n\n<p class=\"justificar-texto\">Los patios y los espacios en planta baja est\u00e1n enmarcados por los muros inspirados en las medianeras que las demoliciones dejan expuestas y que muestran la intimidad de un interior que ya no existe, el verde que crece, los colores que mutan, la impronta de pasado, presente y futuro. El Estudio Rosellini reinterpreta esta imagen muy particular de la ciudad trabajando los muros a modo de patchwork de materiales, texturas y colores, tanto interiores como exteriores. As\u00ed, se aporta una imagen urbana y diversa en el coraz\u00f3n de la planta, representativa de uno de los valores fundamentales de la cultura Accenture: la convivencia arm\u00f3nica de pensamientos diferentes en pos de un objetivo en com\u00fan.<\/p>\n\n\n\n<p class=\"justificar-texto\">Cada piso de trabajo est\u00e1 representado por una l\u00ednea de colectivo diferente que recorre toda la planta conectando los cuatro puntos de trabajo colaborativo distribuidos en cada nivel. Estos puntos o \u201cparadas\u201d de \u00f3mnibus cuentan con espacios de reuni\u00f3n abiertos y cerrados, sectores de coworking y caf\u00e9, y cada uno de ellos representa un barrio porte\u00f1o asociado a la l\u00ednea de colectivo del piso. Se combinaron resoluciones estandarizadas y repetitivas, con particularidades que le dan a las paradas el ambiente caracter\u00edstico de cada barrio.<\/p>\n\n\n\n<figure class=\"wp-block-image\"><img loading=\"lazy\" width=\"742\" height=\"1024\" src=\"https:\/\/www.solecomunicaciones.com.ar\/publicaciones\/wp-content\/uploads\/2019\/09\/Accenture-Rosellini-ARQ-Clarin-Sole-Comunicaciones-pagina-19-03.09.2019-742x1024.jpg\" alt=\"\" class=\"wp-image-2627\" srcset=\"https:\/\/www.solecomunicaciones.com.ar\/publicaciones\/wp-content\/uploads\/2019\/09\/Accenture-Rosellini-ARQ-Clarin-Sole-Comunicaciones-pagina-19-03.09.2019-742x1024.jpg 742w, https:\/\/www.solecomunicaciones.com.ar\/publicaciones\/wp-content\/uploads\/2019\/09\/Accenture-Rosellini-ARQ-Clarin-Sole-Comunicaciones-pagina-19-03.09.2019-217x300.jpg 217w, https:\/\/www.solecomunicaciones.com.ar\/publicaciones\/wp-content\/uploads\/2019\/09\/Accenture-Rosellini-ARQ-Clarin-Sole-Comunicaciones-pagina-19-03.09.2019.jpg 750w\" sizes=\"(max-width: 742px) 100vw, 742px\" \/><\/figure>\n\n\n\n<p class=\"justificar-texto\">Colegiales, Mataderos, Belgrano, Barracas, Constituci\u00f3n, son algunos de los 17 barrios porte\u00f1os que constituyen puntos focales y a la vez est\u00e1n completamente integrados en el espacio de trabajo, formando parte del paisaje interior. Adem\u00e1s, siendo plantas tan extensas, estos hitos ayudan a los m\u00e1s de 600 usuarios por nivel a ubicarse, posicionarse y localizar tanto espacios y colaboradores dentro del edificio.<\/p>\n\n\n\n<p class=\"justificar-texto\">El estudio realiz\u00f3 un trabajo de investigaci\u00f3n profundo sobre los barrios, identificando elementos caracter\u00edsticos de cada uno que pudieran reconocerse claramente (una tipograf\u00eda, un autor y una frase, un color, un material, un objeto) y que cuenten la historia a trav\u00e9s del dise\u00f1o, los objetos, el mobiliario y diversas expresiones art\u00edsticas.<\/p>\n\n\n\n<p class=\"justificar-texto\">En el cuarto nivel se ubica la cafeter\u00eda en relaci\u00f3n directa con una terraza de m\u00e1s de 1.000 m2, de uso permanente. Predomina el ambiente urbano y descontracturado representativo de las ferias callejeras, con espacios de encuentro, p\u00e9rgolas, elementos verdes y grafitis.<\/p>\n\n\n\n<hr class=\"wp-block-separator is-style-wide\"\/>\n\n\n\n<p><strong>Diario:<\/strong>&nbsp;ARQ CLAR\u00cdN<br><strong>Fecha de publicaci\u00f3n:&nbsp;&nbsp;<\/strong>03 de Septiembre de 2019.<\/p>\n\n\n\n<p>Para ver la nota en tama\u00f1o superior o descargarla en PDF haga\u00a0<a href=\"https:\/\/www.solecomunicaciones.com.ar\/assets\/files\/Accenture-Rosellini-ARQ-Clarin-Sole-Comunicaciones-03.09.2019.pdf\">click aqu\u00ed.<\/a><\/p>\n\n\n\n<figure class=\"wp-block-gallery columns-4 is-cropped\"><ul class=\"blocks-gallery-grid\"><li class=\"blocks-gallery-item\"><figure><img loading=\"lazy\" width=\"738\" height=\"1024\" src=\"https:\/\/www.solecomunicaciones.com.ar\/publicaciones\/wp-content\/uploads\/2019\/09\/Accenture-Rosellini-ARQ-Clarin-Sole-Comunicaciones-tapa-03.09.2019-738x1024.jpg\" alt=\"\" data-id=\"2620\" data-link=\"https:\/\/www.solecomunicaciones.com.ar\/publicaciones\/?attachment_id=2620\" class=\"wp-image-2620\" srcset=\"https:\/\/www.solecomunicaciones.com.ar\/publicaciones\/wp-content\/uploads\/2019\/09\/Accenture-Rosellini-ARQ-Clarin-Sole-Comunicaciones-tapa-03.09.2019-738x1024.jpg 738w, https:\/\/www.solecomunicaciones.com.ar\/publicaciones\/wp-content\/uploads\/2019\/09\/Accenture-Rosellini-ARQ-Clarin-Sole-Comunicaciones-tapa-03.09.2019-216x300.jpg 216w, https:\/\/www.solecomunicaciones.com.ar\/publicaciones\/wp-content\/uploads\/2019\/09\/Accenture-Rosellini-ARQ-Clarin-Sole-Comunicaciones-tapa-03.09.2019.jpg 750w\" sizes=\"(max-width: 738px) 100vw, 738px\" \/><\/figure><\/li><li class=\"blocks-gallery-item\"><figure><img loading=\"lazy\" width=\"750\" height=\"1021\" src=\"https:\/\/www.solecomunicaciones.com.ar\/publicaciones\/wp-content\/uploads\/2019\/09\/Accenture-Rosellini-ARQ-Clarin-Sole-Comunicaciones-pagina-13-03.09.2019.jpg\" alt=\"\" data-id=\"2621\" data-link=\"https:\/\/www.solecomunicaciones.com.ar\/publicaciones\/?attachment_id=2621\" class=\"wp-image-2621\" srcset=\"https:\/\/www.solecomunicaciones.com.ar\/publicaciones\/wp-content\/uploads\/2019\/09\/Accenture-Rosellini-ARQ-Clarin-Sole-Comunicaciones-pagina-13-03.09.2019.jpg 750w, https:\/\/www.solecomunicaciones.com.ar\/publicaciones\/wp-content\/uploads\/2019\/09\/Accenture-Rosellini-ARQ-Clarin-Sole-Comunicaciones-pagina-13-03.09.2019-220x300.jpg 220w\" sizes=\"(max-width: 750px) 100vw, 750px\" \/><\/figure><\/li><li class=\"blocks-gallery-item\"><figure><img loading=\"lazy\" width=\"731\" height=\"1024\" src=\"https:\/\/www.solecomunicaciones.com.ar\/publicaciones\/wp-content\/uploads\/2019\/09\/Accenture-Rosellini-ARQ-Clarin-Sole-Comunicaciones-pagina-14-03.09.2019-731x1024.jpg\" alt=\"\" data-id=\"2622\" data-link=\"https:\/\/www.solecomunicaciones.com.ar\/publicaciones\/?attachment_id=2622\" class=\"wp-image-2622\" srcset=\"https:\/\/www.solecomunicaciones.com.ar\/publicaciones\/wp-content\/uploads\/2019\/09\/Accenture-Rosellini-ARQ-Clarin-Sole-Comunicaciones-pagina-14-03.09.2019-731x1024.jpg 731w, https:\/\/www.solecomunicaciones.com.ar\/publicaciones\/wp-content\/uploads\/2019\/09\/Accenture-Rosellini-ARQ-Clarin-Sole-Comunicaciones-pagina-14-03.09.2019-214x300.jpg 214w, https:\/\/www.solecomunicaciones.com.ar\/publicaciones\/wp-content\/uploads\/2019\/09\/Accenture-Rosellini-ARQ-Clarin-Sole-Comunicaciones-pagina-14-03.09.2019.jpg 750w\" sizes=\"(max-width: 731px) 100vw, 731px\" \/><\/figure><\/li><li class=\"blocks-gallery-item\"><figure><img loading=\"lazy\" width=\"742\" height=\"1024\" src=\"https:\/\/www.solecomunicaciones.com.ar\/publicaciones\/wp-content\/uploads\/2019\/09\/Accenture-Rosellini-ARQ-Clarin-Sole-Comunicaciones-pagina-15-03.09.2019-742x1024.jpg\" alt=\"\" data-id=\"2623\" data-link=\"https:\/\/www.solecomunicaciones.com.ar\/publicaciones\/?attachment_id=2623\" class=\"wp-image-2623\" srcset=\"https:\/\/www.solecomunicaciones.com.ar\/publicaciones\/wp-content\/uploads\/2019\/09\/Accenture-Rosellini-ARQ-Clarin-Sole-Comunicaciones-pagina-15-03.09.2019-742x1024.jpg 742w, https:\/\/www.solecomunicaciones.com.ar\/publicaciones\/wp-content\/uploads\/2019\/09\/Accenture-Rosellini-ARQ-Clarin-Sole-Comunicaciones-pagina-15-03.09.2019-217x300.jpg 217w, https:\/\/www.solecomunicaciones.com.ar\/publicaciones\/wp-content\/uploads\/2019\/09\/Accenture-Rosellini-ARQ-Clarin-Sole-Comunicaciones-pagina-15-03.09.2019.jpg 750w\" sizes=\"(max-width: 742px) 100vw, 742px\" \/><\/figure><\/li><li class=\"blocks-gallery-item\"><figure><img loading=\"lazy\" width=\"750\" height=\"1022\" src=\"https:\/\/www.solecomunicaciones.com.ar\/publicaciones\/wp-content\/uploads\/2019\/09\/Accenture-Rosellini-ARQ-Clarin-Sole-Comunicaciones-pagina-16-03.09.2019.jpg\" alt=\"\" data-id=\"2624\" data-link=\"https:\/\/www.solecomunicaciones.com.ar\/publicaciones\/?attachment_id=2624\" class=\"wp-image-2624\" srcset=\"https:\/\/www.solecomunicaciones.com.ar\/publicaciones\/wp-content\/uploads\/2019\/09\/Accenture-Rosellini-ARQ-Clarin-Sole-Comunicaciones-pagina-16-03.09.2019.jpg 750w, https:\/\/www.solecomunicaciones.com.ar\/publicaciones\/wp-content\/uploads\/2019\/09\/Accenture-Rosellini-ARQ-Clarin-Sole-Comunicaciones-pagina-16-03.09.2019-220x300.jpg 220w\" sizes=\"(max-width: 750px) 100vw, 750px\" \/><\/figure><\/li><li class=\"blocks-gallery-item\"><figure><img loading=\"lazy\" width=\"744\" height=\"1024\" src=\"https:\/\/www.solecomunicaciones.com.ar\/publicaciones\/wp-content\/uploads\/2019\/09\/Accenture-Rosellini-ARQ-Clarin-Sole-Comunicaciones-pagina-17-03.09.2019-744x1024.jpg\" alt=\"\" data-id=\"2625\" data-link=\"https:\/\/www.solecomunicaciones.com.ar\/publicaciones\/?attachment_id=2625\" class=\"wp-image-2625\" srcset=\"https:\/\/www.solecomunicaciones.com.ar\/publicaciones\/wp-content\/uploads\/2019\/09\/Accenture-Rosellini-ARQ-Clarin-Sole-Comunicaciones-pagina-17-03.09.2019-744x1024.jpg 744w, https:\/\/www.solecomunicaciones.com.ar\/publicaciones\/wp-content\/uploads\/2019\/09\/Accenture-Rosellini-ARQ-Clarin-Sole-Comunicaciones-pagina-17-03.09.2019-218x300.jpg 218w, https:\/\/www.solecomunicaciones.com.ar\/publicaciones\/wp-content\/uploads\/2019\/09\/Accenture-Rosellini-ARQ-Clarin-Sole-Comunicaciones-pagina-17-03.09.2019.jpg 750w\" sizes=\"(max-width: 744px) 100vw, 744px\" \/><\/figure><\/li><li class=\"blocks-gallery-item\"><figure><img loading=\"lazy\" width=\"734\" height=\"1024\" src=\"https:\/\/www.solecomunicaciones.com.ar\/publicaciones\/wp-content\/uploads\/2019\/09\/Accenture-Rosellini-ARQ-Clarin-Sole-Comunicaciones-pagina-18-03.09.2019-734x1024.jpg\" alt=\"\" data-id=\"2626\" data-link=\"https:\/\/www.solecomunicaciones.com.ar\/publicaciones\/?attachment_id=2626\" class=\"wp-image-2626\" srcset=\"https:\/\/www.solecomunicaciones.com.ar\/publicaciones\/wp-content\/uploads\/2019\/09\/Accenture-Rosellini-ARQ-Clarin-Sole-Comunicaciones-pagina-18-03.09.2019-734x1024.jpg 734w, https:\/\/www.solecomunicaciones.com.ar\/publicaciones\/wp-content\/uploads\/2019\/09\/Accenture-Rosellini-ARQ-Clarin-Sole-Comunicaciones-pagina-18-03.09.2019-215x300.jpg 215w, https:\/\/www.solecomunicaciones.com.ar\/publicaciones\/wp-content\/uploads\/2019\/09\/Accenture-Rosellini-ARQ-Clarin-Sole-Comunicaciones-pagina-18-03.09.2019.jpg 750w\" sizes=\"(max-width: 734px) 100vw, 734px\" \/><\/figure><\/li><li class=\"blocks-gallery-item\"><figure><img loading=\"lazy\" width=\"742\" height=\"1024\" src=\"https:\/\/www.solecomunicaciones.com.ar\/publicaciones\/wp-content\/uploads\/2019\/09\/Accenture-Rosellini-ARQ-Clarin-Sole-Comunicaciones-pagina-19-03.09.2019-742x1024.jpg\" alt=\"\" data-id=\"2627\" data-link=\"https:\/\/www.solecomunicaciones.com.ar\/publicaciones\/?attachment_id=2627\" class=\"wp-image-2627\" srcset=\"https:\/\/www.solecomunicaciones.com.ar\/publicaciones\/wp-content\/uploads\/2019\/09\/Accenture-Rosellini-ARQ-Clarin-Sole-Comunicaciones-pagina-19-03.09.2019-742x1024.jpg 742w, https:\/\/www.solecomunicaciones.com.ar\/publicaciones\/wp-content\/uploads\/2019\/09\/Accenture-Rosellini-ARQ-Clarin-Sole-Comunicaciones-pagina-19-03.09.2019-217x300.jpg 217w, https:\/\/www.solecomunicaciones.com.ar\/publicaciones\/wp-content\/uploads\/2019\/09\/Accenture-Rosellini-ARQ-Clarin-Sole-Comunicaciones-pagina-19-03.09.2019.jpg 750w\" sizes=\"(max-width: 742px) 100vw, 742px\" \/><\/figure><\/li><\/ul><\/figure>\n","protected":false},"excerpt":{"rendered":"<p>La nueva sede de la compa\u00f1\u00eda Accenture en Parque Patricios, proyectada por los estudios MRA+A y Rosellini. Un proyecto innovador con ra\u00edces bien porte\u00f1as.<\/p>\n","protected":false},"author":1,"featured_media":2620,"comment_status":"open","ping_status":"open","sticky":false,"template":"","format":"standard","meta":[],"categories":[7],"tags":[59,12,13,14,24,58],"yoast_head":"<!-- This site is optimized with the Yoast SEO plugin v14.9 - https:\/\/yoast.com\/wordpress\/plugins\/seo\/ -->\n<title>Accenture: OFICINA GLOCAL EN EL DISTRITO TECNOL\u00d3GICO - Sole Comunicaciones<\/title>\n<meta name=\"description\" content=\"La nueva sede de la compa\u00f1\u00eda Accenture en Parque Patricios, proyectada por los estudios MRA+A y Rosellini. Un proyecto innovador con ra\u00edces bien porte\u00f1as.\" \/>\n<meta name=\"robots\" content=\"index, follow, max-snippet:-1, max-image-preview:large, max-video-preview:-1\" \/>\n<link rel=\"canonical\" href=\"https:\/\/www.solecomunicaciones.com.ar\/publicaciones\/nueva-sede-accenture\/\" \/>\n<meta property=\"og:locale\" content=\"es_ES\" \/>\n<meta property=\"og:type\" content=\"article\" \/>\n<meta property=\"og:title\" content=\"Accenture: OFICINA GLOCAL EN EL DISTRITO TECNOL\u00d3GICO\" \/>\n<meta property=\"og:description\" content=\"La nueva sede de la compa\u00f1\u00eda Accenture en Parque Patricios, proyectada por los estudios MRA+A y Rosellini. Un proyecto innovador con ra\u00edces bien porte\u00f1as.\" \/>\n<meta property=\"og:url\" content=\"https:\/\/www.solecomunicaciones.com.ar\/publicaciones\/nueva-sede-accenture\/\" \/>\n<meta property=\"og:site_name\" content=\"Sole Comunicaciones\" \/>\n<meta property=\"article:published_time\" content=\"2019-09-04T00:50:27+00:00\" \/>\n<meta property=\"article:modified_time\" content=\"2020-11-03T21:48:14+00:00\" \/>\n<meta property=\"og:image\" content=\"https:\/\/www.solecomunicaciones.com.ar\/publicaciones\/wp-content\/uploads\/2019\/09\/Accenture-Rosellini-ARQ-Clarin-Sole-Comunicaciones-tapa-03.09.2019.jpg\" \/>\n\t<meta property=\"og:image:width\" content=\"750\" \/>\n\t<meta property=\"og:image:height\" content=\"1041\" \/>\n<meta name=\"twitter:card\" content=\"summary_large_image\" \/>\n<script type=\"application\/ld+json\" class=\"yoast-schema-graph\">{\"@context\":\"https:\/\/schema.org\",\"@graph\":[{\"@type\":\"WebSite\",\"@id\":\"https:\/\/www.solecomunicaciones.com.ar\/publicaciones\/#website\",\"url\":\"https:\/\/www.solecomunicaciones.com.ar\/publicaciones\/\",\"name\":\"Sole Comunicaciones\",\"description\":\"Publicaciones \",\"potentialAction\":[{\"@type\":\"SearchAction\",\"target\":\"https:\/\/www.solecomunicaciones.com.ar\/publicaciones\/?s={search_term_string}\",\"query-input\":\"required name=search_term_string\"}],\"inLanguage\":\"es\"},{\"@type\":\"ImageObject\",\"@id\":\"https:\/\/www.solecomunicaciones.com.ar\/publicaciones\/nueva-sede-accenture\/#primaryimage\",\"inLanguage\":\"es\",\"url\":\"https:\/\/www.solecomunicaciones.com.ar\/publicaciones\/wp-content\/uploads\/2019\/09\/Accenture-Rosellini-ARQ-Clarin-Sole-Comunicaciones-tapa-03.09.2019.jpg\",\"width\":750,\"height\":1041,\"caption\":\"Nota Accenture Tapa\"},{\"@type\":\"WebPage\",\"@id\":\"https:\/\/www.solecomunicaciones.com.ar\/publicaciones\/nueva-sede-accenture\/#webpage\",\"url\":\"https:\/\/www.solecomunicaciones.com.ar\/publicaciones\/nueva-sede-accenture\/\",\"name\":\"Accenture: OFICINA GLOCAL EN EL DISTRITO TECNOL\\u00d3GICO - Sole Comunicaciones\",\"isPartOf\":{\"@id\":\"https:\/\/www.solecomunicaciones.com.ar\/publicaciones\/#website\"},\"primaryImageOfPage\":{\"@id\":\"https:\/\/www.solecomunicaciones.com.ar\/publicaciones\/nueva-sede-accenture\/#primaryimage\"},\"datePublished\":\"2019-09-04T00:50:27+00:00\",\"dateModified\":\"2020-11-03T21:48:14+00:00\",\"author\":{\"@id\":\"https:\/\/www.solecomunicaciones.com.ar\/publicaciones\/#\/schema\/person\/34cc02109c051703283321a51075178c\"},\"description\":\"La nueva sede de la compa\\u00f1\\u00eda Accenture en Parque Patricios, proyectada por los estudios MRA+A y Rosellini. Un proyecto innovador con ra\\u00edces bien porte\\u00f1as.\",\"inLanguage\":\"es\",\"potentialAction\":[{\"@type\":\"ReadAction\",\"target\":[\"https:\/\/www.solecomunicaciones.com.ar\/publicaciones\/nueva-sede-accenture\/\"]}]},{\"@type\":\"Person\",\"@id\":\"https:\/\/www.solecomunicaciones.com.ar\/publicaciones\/#\/schema\/person\/34cc02109c051703283321a51075178c\",\"name\":\"Sole C&amp;M\",\"image\":{\"@type\":\"ImageObject\",\"@id\":\"https:\/\/www.solecomunicaciones.com.ar\/publicaciones\/#personlogo\",\"inLanguage\":\"es\",\"url\":\"https:\/\/secure.gravatar.com\/avatar\/98dec144ab5b4969e6b78831b015326b?s=96&d=mm&r=g\",\"caption\":\"Sole C&amp;M\"}}]}<\/script>\n<!-- \/ Yoast SEO plugin. -->","_links":{"self":[{"href":"https:\/\/www.solecomunicaciones.com.ar\/publicaciones\/wp-json\/wp\/v2\/posts\/2619"}],"collection":[{"href":"https:\/\/www.solecomunicaciones.com.ar\/publicaciones\/wp-json\/wp\/v2\/posts"}],"about":[{"href":"https:\/\/www.solecomunicaciones.com.ar\/publicaciones\/wp-json\/wp\/v2\/types\/post"}],"author":[{"embeddable":true,"href":"https:\/\/www.solecomunicaciones.com.ar\/publicaciones\/wp-json\/wp\/v2\/users\/1"}],"replies":[{"embeddable":true,"href":"https:\/\/www.solecomunicaciones.com.ar\/publicaciones\/wp-json\/wp\/v2\/comments?post=2619"}],"version-history":[{"count":4,"href":"https:\/\/www.solecomunicaciones.com.ar\/publicaciones\/wp-json\/wp\/v2\/posts\/2619\/revisions"}],"predecessor-version":[{"id":2806,"href":"https:\/\/www.solecomunicaciones.com.ar\/publicaciones\/wp-json\/wp\/v2\/posts\/2619\/revisions\/2806"}],"wp:featuredmedia":[{"embeddable":true,"href":"https:\/\/www.solecomunicaciones.com.ar\/publicaciones\/wp-json\/wp\/v2\/media\/2620"}],"wp:attachment":[{"href":"https:\/\/www.solecomunicaciones.com.ar\/publicaciones\/wp-json\/wp\/v2\/media?parent=2619"}],"wp:term":[{"taxonomy":"category","embeddable":true,"href":"https:\/\/www.solecomunicaciones.com.ar\/publicaciones\/wp-json\/wp\/v2\/categories?post=2619"},{"taxonomy":"post_tag","embeddable":true,"href":"https:\/\/www.solecomunicaciones.com.ar\/publicaciones\/wp-json\/wp\/v2\/tags?post=2619"}],"curies":[{"name":"wp","href":"https:\/\/api.w.org\/{rel}","templated":true}]}}