{"id":2609,"date":"2019-08-27T11:30:04","date_gmt":"2019-08-27T14:30:04","guid":{"rendered":"https:\/\/www.solecomunicaciones.com.ar\/publicaciones\/?p=2609"},"modified":"2020-11-03T18:48:26","modified_gmt":"2020-11-03T21:48:26","slug":"salamo-nunez-arq-clarin","status":"publish","type":"post","link":"https:\/\/www.solecomunicaciones.com.ar\/publicaciones\/salamo-nunez-arq-clarin\/","title":{"rendered":"Salam\u00f3-Nu\u00f1ez: Departamentos que se sienten como casas"},"content":{"rendered":"\n<h3>PROYECTO NACIONAL <strong>SN ROJAS SN ALVEAR<\/strong><\/h3>\n\n\n\n<h4 class=\"justificar-texto\"><strong>Dos edificios de vivienda ofrecen una variedad de tipolog\u00edas acompa\u00f1adas por amenities en el GBA Oeste. Los detalles que los distinguen.<\/strong><\/h4>\n\n\n\n<p class=\"justificar-texto\">Dos arquitectos, Santiago Salam\u00f3 y Gustavo N\u00fa\u00f1ez, son los fundadores del estudio que lleva sus apellidos y que se fue convirtiendo en m\u00e1s que un lugar en donde se piensan proyectos arquitect\u00f3nicos. En Salam\u00f3 N\u00fa\u00f1ez, con sede en Castelar, se lleva adelante la gesti\u00f3n integral de desarrollos, el proyecto, la direcci\u00f3n de obra y la construcci\u00f3n.<\/p>\n\n\n\n<figure class=\"wp-block-image\"><img loading=\"lazy\" width=\"765\" height=\"1024\" src=\"https:\/\/www.solecomunicaciones.com.ar\/publicaciones\/wp-content\/uploads\/2019\/08\/Salamo-Nunez-ARQ-Clarin-Sole-Comunicaciones-pagina-24-27.08.2019-765x1024.jpg\" alt=\"Salam\u00f3 Nu\u00f1ez, ARQ Clar\u00edn, Sole Comunicaciones, pagina 24\" class=\"wp-image-2612\" srcset=\"https:\/\/www.solecomunicaciones.com.ar\/publicaciones\/wp-content\/uploads\/2019\/08\/Salamo-Nunez-ARQ-Clarin-Sole-Comunicaciones-pagina-24-27.08.2019-765x1024.jpg 765w, https:\/\/www.solecomunicaciones.com.ar\/publicaciones\/wp-content\/uploads\/2019\/08\/Salamo-Nunez-ARQ-Clarin-Sole-Comunicaciones-pagina-24-27.08.2019-224x300.jpg 224w, https:\/\/www.solecomunicaciones.com.ar\/publicaciones\/wp-content\/uploads\/2019\/08\/Salamo-Nunez-ARQ-Clarin-Sole-Comunicaciones-pagina-24-27.08.2019-768x1028.jpg 768w, https:\/\/www.solecomunicaciones.com.ar\/publicaciones\/wp-content\/uploads\/2019\/08\/Salamo-Nunez-ARQ-Clarin-Sole-Comunicaciones-pagina-24-27.08.2019.jpg 800w\" sizes=\"(max-width: 765px) 100vw, 765px\" \/><\/figure>\n\n\n\n<p class=\"justificar-texto\">Desde hace m\u00e1s de 15 a\u00f1os, \u201cen cada nuevo proyecto, el equipo busca manifestar su reflexi\u00f3n sobre los nuevos modos de habitar y estudiar su comportamiento con el medio que los rodea\u201d, dicen los socios.<\/p>\n\n\n\n<p class=\"justificar-texto\">Esto se percibe en sus \u00faltimos proyectos, SN Rojas y SN Alvear, ambos de vivienda multifamiliar.<\/p>\n\n\n\n<p class=\"justificar-texto\">El primero de ellos es un edificio de 6 pisos de m\u00e1s 7.000 m2 que incluye 58 departamentos de 1, 2, 3 y 4 ambientes y cocheras en el subsuelo. Se ubica en un terreno de 38 metros de frente sobre Paulino Rojas 550, en Ituzaing\u00f3, a solo 400 metros de la avenida Santa Rosa, arteria que une el Acceso Oeste con la avenida Rivadavia y separa los partidos de Ituzaing\u00f3 y Castelar.<\/p>\n\n\n\n<figure class=\"wp-block-image\"><img loading=\"lazy\" width=\"758\" height=\"1024\" src=\"https:\/\/www.solecomunicaciones.com.ar\/publicaciones\/wp-content\/uploads\/2019\/08\/Salamo-Nunez-ARQ-Clarin-Sole-Comunicaciones-pagina-25-27.08.2019-758x1024.jpg\" alt=\"\" class=\"wp-image-2613\" srcset=\"https:\/\/www.solecomunicaciones.com.ar\/publicaciones\/wp-content\/uploads\/2019\/08\/Salamo-Nunez-ARQ-Clarin-Sole-Comunicaciones-pagina-25-27.08.2019-758x1024.jpg 758w, https:\/\/www.solecomunicaciones.com.ar\/publicaciones\/wp-content\/uploads\/2019\/08\/Salamo-Nunez-ARQ-Clarin-Sole-Comunicaciones-pagina-25-27.08.2019-222x300.jpg 222w, https:\/\/www.solecomunicaciones.com.ar\/publicaciones\/wp-content\/uploads\/2019\/08\/Salamo-Nunez-ARQ-Clarin-Sole-Comunicaciones-pagina-25-27.08.2019-768x1038.jpg 768w, https:\/\/www.solecomunicaciones.com.ar\/publicaciones\/wp-content\/uploads\/2019\/08\/Salamo-Nunez-ARQ-Clarin-Sole-Comunicaciones-pagina-25-27.08.2019.jpg 800w\" sizes=\"(max-width: 758px) 100vw, 758px\" \/><\/figure>\n\n\n\n<p class=\"justificar-texto\">El proyecto se pens\u00f3 desde la intenci\u00f3n de que el usuario tenga \u201clibertad de elegir qu\u00e9 mirar\u201d, como explican los autores. Esta idea se materializa a trav\u00e9s de la implantaci\u00f3n de dos bloques enfrentados y separados por un espacio verde al que balconean las terrazas de cada unidad funcional. Estos espacios al aire libre son una de las dos expansiones exteriores con las que cuenta cada departamento: una hacia el frente en uno de los extremos del living y la otra en su lado opuesto, hacia el \u00e1rea verde que separa ambos bloques. As\u00ed, se genera \u201cun ambiente pasante con ventilaci\u00f3n cruzada e iluminaci\u00f3n natural durante todo el d\u00eda. De esta manera creamos, controlamos y elegimos qu\u00e9 y a d\u00f3nde queremos mirar\u201d, detallan los arquitectos. Y agregan: \u201cEl estudio proyect\u00f3 SN Rojas con la idea de generar en el usuario las mismas sensaciones que se perciben al habitar una casa\u201d.<\/p>\n\n\n\n<p class=\"justificar-texto\">El edificio cuenta con amenities como sum en planta baja con salida al espacio verde central, gimnasio, hall de acceso en doble altura, azoteas de uso privado en el \u00faltimo piso y jardines propios para los departamentos ubicados en planta baja.<\/p>\n\n\n\n<figure class=\"wp-block-image\"><img loading=\"lazy\" width=\"761\" height=\"1024\" src=\"https:\/\/www.solecomunicaciones.com.ar\/publicaciones\/wp-content\/uploads\/2019\/08\/Salamo-Nunez-ARQ-Clarin-Sole-Comunicaciones-pagina-26-27.08.2019-761x1024.jpg\" alt=\"\" class=\"wp-image-2614\" srcset=\"https:\/\/www.solecomunicaciones.com.ar\/publicaciones\/wp-content\/uploads\/2019\/08\/Salamo-Nunez-ARQ-Clarin-Sole-Comunicaciones-pagina-26-27.08.2019-761x1024.jpg 761w, https:\/\/www.solecomunicaciones.com.ar\/publicaciones\/wp-content\/uploads\/2019\/08\/Salamo-Nunez-ARQ-Clarin-Sole-Comunicaciones-pagina-26-27.08.2019-223x300.jpg 223w, https:\/\/www.solecomunicaciones.com.ar\/publicaciones\/wp-content\/uploads\/2019\/08\/Salamo-Nunez-ARQ-Clarin-Sole-Comunicaciones-pagina-26-27.08.2019-768x1034.jpg 768w, https:\/\/www.solecomunicaciones.com.ar\/publicaciones\/wp-content\/uploads\/2019\/08\/Salamo-Nunez-ARQ-Clarin-Sole-Comunicaciones-pagina-26-27.08.2019.jpg 800w\" sizes=\"(max-width: 761px) 100vw, 761px\" \/><\/figure>\n\n\n\n<p class=\"justificar-texto\">A pocos metros, SN Alvear tambi\u00e9n se presenta al barrio como una alternativa dentro de la categor\u00eda de viviendas de calidad que existen en la zona.<\/p>\n\n\n\n<p class=\"justificar-texto\">El proyecto se desarrolla sobre un lote en esquina con ambos frentes de 40 metros. Se compone de dos tiras unidas mediante una circulaci\u00f3n vertical que se ubica en la intersecci\u00f3n de ambos cuerpos. De esta manera, se forma un partido en \u201cL\u201d que contiene un amplio espacio verde de uso com\u00fan que funciona como expansi\u00f3n del sal\u00f3n de usos m\u00faltiples, gimnasio y piscina con solarium, todos situados en planta baja.<\/p>\n\n\n\n<p class=\"justificar-texto\">El edificio cuenta con un hall en doble altura ubicado justo en la esquina. A partir de esta configuraci\u00f3n se genera un parque de acceso que se fusiona con el espacio urbano.<\/p>\n\n\n\n<figure class=\"wp-block-image\"><img loading=\"lazy\" width=\"761\" height=\"1024\" src=\"https:\/\/www.solecomunicaciones.com.ar\/publicaciones\/wp-content\/uploads\/2019\/08\/Salamo-Nunez-ARQ-Clarin-Sole-Comunicaciones-pagina-27-27.08.2019-761x1024.jpg\" alt=\"\" class=\"wp-image-2615\" srcset=\"https:\/\/www.solecomunicaciones.com.ar\/publicaciones\/wp-content\/uploads\/2019\/08\/Salamo-Nunez-ARQ-Clarin-Sole-Comunicaciones-pagina-27-27.08.2019-761x1024.jpg 761w, https:\/\/www.solecomunicaciones.com.ar\/publicaciones\/wp-content\/uploads\/2019\/08\/Salamo-Nunez-ARQ-Clarin-Sole-Comunicaciones-pagina-27-27.08.2019-223x300.jpg 223w, https:\/\/www.solecomunicaciones.com.ar\/publicaciones\/wp-content\/uploads\/2019\/08\/Salamo-Nunez-ARQ-Clarin-Sole-Comunicaciones-pagina-27-27.08.2019-768x1034.jpg 768w, https:\/\/www.solecomunicaciones.com.ar\/publicaciones\/wp-content\/uploads\/2019\/08\/Salamo-Nunez-ARQ-Clarin-Sole-Comunicaciones-pagina-27-27.08.2019.jpg 800w\" sizes=\"(max-width: 761px) 100vw, 761px\" \/><\/figure>\n\n\n\n<p class=\"justificar-texto\">SN Alvear re\u00fane 60 unidades de uno, dos, tres y cuatro ambientes, que se caracterizan por sus terminaciones de calidad, conjugando una paleta de materiales que combina madera, vegetaci\u00f3n y distintos tamices de luz generados por la trama de los parasoles. El emprendimiento ofrecer\u00e1 terrazas de uso exclusivo con parrillas, cocheras cubiertas en planta baja con acceso privado y cocheras m\u00e1s bauleras en subsuelo.<\/p>\n\n\n\n<hr class=\"wp-block-separator is-style-wide\"\/>\n\n\n\n<p><strong>Diario:<\/strong>&nbsp;ARQ CLAR\u00cdN<br><strong>Fecha de publicaci\u00f3n:&nbsp;&nbsp;<\/strong>27 de Agosto de 2019.<\/p>\n\n\n\n<p>Para ver la nota en tama\u00f1o superior o descargarla en PDF haga\u00a0<a href=\"https:\/\/solecomunicaciones.com.ar\/assets\/files\/Salamo-Nunez-ARQ-Clarin-Sole-Comunicaciones-27.08.2019-.pdf\">click aqu\u00ed.<\/a><\/p>\n","protected":false},"excerpt":{"rendered":"<p>SN ROJAS SN ALVEAR: Dos edificios de vivienda ofrecen una variedad de tipolog\u00edas acompa\u00f1adas por amenities en el GBA Oeste. Los detalles que los distinguen.<\/p>\n","protected":false},"author":1,"featured_media":2612,"comment_status":"open","ping_status":"open","sticky":false,"template":"","format":"standard","meta":[],"categories":[7],"tags":[12,13,57],"yoast_head":"<!-- This site is optimized with the Yoast SEO plugin v14.9 - https:\/\/yoast.com\/wordpress\/plugins\/seo\/ -->\n<title>Salam\u00f3-Nu\u00f1ez: Departamentos que se sienten como casas - Sole Comunicaciones<\/title>\n<meta name=\"robots\" content=\"index, follow, max-snippet:-1, max-image-preview:large, max-video-preview:-1\" \/>\n<link rel=\"canonical\" href=\"https:\/\/www.solecomunicaciones.com.ar\/publicaciones\/salamo-nunez-arq-clarin\/\" \/>\n<meta property=\"og:locale\" content=\"es_ES\" \/>\n<meta property=\"og:type\" content=\"article\" \/>\n<meta property=\"og:title\" content=\"Salam\u00f3-Nu\u00f1ez: Departamentos que se sienten como casas\" \/>\n<meta property=\"og:description\" content=\"SN ROJAS SN ALVEAR: Dos edificios de vivienda ofrecen una variedad de tipolog\u00edas acompa\u00f1adas por amenities en el GBA Oeste. Los detalles que los distinguen.\" \/>\n<meta property=\"og:url\" content=\"https:\/\/www.solecomunicaciones.com.ar\/publicaciones\/salamo-nunez-arq-clarin\/\" \/>\n<meta property=\"og:site_name\" content=\"Sole Comunicaciones\" \/>\n<meta property=\"article:published_time\" content=\"2019-08-27T14:30:04+00:00\" \/>\n<meta property=\"article:modified_time\" content=\"2020-11-03T21:48:26+00:00\" \/>\n<meta property=\"og:image\" content=\"https:\/\/www.solecomunicaciones.com.ar\/publicaciones\/wp-content\/uploads\/2019\/08\/Salamo-Nunez-ARQ-Clarin-Sole-Comunicaciones-pagina-24-27.08.2019.jpg\" \/>\n\t<meta property=\"og:image:width\" content=\"800\" \/>\n\t<meta property=\"og:image:height\" content=\"1071\" \/>\n<meta name=\"twitter:card\" content=\"summary_large_image\" \/>\n<script type=\"application\/ld+json\" class=\"yoast-schema-graph\">{\"@context\":\"https:\/\/schema.org\",\"@graph\":[{\"@type\":\"WebSite\",\"@id\":\"https:\/\/www.solecomunicaciones.com.ar\/publicaciones\/#website\",\"url\":\"https:\/\/www.solecomunicaciones.com.ar\/publicaciones\/\",\"name\":\"Sole Comunicaciones\",\"description\":\"Publicaciones \",\"potentialAction\":[{\"@type\":\"SearchAction\",\"target\":\"https:\/\/www.solecomunicaciones.com.ar\/publicaciones\/?s={search_term_string}\",\"query-input\":\"required name=search_term_string\"}],\"inLanguage\":\"es\"},{\"@type\":\"ImageObject\",\"@id\":\"https:\/\/www.solecomunicaciones.com.ar\/publicaciones\/salamo-nunez-arq-clarin\/#primaryimage\",\"inLanguage\":\"es\",\"url\":\"https:\/\/www.solecomunicaciones.com.ar\/publicaciones\/wp-content\/uploads\/2019\/08\/Salamo-Nunez-ARQ-Clarin-Sole-Comunicaciones-pagina-24-27.08.2019.jpg\",\"width\":800,\"height\":1071,\"caption\":\"Salam\\u00f3 Nu\\u00f1ez, ARQ Clar\\u00edn, Sole Comunicaciones, pagina 24\"},{\"@type\":\"WebPage\",\"@id\":\"https:\/\/www.solecomunicaciones.com.ar\/publicaciones\/salamo-nunez-arq-clarin\/#webpage\",\"url\":\"https:\/\/www.solecomunicaciones.com.ar\/publicaciones\/salamo-nunez-arq-clarin\/\",\"name\":\"Salam\\u00f3-Nu\\u00f1ez: Departamentos que se sienten como casas - Sole Comunicaciones\",\"isPartOf\":{\"@id\":\"https:\/\/www.solecomunicaciones.com.ar\/publicaciones\/#website\"},\"primaryImageOfPage\":{\"@id\":\"https:\/\/www.solecomunicaciones.com.ar\/publicaciones\/salamo-nunez-arq-clarin\/#primaryimage\"},\"datePublished\":\"2019-08-27T14:30:04+00:00\",\"dateModified\":\"2020-11-03T21:48:26+00:00\",\"author\":{\"@id\":\"https:\/\/www.solecomunicaciones.com.ar\/publicaciones\/#\/schema\/person\/34cc02109c051703283321a51075178c\"},\"inLanguage\":\"es\",\"potentialAction\":[{\"@type\":\"ReadAction\",\"target\":[\"https:\/\/www.solecomunicaciones.com.ar\/publicaciones\/salamo-nunez-arq-clarin\/\"]}]},{\"@type\":\"Person\",\"@id\":\"https:\/\/www.solecomunicaciones.com.ar\/publicaciones\/#\/schema\/person\/34cc02109c051703283321a51075178c\",\"name\":\"Sole C&amp;M\",\"image\":{\"@type\":\"ImageObject\",\"@id\":\"https:\/\/www.solecomunicaciones.com.ar\/publicaciones\/#personlogo\",\"inLanguage\":\"es\",\"url\":\"https:\/\/secure.gravatar.com\/avatar\/98dec144ab5b4969e6b78831b015326b?s=96&d=mm&r=g\",\"caption\":\"Sole C&amp;M\"}}]}<\/script>\n<!-- \/ Yoast SEO plugin. -->","_links":{"self":[{"href":"https:\/\/www.solecomunicaciones.com.ar\/publicaciones\/wp-json\/wp\/v2\/posts\/2609"}],"collection":[{"href":"https:\/\/www.solecomunicaciones.com.ar\/publicaciones\/wp-json\/wp\/v2\/posts"}],"about":[{"href":"https:\/\/www.solecomunicaciones.com.ar\/publicaciones\/wp-json\/wp\/v2\/types\/post"}],"author":[{"embeddable":true,"href":"https:\/\/www.solecomunicaciones.com.ar\/publicaciones\/wp-json\/wp\/v2\/users\/1"}],"replies":[{"embeddable":true,"href":"https:\/\/www.solecomunicaciones.com.ar\/publicaciones\/wp-json\/wp\/v2\/comments?post=2609"}],"version-history":[{"count":5,"href":"https:\/\/www.solecomunicaciones.com.ar\/publicaciones\/wp-json\/wp\/v2\/posts\/2609\/revisions"}],"predecessor-version":[{"id":2807,"href":"https:\/\/www.solecomunicaciones.com.ar\/publicaciones\/wp-json\/wp\/v2\/posts\/2609\/revisions\/2807"}],"wp:featuredmedia":[{"embeddable":true,"href":"https:\/\/www.solecomunicaciones.com.ar\/publicaciones\/wp-json\/wp\/v2\/media\/2612"}],"wp:attachment":[{"href":"https:\/\/www.solecomunicaciones.com.ar\/publicaciones\/wp-json\/wp\/v2\/media?parent=2609"}],"wp:term":[{"taxonomy":"category","embeddable":true,"href":"https:\/\/www.solecomunicaciones.com.ar\/publicaciones\/wp-json\/wp\/v2\/categories?post=2609"},{"taxonomy":"post_tag","embeddable":true,"href":"https:\/\/www.solecomunicaciones.com.ar\/publicaciones\/wp-json\/wp\/v2\/tags?post=2609"}],"curies":[{"name":"wp","href":"https:\/\/api.w.org\/{rel}","templated":true}]}}