{"id":2377,"date":"2018-07-08T21:46:56","date_gmt":"2018-07-09T00:46:56","guid":{"rendered":"https:\/\/www.solecomunicaciones.com.ar\/publicaciones\/?p=2377"},"modified":"2020-11-03T18:52:22","modified_gmt":"2020-11-03T21:52:22","slug":"estudio-afs-2018","status":"publish","type":"post","link":"https:\/\/www.solecomunicaciones.com.ar\/publicaciones\/estudio-afs-2018\/","title":{"rendered":"Estudio AFS Arquitectos: Hospitales de \u00daltima Generaci\u00f3n"},"content":{"rendered":"<p>M\u00e1s \u00e1reas ambulatorias y de tratamiento, menos de internaci\u00f3n. Los nuevos conceptos en arquitectura hospitalaria y las obras m\u00e1s significativas del Estudio Alvarado Font Sartorio.<\/p>\n<p><!--more--><\/p>\n<p><strong>C\u00f3mo combinar calidad espacial y funcionalidad<\/strong><\/p>\n<p><em><span style=\"font-weight: 400;\">ENTREVISTA ESTUDIO AFS ARQUITECTOS.<\/span><\/em><\/p>\n<p><strong>Desde hace cuatro d\u00e9cadas, el equipo encabezado por Liliana Font, Manuel Alvarado, Alfredo Sartorio, Javier Sartorio y Marcelo Fattorini desarrolla proyectos de arquitectura para la salud. Desde su experiencia, analizan la evoluci\u00f3n y las tendencias actuales de la infraestructura hospitalaria.<\/strong><\/p>\n<p style=\"text-align: justify; font-size: 8pt;\"><strong>Por Paula Baldo, ARQ Clar\u00edn<\/strong><\/p>\n<p><img loading=\"lazy\" class=\"aligncenter wp-image-2380 size-full\" src=\"https:\/\/www.solecomunicaciones.com.ar\/publicaciones\/wp-content\/uploads\/2018\/07\/nota-afs-arq-clarin-sole-comunicaciones-TAPA-1.jpg\" alt=\"Nota AFS Arquitectos, ARQ Clar\u00edn, Sole Comunicaciones, Tapa\" width=\"776\" height=\"1086\" srcset=\"https:\/\/www.solecomunicaciones.com.ar\/publicaciones\/wp-content\/uploads\/2018\/07\/nota-afs-arq-clarin-sole-comunicaciones-TAPA-1.jpg 776w, https:\/\/www.solecomunicaciones.com.ar\/publicaciones\/wp-content\/uploads\/2018\/07\/nota-afs-arq-clarin-sole-comunicaciones-TAPA-1-214x300.jpg 214w, https:\/\/www.solecomunicaciones.com.ar\/publicaciones\/wp-content\/uploads\/2018\/07\/nota-afs-arq-clarin-sole-comunicaciones-TAPA-1-768x1075.jpg 768w, https:\/\/www.solecomunicaciones.com.ar\/publicaciones\/wp-content\/uploads\/2018\/07\/nota-afs-arq-clarin-sole-comunicaciones-TAPA-1-732x1024.jpg 732w\" sizes=\"(max-width: 776px) 100vw, 776px\" \/><\/p>\n<p><span style=\"font-weight: 400;\">El Estudio AFS Arquitectos se ha especializado en el dise\u00f1o de infraestructura para la salud y ha desarrollado proyectos en el \u00e1mbito p\u00fablico y en el sector privado (\u00faltimamente con \u00e9nfasis en este \u00faltimo) por m\u00e1s de cuatro d\u00e9cadas. Actualmente, lideran el equipo Liliana Font, Alfredo Sartorio, Javier Sartorio y Marcelo Fattorini como socios del estudio; y Eduardo Bini y Federico Fioressi como asociados.<\/span><\/p>\n<p><span style=\"font-weight: 400;\">En estos a\u00f1os han tenido la oportunidad de refuncionalizar o dise\u00f1ar desde cero gran parte de los centros de salud de nuestro pa\u00eds. El Sanatorio Finochietto marca un hito en ese camino al ser reconocido como \u201cHospital Verde\u201d por la red de global Green and Healthy Hospitals y por haber obtenido el Premio Nacional de Arquitectura y Dise\u00f1o Urbano Sustentable otorgado por la SCA, en 2015.<\/span><\/p>\n<p><span style=\"font-weight: 400;\">\u201cHace 40 a\u00f1os, la arquitectura para la salud no exist\u00eda como especializaci\u00f3n. Se cre\u00eda que no deb\u00eda haber especialistas porque la arquitectura es una sola, es buena o mala, y depende del estudio de la funci\u00f3n. Sin embargo, en salud se requiere una formaci\u00f3n fuerte porque no es f\u00e1cil proyectar un hospital con la complejidad funcional y tecnol\u00f3gica que tiene\u201d, explica Font en una charla con ARQ.<\/span><\/p>\n<p><span style=\"font-weight: 400;\">La idea de que la calidad espacial quedaba supeditada a una funcionalidad de extrema rigidez era uno de los conceptos que alimentaba ese debate ya obsoleto. \u201cLa especializaci\u00f3n llev\u00f3 a hacer productos que parec\u00edan f\u00e1bricas- interviene Javier Sartorio-. En los concursos de los a\u00f1os 70 para el \u00e1rea p\u00fablica se impuso un modelo de hospital sist\u00e9mico que desde cierto punto de vista fue un aporte, porque puso en claro que un hospital no es igual a otro edificio y deb\u00eda tener diferenciadas las circulaciones, adem\u00e1s de cierta flexibilidad y homogeneidad. Pero lo que sucedi\u00f3 es que los proyectos eran como esquemas que no ten\u00edan en cuenta el lugar, el emplazamiento, el clima o la ciudad. Estaban pensados para crecer hasta el infinito, incluso la gente se desorienta dentro del edificio\u201d.<\/span><\/p>\n<div id=\"attachment_2378\" style=\"width: 546px\" class=\"wp-caption aligncenter\"><img aria-describedby=\"caption-attachment-2378\" loading=\"lazy\" class=\"wp-image-2378 size-full\" src=\"https:\/\/www.solecomunicaciones.com.ar\/publicaciones\/wp-content\/uploads\/2018\/07\/nota-afs-arq-clarin-sole-comunicaciones-pagina12.jpg\" alt=\"Nota AFS Arquitectos, ARQ Clar\u00edn, Sole Comunicaciones, P\u00e1gina 12\" width=\"536\" height=\"750\" srcset=\"https:\/\/www.solecomunicaciones.com.ar\/publicaciones\/wp-content\/uploads\/2018\/07\/nota-afs-arq-clarin-sole-comunicaciones-pagina12.jpg 536w, https:\/\/www.solecomunicaciones.com.ar\/publicaciones\/wp-content\/uploads\/2018\/07\/nota-afs-arq-clarin-sole-comunicaciones-pagina12-214x300.jpg 214w\" sizes=\"(max-width: 536px) 100vw, 536px\" \/><p id=\"caption-attachment-2378\" class=\"wp-caption-text\">TUCUM\u00c1N. El Hospital Privado es parte de un proceso de descentralizaci\u00f3n. Ocupar\u00e1 un predio de 6 hect\u00e1reas en las afueras de la ciudad.<\/p><\/div>\n<p><span style=\"font-weight: 400;\">En cuanto a la calidad de los edificios de salud en el \u00e1mbito de la medicina privada, un sector que nunca acudi\u00f3 a concursos p\u00fablicos, los arquitectos explican que fueron los gerentes quienes empezaron a darse cuenta de que los proyectos que en<\/span><span style=\"font-weight: 400;\">cargaban nac\u00edan mal concebidos y que necesitaban profesionales especializados. Luego, el usuario fue advirtiendo una diferencia en el recurso f\u00edsico bien concebido espacial y funcionalmente, y eso marc\u00f3 una competencia fuerte entre los prestadores.<\/span><\/p>\n<p><span style=\"font-weight: 400;\">\u201cEl cambio m\u00e1s poderoso, ahora en marcha, es el pasaje hacia lo ambulatorio. Antes, casi todas las cirug\u00edas requer\u00edan internaci\u00f3n, ahora las intervenciones son m\u00ednimamente invasivas y permiten que el paciente se pueda retirar a las pocas horas\u201d, aseguran los especialistas. Esta evoluci\u00f3n impacta directamente en el recurso f\u00edsico: \u201cEl edificio es m\u00e1s complejo, m\u00e1s grande y con m\u00e1s tecnolog\u00eda para atender una mayor complejidad m\u00e9dica. Mientras que la internaci\u00f3n tiende a reducirse, los sectores de diagn\u00f3stico crecen\u201d, puntualiza Font.<\/span><\/p>\n<p><span style=\"font-weight: 400;\">Desde su experiencia, los proyectistas aseguran que actualmente funciona bien un esquema con la internaci\u00f3n en altura porque \u201ces como una hoteler\u00eda, pero tampoco hay que exagerar sino buscar un punto de equilibrio, que est\u00e1 alrededor de los 7 u 8 pisos. Hay un ahorro en el recorrido de ca\u00f1er\u00edas importante\u201d.<\/span><\/p>\n<p><span style=\"font-weight: 400;\">La evoluci\u00f3n tipol\u00f3gica tiene su inicio en los hospitales pabellonales de finales del siglo XIX y principios del XX, que corresponde a la mayor\u00eda de los hospitales construidos en Argentina. Por entonces, los distintos pabellones resolv\u00edan eficientemente la internaci\u00f3n separando las enferme- dades en diferentes edificios con un concepto infectol\u00f3gico, siempre rodeados de jardines y patios. \u201cEsta tipolog\u00eda tiene como gran ventaja la posibilidad de crecer y de reconvertir \u00e1reas. Despu\u00e9s vinieron los modelos m\u00e1s compactos; como el caso del Hospital Fern\u00e1ndez.<\/span><\/p>\n<p><span style=\"font-weight: 400;\">\u201cLos edificios en altura andan bien en manzanas completas, pero los privados no las tienen y tampoco el dinero para hacer una inversi\u00f3n toda junta. Por eso aparece un modelo muy argentino como el del Sanatorio Finochietto, donde hay que arreglarse entre medianeras; y el edificio crece tomando lotes contiguos y sorteando alg\u00fan edificio que queda en medio\u201d, aporta Sartorio. Y agrega: \u201cUno de los primeros edificios que combin\u00f3 estas condiciones muy h\u00e1bilmente fue la Fundaci\u00f3n Favaloro, se fue en altura pero logr\u00f3 tener una diferenciaci\u00f3n de las partes que lo hacen f\u00e1cil de actualizar y reciclar\u201d.<\/span><\/p>\n<p><img loading=\"lazy\" class=\"aligncenter size-full wp-image-2389\" src=\"https:\/\/www.solecomunicaciones.com.ar\/publicaciones\/wp-content\/uploads\/2018\/07\/nota-afs-arq-clarin-sole-comunicaciones-pagina13.jpg\" alt=\"Nota AFS Arquitectos, ARQ Clar\u00edn, Sole Comunicaciones, P\u00e1gina 13\" width=\"536\" height=\"750\" srcset=\"https:\/\/www.solecomunicaciones.com.ar\/publicaciones\/wp-content\/uploads\/2018\/07\/nota-afs-arq-clarin-sole-comunicaciones-pagina13.jpg 536w, https:\/\/www.solecomunicaciones.com.ar\/publicaciones\/wp-content\/uploads\/2018\/07\/nota-afs-arq-clarin-sole-comunicaciones-pagina13-214x300.jpg 214w\" sizes=\"(max-width: 536px) 100vw, 536px\" \/><\/p>\n<p><span style=\"font-weight: 400;\">Para todo proyectista de salud, es fundamental conocer el flujo y estudiar bien cada servicio para reducir el tiempo en el movimiento de los profesionales, y lograr que el paciente pueda orientarse con claridad. En este punto, Fioressi destaca que el proceso se debe estudiar de manera interdisciplinaria y junto con los equipos m\u00e9dicos en su calidad de usuarios.<\/span><\/p>\n<p><span style=\"font-weight: 400;\">Los sectores exclusivos para el personal de la salud se parecen bastante a las nuevas oficinas, en el sentido que promueven espacios de trabajo en equipo. Los sistemas internacionales de acreditaci\u00f3n de calidad en salud que apuntan a que al paciente se lo trate con un enfoque hol\u00edstico, lo cual requiere de espacios en los que los profesionales interact\u00faen entre s\u00ed. \u201cEn definitiva, el foco de la actividad siempre ha sido responder a las cambiantes necesidades de la atenci\u00f3n de salud, en los diferentes escenarios y en los distintos tiempos, con una propuesta de dise\u00f1o que contribuya funcional y espacialmente a la finalidad del edificio m\u00e9dico\u201d, concluyen los especialistas, que tambi\u00e9n promueven el trabajo en conjunto puertas adentro. El equipo se completa con los asesores (con la necesidad de actualizaci\u00f3n tecnol\u00f3gica permanente) y el cliente que define sus objetivos y estrategias.<\/span><\/p>\n<p><span style=\"color: #800000;\"><b>HAGA CLIC EN LOS SIGUIENTES\u00a0<\/b><b>T\u00cdTULOS<\/b><b>\u00a0PARA CONTINUAR LEYENDO LA NOTA.<\/b><\/span><\/p>\n<div class=\"su-accordion su-u-trim\">\n<div class=\"su-spoiler su-spoiler-style-default su-spoiler-icon-plus su-spoiler-closed\" data-scroll-offset=\"0\" data-anchor-in-url=\"no\"><div class=\"su-spoiler-title\" tabindex=\"0\" role=\"button\"><span class=\"su-spoiler-icon\"><\/span><b>Nuevo Sanatorio Anchorena San Mart\u00edn para UPCN<\/b><\/div><div class=\"su-spoiler-content su-u-clearfix su-u-trim\">\n<p><span style=\"font-weight: 400;\">El nuevo Sanatorio Anchorena San Mart\u00edn de la obra social de Uni\u00f3n del Personal Civil de la Naci\u00f3n (UPCN) surge como un proyecto sin precedentes en su lugar de implantaci\u00f3n y seg\u00fan un dise\u00f1o destinado a la atenci\u00f3n de salud desde su origen.<\/span><\/p>\n<p><span style=\"font-weight: 400;\">Contrariamente a la tradici\u00f3n local de ampliar, reciclar o refuncionalizar edificios existentes para dar soluciona las nuevas demandas de la medicina, este proyecto se ubicar\u00e1 en una manzana vac\u00eda, antes ocupada por viejos galpones abandonados y amplio terreno libre, en una zona de baja densidad en v\u00edas de transformaci\u00f3n en el partido de San Mart\u00edn. Una peculiar vegetaci\u00f3n de a\u00f1osas palmeras cuenta la historia de un solar que aloj\u00f3 en origen a una casaquinta, se transform\u00f3 luego en dependencia industrial de La Algodonera y a partir de hoy cumplir\u00e1 un rol significativo en la atenci\u00f3n m\u00e9dica de la zona.<\/span><\/p>\n<p><img loading=\"lazy\" class=\"aligncenter size-full wp-image-2388\" src=\"https:\/\/www.solecomunicaciones.com.ar\/publicaciones\/wp-content\/uploads\/2018\/07\/nota-afs-arq-clarin-sole-comunicaciones-pagina14.jpg\" alt=\"Nota AFS Arquitectos, ARQ Clar\u00edn, Sole Comunicaciones, P\u00e1gina 14\" width=\"536\" height=\"750\" srcset=\"https:\/\/www.solecomunicaciones.com.ar\/publicaciones\/wp-content\/uploads\/2018\/07\/nota-afs-arq-clarin-sole-comunicaciones-pagina14.jpg 536w, https:\/\/www.solecomunicaciones.com.ar\/publicaciones\/wp-content\/uploads\/2018\/07\/nota-afs-arq-clarin-sole-comunicaciones-pagina14-214x300.jpg 214w\" sizes=\"(max-width: 536px) 100vw, 536px\" \/><\/p>\n<p><span style=\"font-weight: 400;\">La volumetr\u00eda propuesta y el acceso por Av. Perdriel apuntan a consolidar la trama urbana, y el receso en la l\u00ednea de frente prolonga la intenci\u00f3n del Municipio de generar un \u00e1rea parquizada para servicios comunales.<\/span><\/p>\n<div class=\"su-note\" id=\"\" style=\"border-color:#73797f;border-radius:3px;-moz-border-radius:3px;-webkit-border-radius:3px;\"><div class=\"su-note-inner su-u-clearfix su-u-trim\" style=\"background-color:#8d9399;border-color:#ffffff;color:#ffffff;border-radius:3px;-moz-border-radius:3px;-webkit-border-radius:3px;\">El edificio se ubica en una manzana antes ocupada por galpones industriales. La volumetr\u00eda apunta a consolidar la trama urbana.<\/div><\/div>\n<p><span style=\"font-weight: 400;\">Por la calle lateral se producir\u00e1 el ingreso de ambulancias y camiones a las \u00a0playas de carga y descarga, con accesos directos a la guardia y los dep\u00f3sitos, respectivamente. A su vez, los veh\u00edculos de pacientes y visitas por un lado y del personal por el otro, ingresar\u00e1n a las playas de planta baja y 1\u00ba subsuelo, disminuyendo notablemente el impacto negativo que podr\u00eda tener el movimiento vehicular del Sanatorio en el vecindario.<\/span><\/p>\n<p><span style=\"font-weight: 400;\">La preservaci\u00f3n del espacio libre y verde ha sido un objetivo del dise\u00f1o, buscando un equilibrio entre la altura ideal para el funcionamiento hospitalario y la impronta del volumen construido sobre el terreno. La presencia de jardines arbolados ser\u00e1 una contribuci\u00f3n a la cura del paciente y a la salud del vecindario.<\/span><\/p>\n<p><span style=\"font-weight: 400;\">El basamento de tres niveles remata mediante un piso de transici\u00f3n parquizado, a partir del cual se elevan los dos cuerpos de internaci\u00f3n abrazando un pulm\u00f3n tambi\u00e9n parquizado. El basamento est\u00e1 subrayado en su envolvente por una franja continua materializada como fachada ventilada de porcelanato claro. En extremos opuestos se elevan los n\u00facleos circulatorios de hormig\u00f3n visto destinados en forma diferenciada al movimiento p\u00fablico y t\u00e9cnico.<br \/>\n<\/span><span style=\"font-weight: 400;\"><br \/>\n<img loading=\"lazy\" class=\"aligncenter size-full wp-image-2387\" src=\"https:\/\/www.solecomunicaciones.com.ar\/publicaciones\/wp-content\/uploads\/2018\/07\/nota-afs-arq-clarin-sole-comunicaciones-pagina15.jpg\" alt=\"Nota AFS Arquitectos, ARQ Clar\u00edn, Sole Comunicaciones, P\u00e1gina 15\" width=\"536\" height=\"750\" srcset=\"https:\/\/www.solecomunicaciones.com.ar\/publicaciones\/wp-content\/uploads\/2018\/07\/nota-afs-arq-clarin-sole-comunicaciones-pagina15.jpg 536w, https:\/\/www.solecomunicaciones.com.ar\/publicaciones\/wp-content\/uploads\/2018\/07\/nota-afs-arq-clarin-sole-comunicaciones-pagina15-214x300.jpg 214w\" sizes=\"(max-width: 536px) 100vw, 536px\" \/><\/span><\/p>\n<p><span style=\"font-weight: 400;\">Tanto los puentes de uni\u00f3n como las fachadas de las torres de internaci\u00f3n han sido tratadas como tiras vidriadas continuas, garantizando las visuales y la luz natural.<\/span><\/p>\n<p><span style=\"font-weight: 400;\">La sustentabilidad en un edificio de esta complejidad implica dar res- puesta a numerosos y variados aspectos. Respecto al uso y elecci\u00f3n del sitio, varios factores aportan a la generaci\u00f3n de un impacto positivo:<br \/>\n<\/span><span style=\"font-weight: 400;\"><strong>1)<\/strong> La implantaci\u00f3n en el terreno ha tomado en cuenta las diferentes escalas de la trama urbana, retirando generosamente la volumetr\u00eda de las calles residenciales de menor altura y aproxim\u00e1ndose a la Av. Perdriel para generar el frente de acceso principal. Esto evita la proyecci\u00f3n de sombras de invierno sobre las viviendas vecinas y minimiza los problemas de visuales y diferencias de escala.<br \/>\n<\/span><span style=\"font-weight: 400;\"><strong>2)<\/strong> La recuperaci\u00f3n del solar con construcciones industriales en desuso aporta a la valorizaci\u00f3n del \u00e1rea y revierte a\u00f1os de decadencia, generando un importante efecto positivo en la zona. Los procesos de demolici\u00f3n y retiro de materiales contaminantes, como asbestos y combustibles, se realizaron de acuerdo a normas, cuidando su disposici\u00f3n final.<br \/>\n<\/span><span style=\"font-weight: 400;\"><strong>3)<\/strong> El cuidado y transplante de las especies vegetales existentes permiti\u00f3 recrear un jard\u00edn verde de caracter\u00edsticas \u00fanicas.<\/span><\/p>\n<p><span style=\"font-weight: 400;\">Para aumentar al m\u00e1ximo posible la eficiencia energ\u00e9tica, el proyecto incorpora caracter\u00edsticas de dise\u00f1o bioclim\u00e1tico y solar pasivo, junto con sistemas de acondicionamiento artificial de \u00faltima tecnolog\u00eda:<br \/>\n<\/span><span style=\"font-weight: 400;\"><strong>1)<\/strong> La reducci\u00f3n en el consumo energ\u00e9tico se procurar\u00e1 tambi\u00e9n median- te el dise\u00f1o racional de la iluminaci\u00f3n de los ambientes y el manejo eficaz del uso del agua.<br \/>\n<\/span><span style=\"font-weight: 400;\"><strong>2)<\/strong> Una gran parte de los espacios de uso poseer\u00e1n acceso a iluminaci\u00f3n natural. La iluminaci\u00f3n artificial es led, y posee controles automatizados mediante calendarios, sensores de presencia y sensores de iluminaci\u00f3n exterior, principalmente para circulaciones y esperas.<br \/>\n<\/span><span style=\"font-weight: 400;\"><strong>3)<\/strong> El proyecto incorporar\u00e1 medidas de ahorro en el consumo de agua potable mediante grifer\u00edas con aireadores, inodoros con v\u00e1lvulas de doble descarga y sensores fotoel\u00e9ctricos en los sanitarios para el p\u00fablico. El condensado de aire acondicionado y el agua pluvial ser\u00e1n recuperados para su reutilizaci\u00f3n en inodoros.<\/span><\/p>\n<p><img loading=\"lazy\" class=\"aligncenter size-full wp-image-2386\" src=\"https:\/\/www.solecomunicaciones.com.ar\/publicaciones\/wp-content\/uploads\/2018\/07\/nota-afs-arq-clarin-sole-comunicaciones-pagina16.jpg\" alt=\"Nota AFS Arquitectos, ARQ Clar\u00edn, Sole Comunicaciones, P\u00e1gina 16\" width=\"536\" height=\"750\" srcset=\"https:\/\/www.solecomunicaciones.com.ar\/publicaciones\/wp-content\/uploads\/2018\/07\/nota-afs-arq-clarin-sole-comunicaciones-pagina16.jpg 536w, https:\/\/www.solecomunicaciones.com.ar\/publicaciones\/wp-content\/uploads\/2018\/07\/nota-afs-arq-clarin-sole-comunicaciones-pagina16-214x300.jpg 214w\" sizes=\"(max-width: 536px) 100vw, 536px\" \/><\/p>\n<p><span style=\"font-weight: 400;\">Paralelamente a las cuestiones de eficiencia, la intenci\u00f3n del proyecto es lograr un ambiente interior de gran calidad y reducir al m\u00ednimo posible la afectaci\u00f3n del ambiente exterior.<\/span><\/p>\n<p><span style=\"font-weight: 400;\">Para ello se ha fijado un alto nivel de filtrado para todo el aire de renovaci\u00f3n y valores suficientes de recambio de aire; se evit\u00f3 el uso de materiales con emisiones de contaminantes, se utilizaron pegamentos y pinturas de base acuosa, y se colocaron filtros en las extracciones eventualmente contaminantes de locales de aislamiento m\u00e9dico, laboratorio, etc\u00e9tera.<\/span><\/p>\n<p><span style=\"font-weight: 400;\">Todas las terrazas accesibles visual o f\u00edsicamente ser\u00e1n parquizadas y la vegetaci\u00f3n contribuir\u00e1 a su turno a la limpieza del aire exterior.<\/span><\/p>\n<p><span style=\"font-weight: 400;\">El nuevo Sanatorio Anchorena forma parte de una red de edificios de salud que est\u00e1 configurando UPCN e implicar\u00e1 un cambio importante en la prestaci\u00f3n de salud para todo este sector del Gran Buenos Aires, dado que mejorar\u00e1 significativamente la oferta existente.<\/span><\/p>\n<p><strong>FICHA T\u00c9CNICA: Sanatorio Anchorena San Mart\u00edn UPCN<\/strong><b><br \/>\n<\/b><strong>Proyecto.<\/strong> AFS Arquitectos &#8211; Liliana Font, Manuel Alvarado, Alfredo Sartorio, Javier Sartorio, Marcelo Fattorini<br \/>\n<strong>Asociados. <\/strong>Gast\u00f3n Flores &#8211; Leandro Barreiro<br \/>\n<strong>Direcci\u00f3n de Obra.<\/strong> Javier Sartorio, Marcelo Fattorini, Mar\u00eda Julia Souto, Mario Ferloni, Ariel Doeyo<br \/>\n<strong>Colaboradores.<\/strong> Federico Fioressi, Laura Par\u00eds, Mar\u00eda Jos\u00e9 Cristiano, Federico Tessandori, Federico Vincent, Juan Manuel Pamp\u00edn<br \/>\n<strong>Asesores.<\/strong> Estudio Cotto- Cheves (Estructura), SAE- NEAS (Termomec\u00e1nica), Estudio Giarini (Sanitaria e Incendio), ASELEC (El\u00e9ctrica), Andr\u00e9s de Aguirre (Detalles Fachada)<br \/>\n<strong>A\u00f1o.\u00a0<\/strong>2012-2018<br \/>\n<strong>Superficie. <\/strong>22.000 m2<\/p>\n<\/div><\/div>\n<div class=\"su-spoiler su-spoiler-style-default su-spoiler-icon-plus su-spoiler-closed\" data-scroll-offset=\"0\" data-anchor-in-url=\"no\"><div class=\"su-spoiler-title\" tabindex=\"0\" role=\"button\"><span class=\"su-spoiler-icon\"><\/span><b>Cl\u00ednica de Rehabilitaci\u00f3n Integral ALCLA<\/b><\/div><div class=\"su-spoiler-content su-u-clearfix su-u-trim\">\n<p><span style=\"font-weight: 400;\">Dada la importancia que la rehabilitaci\u00f3n psicof\u00edsica ha cobrado en nuestro medio y la escasez del recurso f\u00edsico disponible, la Instituci\u00f3n ALCLA, pionera en nuestro medio, decidi\u00f3 expandir sus instalaciones sobre un lote vecino.<\/span><\/p>\n<p><span style=\"font-weight: 400;\">En esta nueva etapa de crecimiento, la Cl\u00ednica ALCLA construy\u00f3 un nuevo edificio de 2.500 m2 cubiertos que se destina a la internaci\u00f3n de pacientes pedi\u00e1tricos.<\/span><\/p>\n<p><span style=\"font-weight: 400;\">La Cl\u00ednica cuenta con una amplia experiencia en el tratamiento y la rehabilitaci\u00f3n de ni\u00f1os y adultos con patolog\u00edas subagudas y cr\u00f3nicas que requieren de instalaciones espec\u00edficas para su cuidado y recuperaci\u00f3n.<\/span><\/p>\n<p><span style=\"font-weight: 400;\">Este nuevo cuerpo de internaci\u00f3n ocupa el terreno lindero sobre la calle Campos Salles y se articula y complementa con las edificaciones existentes en la calle Vuelta de Obligado. Para cumplir con este objetivo se traz\u00f3 un plan maestro que posibilit\u00f3 la integraci\u00f3n funcional entre ambos, ampliando y mejorando \u00e1reas de apoyos y servicios que les ser\u00e1n comunes, racionalizando as\u00ed su utilizaci\u00f3n.<\/span><\/p>\n<p><span style=\"font-weight: 400;\">Debido a las caracter\u00edsticas de los pacientes, la mayor\u00eda de ellos con pron\u00f3stico de internaci\u00f3n prolongada, se pone especial \u00e9nfasis en la resoluci\u00f3n de espacios acogedores y confortables, que brinden el apoyo necesario de contenci\u00f3n y estimulaci\u00f3n a lo largo de su estad\u00eda y proceso de rehabilitaci\u00f3n.<\/span><\/p>\n<p><img loading=\"lazy\" class=\"aligncenter size-full wp-image-2385\" src=\"https:\/\/www.solecomunicaciones.com.ar\/publicaciones\/wp-content\/uploads\/2018\/07\/nota-afs-arq-clarin-sole-comunicaciones-pagina17.jpg\" alt=\"Nota AFS Arquitectos, ARQ Clar\u00edn, Sole Comunicaciones, P\u00e1gina 17\" width=\"536\" height=\"750\" srcset=\"https:\/\/www.solecomunicaciones.com.ar\/publicaciones\/wp-content\/uploads\/2018\/07\/nota-afs-arq-clarin-sole-comunicaciones-pagina17.jpg 536w, https:\/\/www.solecomunicaciones.com.ar\/publicaciones\/wp-content\/uploads\/2018\/07\/nota-afs-arq-clarin-sole-comunicaciones-pagina17-214x300.jpg 214w\" sizes=\"(max-width: 536px) 100vw, 536px\" \/><\/p>\n<p><span style=\"font-weight: 400;\">Este concepto de espacio humanizado se extiende a las \u00e1reas destinadas al grupo familiar, atemperando su angustia y favoreciendo su integraci\u00f3n para la m\u00e1xima recuperaci\u00f3n. La presencia de terrazas parquizadas contribuye a estos objetivos.<\/span><\/p>\n<p><span style=\"font-weight: 400;\">En el proyecto se diferencian tres \u00e1reas funcionales: la internaci\u00f3n, la rehabilitaci\u00f3n y los servicios t\u00e9cnicos de apoyo.<\/span><\/p>\n<p><span style=\"font-weight: 400;\">Adecuados a la escala de la obra, se han adoptado criterios de sustentabilidad, que se ven reflejados en el dise\u00f1o bioclim\u00e1tico y solar pasivo de su fachada noroeste con una pantalla de chapa microperforada que regula la incidencia de rayos solares y las visuales. Asimismo, la envolvente del edificio se plantea con materiales aislantes y carpinter\u00edas con doble vidriado herm\u00e9tico y ruptor de puente t\u00e9rmico.<\/span><\/p>\n<p><span style=\"font-weight: 400;\">Se procura la reducci\u00f3n del consumo energ\u00e9tico aprovechando al m\u00e1ximo la iluminaci\u00f3n natural en los ambientes y el uso de luminarias con leds en la totalidad de los locales.<\/span><\/p>\n<p><span style=\"font-weight: 400;\">En cuanto al uso racional del agua, se han incorporado una serie de recursos como grifer\u00edas con aireadores, v\u00e1lvulas de doble descarga en inodoros y grifer\u00edas autom\u00e1ticas en los sanitarios para el p\u00fablico. <\/span><\/p>\n<p><strong>FICHA T\u00c9CNICA<\/strong><b><br \/>\n<\/b><strong>Proyecto.<\/strong><span style=\"font-weight: 400;\"> AFS Arquitectos (Liliana Font, Manuel Alvarado, Alfredo Sartorio, Marcelo Fattorini, Javier Sartorio)<br \/>\n<\/span><strong>Direcci\u00f3n de obra.<\/strong><span style=\"font-weight: 400;\"> Marcelo Fattorini, Eduardo Bini, Sabrina Vallega<br \/>\n<\/span><strong>Colaboradores.<\/strong><span style=\"font-weight: 400;\"> Eduardo Bisbini<br \/>\n<\/span><strong>Asesores.<\/strong> <span style=\"font-weight: 400;\">Estudio Curutchet-Del Villar (Estructura), SAENEAS (Termomec\u00e1nica), Aselec (El\u00e9ctrica), Estudio LyP (Sanitaria e Incendio)<br \/>\n<\/span><strong>Superficie.<\/strong> <span style=\"font-weight: 400;\">2.538,20 m2<br \/>\n<\/span><strong>A\u00f1o proyecto.<\/strong><span style=\"font-weight: 400;\"> 2013<br \/>\n<\/span><strong>A\u00f1o construcci\u00f3n.<\/strong> <span style=\"font-weight: 400;\">2013\/2018<br \/>\n<\/span><strong>Propietario.<\/strong><span style=\"font-weight: 400;\"> ALCLA S.A.C.I.F.I. y A.<br \/>\n<\/span><strong>Ubicaci\u00f3n.<\/strong><span style=\"font-weight: 400;\"> Campos Salles y Vuelta de Obligado, CABA<br \/>\n<\/span><strong>Memoria.<\/strong> <span style=\"font-weight: 400;\">Estudio AFS<\/span><\/p>\n<\/div><\/div>\n<div class=\"su-spoiler su-spoiler-style-default su-spoiler-icon-plus su-spoiler-closed\" data-scroll-offset=\"0\" data-anchor-in-url=\"no\"><div class=\"su-spoiler-title\" tabindex=\"0\" role=\"button\"><span class=\"su-spoiler-icon\"><\/span><b>Se agranda el Finochietto a cinco a\u00f1os de su apertura<\/b><\/div><div class=\"su-spoiler-content su-u-clearfix su-u-trim\">\n<p><span style=\"font-weight: 400;\">La din\u00e1mica de nuestros tiempos parece acelerar a\u00fan m\u00e1s los cambios y el crecimiento de los edificios de salud. En el caso del Sanatorio Finochietto, a escasos cinco a\u00f1os de su inauguraci\u00f3n se producen nuevas demandas y una necesidad de expansi\u00f3n. El di\u00e1logo permanente con su cuerpo directivo, m\u00e9dicos, enfermeras y t\u00e9cnicos permite evaluar el comportamiento del edificio hasta aqu\u00ed, sus necesidades de completamiento, cambios y actualizaci\u00f3n tecnol\u00f3gica y de procesos.<\/span><\/p>\n<p><span style=\"font-weight: 400;\">Cabe destacar que esta ampliaci\u00f3n conseguir\u00e1 optimizar la excelente relaci\u00f3n m2\/cama que ya ten\u00eda el edificio original, pero que ahora se ver\u00e1 incrementada por su mayor capacidad operativa.<\/span><\/p>\n<p><span style=\"font-weight: 400;\">El nuevo cuerpo se ubicar\u00e1 en la esquina de Avenida C\u00f3rdoba y Ecuador, lindante por ambos lados con el sanatorio existente. Se plantea como una continuidad funcional de las plantas existentes de internaci\u00f3n (6o a 10o), neonatolog\u00eda y la nueva pediatr\u00eda (5o), cuidados intensivos (4o), soporte t\u00e9cnico (3o), cirug\u00eda (2o) y \u00e1reas sociales (planta baja y 1o piso). Los servicios de guardia y diagn\u00f3stico (1o SS) y el refuerzo de todas las \u00e1reas de infraestructura se ubicar\u00e1n en 2o y 3o subsuelo.<\/span><\/p>\n<p><span style=\"font-weight: 400;\">Esta continuidad de planta se expresa en la im\u00e1gen, respetando la altura del basamento que incluye la mayor complejidad m\u00e9dica y de las tiras de internaci\u00f3n de los pisos superiores. A fin de aligerar la imagen exterior hacia la calle Boulonge Sur<\/span><\/p>\n<p><span style=\"font-weight: 400;\">Mer, los pisos 6o al 10o se han recedido dos metros, enrasando dicho frente con el edificio existente. A su vez, el tratamiento de fachada se extiende sobre la pared de fondo para evitar las medianeras.<\/span><\/p>\n<p><span style=\"font-weight: 400;\">El quiebre entre los vol\u00famenes del basamento enfatiza la situaci\u00f3n de esquina, respetando las l\u00edneas municipales de esquina y la parte superior del edificio que se retrotrae abriendo las visuales urbanas.<\/span><\/p>\n<p><span style=\"font-weight: 400;\">Al llegar a los niveles inferiores de planta baja y primer piso, el edificio se vuelve casi completamente permeable a las visuales, continuando con la atm\u00f3sfera interior de transparencia, diafanidad y la presencia de jardines.<\/span><\/p>\n\n\t\t<style type=\"text\/css\">\n\t\t\t#gallery-1 {\n\t\t\t\tmargin: auto;\n\t\t\t}\n\t\t\t#gallery-1 .gallery-item {\n\t\t\t\tfloat: left;\n\t\t\t\tmargin-top: 10px;\n\t\t\t\ttext-align: center;\n\t\t\t\twidth: 50%;\n\t\t\t}\n\t\t\t#gallery-1 img {\n\t\t\t\tborder: 2px solid #cfcfcf;\n\t\t\t}\n\t\t\t#gallery-1 .gallery-caption {\n\t\t\t\tmargin-left: 0;\n\t\t\t}\n\t\t\t\/* see gallery_shortcode() in wp-includes\/media.php *\/\n\t\t<\/style>\n\t\t<div id='gallery-1' class='gallery galleryid-2377 gallery-columns-2 gallery-size-full'><dl class='gallery-item'>\n\t\t\t<dt class='gallery-icon portrait'>\n\t\t\t\t<img width=\"536\" height=\"750\" src=\"https:\/\/www.solecomunicaciones.com.ar\/publicaciones\/wp-content\/uploads\/2018\/07\/nota-afs-arq-clarin-sole-comunicaciones-pagina18.jpg\" class=\"attachment-full size-full\" alt=\"Nota AFS Arquitectos, ARQ Clar\u00edn, Sole Comunicaciones, P\u00e1gina 18\" loading=\"lazy\" srcset=\"https:\/\/www.solecomunicaciones.com.ar\/publicaciones\/wp-content\/uploads\/2018\/07\/nota-afs-arq-clarin-sole-comunicaciones-pagina18.jpg 536w, https:\/\/www.solecomunicaciones.com.ar\/publicaciones\/wp-content\/uploads\/2018\/07\/nota-afs-arq-clarin-sole-comunicaciones-pagina18-214x300.jpg 214w\" sizes=\"(max-width: 536px) 100vw, 536px\" \/>\n\t\t\t<\/dt><\/dl><dl class='gallery-item'>\n\t\t\t<dt class='gallery-icon portrait'>\n\t\t\t\t<img width=\"536\" height=\"750\" src=\"https:\/\/www.solecomunicaciones.com.ar\/publicaciones\/wp-content\/uploads\/2018\/07\/nota-afs-arq-clarin-sole-comunicaciones-pagina19.jpg\" class=\"attachment-full size-full\" alt=\"Nota AFS Arquitectos, ARQ Clar\u00edn, Sole Comunicaciones, P\u00e1gina 19\" loading=\"lazy\" srcset=\"https:\/\/www.solecomunicaciones.com.ar\/publicaciones\/wp-content\/uploads\/2018\/07\/nota-afs-arq-clarin-sole-comunicaciones-pagina19.jpg 536w, https:\/\/www.solecomunicaciones.com.ar\/publicaciones\/wp-content\/uploads\/2018\/07\/nota-afs-arq-clarin-sole-comunicaciones-pagina19-214x300.jpg 214w\" sizes=\"(max-width: 536px) 100vw, 536px\" \/>\n\t\t\t<\/dt><\/dl><br style=\"clear: both\" \/>\n\t\t<\/div>\n\n<p><span style=\"font-weight: 400;\">Este edificio de salud ha sido pionero en el tema de la sustentabilidad; concebido y construido de acuerdo a estos par\u00e1metros, objetivo que se enfatizar\u00e1 en la nueva ampliaci\u00f3n.<\/span><\/p>\n<p><span style=\"font-weight: 400;\">El sanatorio fue reconocido como Hospital Verde por la Red de Global Green and Healthy Hospitals y obtuvo un premio nacional de arquitectura y dise\u00f1o urbano sustentable en 2015, otorgado por la Sociedad Central de Arquitectos. En el momento actual se est\u00e1 trabajando con la certificaci\u00f3n EDGE, tanto para el edificio existente como para el nuevo.<\/span><\/p>\n<p><span style=\"font-weight: 400;\">En ese sentido, se ha cuidado especialmente el dise\u00f1o y la materializaci\u00f3n de las fachadas. Se han utilizado para las envolventes exteriores elementos de protecci\u00f3n pasiva como parasoles, fachadas ventiladas, terrazas verdes y tipolog\u00edas de cerramientos especiales, acorde a las distintas orientaciones. En cuanto al uso de nuevas tecnolog\u00edas, se ha incorporado la geotermia, el aprovechamiento de aguas grises, intercambiadores de calor, equipamiento de bajo consumo el\u00e9ctrico e iluminaci\u00f3n led, entre otras acciones que ser\u00e1n actualizadas en el futuro edificio.<\/span><\/p>\n<p><strong>FICHA T\u00c9CNICA<\/strong><b><br \/>\n<\/b><strong>Proyecto.<\/strong> AFS Arquitectos (Liliana Font, Alfredo Sartorio, Javier Sartorio, Marcelo Fattorini, Federico Fioressi)<br \/>\n<strong>Colaboradores.<\/strong> <span style=\"font-weight: 400;\">Agust\u00edn Mart\u00ednez, Mar\u00eda Julia Souto, Melina Joniak, Christian Cammilleri<br \/>\n<\/span><strong>Asesores.<\/strong> <span style=\"font-weight: 400;\">Estudio Curutchet\u2013del Villar (Estructura), ASELEC (El\u00e9ctrica), Estudio Giarini (Sanitaria e Incendio), Estudio Echevarr\u00eda Romano (Inst. Termomec\u00e1nica)<br \/>\n<\/span><strong>Superficie.<\/strong> <span style=\"font-weight: 400;\">11.600 m2<br \/>\n<\/span><strong>A\u00f1o de proyecto.<\/strong> <span style=\"font-weight: 400;\">2018<br \/>\n<\/span><strong>Propietario.<\/strong><span style=\"font-weight: 400;\"> ASE (Obra Social de Empresarios)<br \/>\n<\/span><strong>Ubicaci\u00f3n.<\/strong> <span style=\"font-weight: 400;\">Av. C\u00f3rdoba y Boulogne Sur Mer, CABA Memoria. Estudio AFS.<\/span><\/p>\n<\/div><\/div>\n<div class=\"su-spoiler su-spoiler-style-default su-spoiler-icon-plus su-spoiler-closed\" data-scroll-offset=\"0\" data-anchor-in-url=\"no\"><div class=\"su-spoiler-title\" tabindex=\"0\" role=\"button\"><span class=\"su-spoiler-icon\"><\/span><b>El Hospital Alem\u00e1n cumpli\u00f3 150 a\u00f1os y sigue creciendo<\/b><\/div><div class=\"su-spoiler-content su-u-clearfix su-u-trim\">\n<p><span style=\"font-weight: 400;\">Fundado en 1867, el Hospital Alem\u00e1n cumpli\u00f3 150 a\u00f1os y en este lapso ha ido ampliando su patrimonio edilicio sobre la manzana comprendida entre Avenida Pueyrred\u00f3n y las calles Juncal, Ecuador y Beruti. Los distintos per\u00edodos que ha vivido se reflejan en la variedad de estilos arquitect\u00f3nicos que lo componen.<\/span><\/p>\n<p><span style=\"font-weight: 400;\">El respeto por sus tradiciones se ha ido forjando a lo largo de su historia a trav\u00e9s de los logros alcanzados en materia de investigaci\u00f3n m\u00e9dica, tecnol\u00f3gica, institucional, edilicia y una comunidad propia creciente que le ha dado gran apoyo a lo largo de los a\u00f1os.<\/span><\/p>\n<p><span style=\"font-weight: 400;\">En el a\u00f1o 2002 ASF Arquitectos comienza el trazado de un plan maestro de 30.000 m2 de ampliaci\u00f3n y la refuncionalizaci\u00f3n de los 20.000 m2 existentes.<\/span><\/p>\n<p><span style=\"font-weight: 400;\">Actualizados los sectores de guardia, la policl\u00ednica, internaci\u00f3n, pediatr\u00eda y otros, se comenz\u00f3 la ampliaci\u00f3n sobre la calle Juncal con 5.000 m2 para incorporar un Instituto de Oncolog\u00eda con el servicio de radioterapia, hospital de d\u00eda, farmacia y terapia intensiva.<\/span><\/p>\n<p><span style=\"font-weight: 400;\">Actualmente comienza una nueva etapa de 10.000 m2, que albergar\u00e1 la nueva planta quir\u00fargica, internaci\u00f3n, hospital de d\u00eda y unidad coronaria, con sus \u00e1reas de apoyo correspondientes.<\/span><\/p>\n<p><span style=\"font-weight: 400;\">El partido adoptado responde al plan maestro original, que privilegia el nivel del ingreso en el frente de Avenida Pueyrred\u00f3n para el desarrollo de la actividad p\u00fablica, el 1\u00b0 nivel de subsuelo para el sector m\u00e9dico de mayor complejidad; y los pisos superiores para la internaci\u00f3n.<\/span><\/p>\n<p><span style=\"font-weight: 400;\">El edificio Juncal, de ocho pisos y dos subsuelos, respeta en su implantaci\u00f3n el perfil del edificio m\u00e1s antiguo del hospital y contin\u00faa las l\u00edneas y niveles del Instituto de Oncolog\u00eda, al tiempo que completa el conjunto urbano sobre calle Juncal. A su vez, consolida el jard\u00edn central, que pasa a ser escenario de las distintas situaciones de estancia y circulaci\u00f3n del p\u00fablico y que, a trav\u00e9s de un hall con exhibici\u00f3n de artes pl\u00e1sticas y de un conector vidriado con incorporaci\u00f3n de efectos de agua, abre sus visuales al exterior. Un roble a\u00f1oso, preservado como valiosa pieza de este jard\u00edn, articula el intercambio visual entre interior y exterior.<\/span><\/p>\n<p><span style=\"font-weight: 400;\">En esta nueva etapa se ha privilegiado el concepto de sustentabilidad tomando distintas estrategias. El cuerpo tiene una orientaci\u00f3n Norte Sur minimizando de esta manera el sol de verano, que naturalmente incide con mayor fuerza sobre las fachadas verticales del Este y Oeste.<\/span><\/p>\n<p><span style=\"font-weight: 400;\">La fachada norte, hacia la calle Juncal, se resuelve con un 40% de superficie vidriada DVH con pel\u00edcula de baja emisividad. La fachada sur, que posee poco tiempo de asoleamiento efectivo en verano, se proyecta con mayores superficies vidriadas para aprovechar las visuales hacia el jard\u00edn y las terrazas del basamento ser\u00e1n cubiertas verdes.<\/span><\/p>\n<p><img loading=\"lazy\" class=\"aligncenter size-full wp-image-2382\" src=\"https:\/\/www.solecomunicaciones.com.ar\/publicaciones\/wp-content\/uploads\/2018\/07\/nota-afs-arq-clarin-sole-comunicaciones-pagina20.jpg\" alt=\"Nota AFS Arquitectos, ARQ Clar\u00edn, Sole Comunicaciones, P\u00e1gina 20\" width=\"536\" height=\"750\" srcset=\"https:\/\/www.solecomunicaciones.com.ar\/publicaciones\/wp-content\/uploads\/2018\/07\/nota-afs-arq-clarin-sole-comunicaciones-pagina20.jpg 536w, https:\/\/www.solecomunicaciones.com.ar\/publicaciones\/wp-content\/uploads\/2018\/07\/nota-afs-arq-clarin-sole-comunicaciones-pagina20-214x300.jpg 214w\" sizes=\"(max-width: 536px) 100vw, 536px\" \/><\/p>\n<p><span style=\"font-weight: 400;\">El acondicionamiento estar\u00e1 resuelto a trav\u00e9s de manejadoras hospitalarias que se abastecer\u00e1n con agua enfriada y\/o caliente, proveniente de una planta compuesta por dos chillers duales condensados por aire, cuya eficiencia aumenta durante las \u00e9pocas de media estaci\u00f3n. Estos equipos precalentar\u00e1n el agua a trav\u00e9s de intercambiadores de calor conectados a termotanques de alta recuperaci\u00f3n.<\/span><\/p>\n<p><span style=\"font-weight: 400;\">El consumo de agua potable ser\u00e1 controlado y se recoger\u00e1 el agua pluvial de las terrazas superiores y de condensado del sistema termomec\u00e1nico, disponiendo un circuito de agua gris (sanitarios y riego).<\/span><\/p>\n<p><span style=\"font-weight: 400;\">La iluminaci\u00f3n se implementar\u00e1 con sistema led y controles con sensores de presencia y temporizadores en \u00e1reas de circulaciones, esperas y apoyos. Los grupos electr\u00f3genos permitir\u00e1n realizar \u201cpeak shaving\u201d para reducir los picos de consumo el\u00e9ctrico. Estas medidas sustentables peRmitieron que el Edificio Juncal se convierta en el primero de salud en alcanzar la certificaci\u00f3n de construcci\u00f3n sustentable del IFC EDGE (International Finnancial Corporation World Bank Group-Excellence in Design for Greater Efficiencies) en la Ciudad de Buenos Aires. <\/span><\/p>\n<p><strong>FICHA T\u00c9CNICA: Hospital Alem\u00e1n Edificio Juncal<\/strong><b><br \/>\n<\/b><strong>Proyecto.<\/strong><span style=\"font-weight: 400;\"> AFS Arquitectos (Liliana Font, Manuel Alvarado, Alfredo Sartorio, Javier Sartorio, Marcelo Fattorini, Federico Fioressi)<br \/>\n<\/span><strong>Direcci\u00f3n de Obra.<\/strong><span style=\"font-weight: 400;\"> AFS Arquitectos Liliana Font, Javier Sartorio, Alfredo Sartorio, Marcelo Fattorini, Federico Fioressi, Mar\u00eda Julia Souto, Mario Ferloni.<br \/>\n<\/span><strong>Colab.<\/strong> <span style=\"font-weight: 400;\">Nicol\u00e1s Pecorino, Rebeca Fiuri, Adri\u00e1n Castro, Leandro Reati<br \/>\n<\/span>Asesores.<span style=\"font-weight: 400;\"> Estudio Cotto-Chevez (Estructura), ASELEC (El\u00e9ctrica), Estudio Giarini (Sanitaria e Incendio), Echevarr\u00eda Romano (Termomec\u00e1nica), Gast\u00f3n Flores (Detalle Fachada)<br \/>\n<\/span><strong>Superficie.<\/strong><span style=\"font-weight: 400;\"> 10.000m2<br \/>\n<\/span><strong>A\u00f1o Proyecto.<\/strong> <span style=\"font-weight: 400;\">2015\/2017<br \/>\n<\/span><strong>Inicio Obra.<\/strong><span style=\"font-weight: 400;\"> 2018<br \/>\n<\/span><strong>Ubicaci\u00f3n.<\/strong> <span style=\"font-weight: 400;\">Av. Pueyrred\u00f3n y Juncal, CABA<br \/>\n<\/span><strong>Memoria.<\/strong> <span style=\"font-weight: 400;\">Estudio AFS.<\/span><\/p>\n<\/div><\/div>\n<div class=\"su-spoiler su-spoiler-style-default su-spoiler-icon-plus su-spoiler-closed\" data-scroll-offset=\"0\" data-anchor-in-url=\"no\"><div class=\"su-spoiler-title\" tabindex=\"0\" role=\"button\"><span class=\"su-spoiler-icon\"><\/span><b>Extensi\u00f3n del Hospital Italiano de La Plata <\/b>\/ <b>Revitalizaci\u00f3n del Hospital San Juan de Dios<\/b><\/div><div class=\"su-spoiler-content su-u-clearfix su-u-trim\">\n<p><strong>Extensi\u00f3n del Hospital Italiano de La Plata<\/strong><\/p>\n<p><span style=\"font-weight: 400;\">Este es el caso de un hospital tradicional de la ciudad de La Plata que afortunadamente respet\u00f3 su esquema pabellonal tradicional por d\u00e9cadas y que ahora asimila el agregado de las nuevas demandas. Se propone una categorizaci\u00f3n de las circulaciones t\u00e9cnicas y p\u00fablicas, y una zonificaci\u00f3n acorde a los niveles de complejidad que van desde un importante servicio de trasplante de m\u00e9dula \u00f3sea hasta las populosas zonas de consulta externa. Con los trabajos avanzados en las \u00e1reas de terapia intensiva, se propone un crecimiento sobre los pabellones originales para consolidar las \u00e1reas cr\u00edticas.<\/span><\/p>\n<p><span style=\"font-weight: 400;\">Este trabajo, compartido entre AFS y el estudio de arquitectura de Nicol\u00e1s Saravi y Paula D\u2019Argenio, es un claro ejemplo de las ventajas de contar un plan maestro inicial. Esta herramienta adoptada por el estudio AFS apunta a orientar el crecimiento de los conjuntos de salud a partir de la elaboraci\u00f3n de lo que llamamos planes maestros.<\/span><\/p>\n<p><span style=\"font-weight: 400;\">En una realidad de recursos restringidos y demanda cambiante, el contar con un plan orientador ha sido y sigue siendo una metodolog\u00eda eficaz. AFS ha trabajado en hospitales de comunidad como el Hospital Italiano de Buenos Aires, el Hospital Alem\u00e1n, adem\u00e1s del Hospital Italiano de La Plata, y en instituciones con fuerte especializaci\u00f3n como el Instituto de Cardiolog\u00eda del Hospital Espa\u00f1ol (ICHE), el Instituto de Medicina Cardiovascular (IMECC), el Instituto Modelo de Cardiolog\u00eda de C\u00f3rdoba (IMC), el Instituto Cardiovascular de Buenos Aires (ICBA) y la Fundaci\u00f3n Favaloro. En todos los casos, se ha comprobado la ventaja de tener un plan rector que se va acomodando a la realidad econ\u00f3mica, social y tecnol\u00f3gica del momento. <\/span><\/p>\n<p><strong>FICHA T\u00c9CNICA<\/strong><b><br \/>\n<\/b><strong>Proyecto.<\/strong> <span style=\"font-weight: 400;\">AFS Arquitectos Liliana Font, Alfredo Sartorio, Javier Sartorio, Marcelo Fattorini<br \/>\n<\/span><strong>Asociados.<\/strong> <span style=\"font-weight: 400;\">D\u2019Argenio Saravi Arquitectos<br \/>\n<\/span><strong>Colaboradores<\/strong>. <span style=\"font-weight: 400;\">Rebeca Fiuri Asesores. Ing. Adri\u00e1n Comelli (Estructura), Ing. Juan Turd\u00f3 y Rosana Del Panno (Inst. Met\u00e1lica), Gabriel Kruzyn (Inst. El\u00e9ctrico), Julio Blasco Diez (Inst. Termomec\u00e1nicas), Gustavo Ascencio (Inst. Gases Medicinales)<br \/>\n<\/span><strong>Superficies.<\/strong><span style=\"font-weight: 400;\"> Plan Maestro, 14.819 m2; Terapia, 630 m2; Pabell\u00f3n Campod\u00f3nico, 2.050 m2<br \/>\n<\/span><strong>A\u00f1o proyecto.<\/strong><span style=\"font-weight: 400;\"> 2016<br \/>\n<\/span><strong>Inicio de Obra.<\/strong> <span style=\"font-weight: 400;\">2017<br \/>\n<\/span><strong>Memoria.<\/strong> <span style=\"font-weight: 400;\">Estudio AFS<\/span><\/p>\n<p><img loading=\"lazy\" class=\"aligncenter size-full wp-image-2381\" src=\"https:\/\/www.solecomunicaciones.com.ar\/publicaciones\/wp-content\/uploads\/2018\/07\/nota-afs-arq-clarin-sole-comunicaciones-pagina21.jpg\" alt=\"Nota AFS Arquitectos, ARQ Clar\u00edn, Sole Comunicaciones, P\u00e1gina 21\" width=\"536\" height=\"750\" srcset=\"https:\/\/www.solecomunicaciones.com.ar\/publicaciones\/wp-content\/uploads\/2018\/07\/nota-afs-arq-clarin-sole-comunicaciones-pagina21.jpg 536w, https:\/\/www.solecomunicaciones.com.ar\/publicaciones\/wp-content\/uploads\/2018\/07\/nota-afs-arq-clarin-sole-comunicaciones-pagina21-214x300.jpg 214w\" sizes=\"(max-width: 536px) 100vw, 536px\" \/><\/p>\n<p><strong>Revitalizaci\u00f3n del Hospital San Juan de Dios<\/strong><\/p>\n<p><span style=\"font-weight: 400;\">Otro caso de revitalizaci\u00f3n de una instituci\u00f3n tradicional en su medio, la localidad de Ramos Mej\u00eda, es el Hospital San Juan de Dios.<\/span><\/p>\n<p><span style=\"font-weight: 400;\">En el a\u00f1o 2015 inicia su actualizaci\u00f3n del recurso f\u00edsico instalado y una ampliaci\u00f3n de las \u00e1reas ambulatorias, con un proyecto acorde con las nuevas demandas.<\/span><\/p>\n<p><span style=\"font-weight: 400;\">Dentro del plan de transformaciones se ubica en primer lugar un nuevo servicio de guardia conectado a las \u00e1reas esenciales del hospital.<\/span><\/p>\n<p><span style=\"font-weight: 400;\">A su vez, la ampliaci\u00f3n prevista para consultorios externos y nuevas \u00e1reas de atenci\u00f3n al paciente revalorizar\u00e1n el importante parque que posee el conjunto.<\/span><\/p>\n<p><strong>FICHA T\u00c9CNICA<\/strong><b><br \/>\n<\/b><strong>Proyecto.<\/strong> <span style=\"font-weight: 400;\">AFS Arquitectos (Liliana Font, Alfredo Sartorio, Javier Sartorio, Marcelo Fattorini)<br \/>\n<\/span><strong>Direcci\u00f3n de obra.<\/strong><span style=\"font-weight: 400;\"> Eduardo Bini, Ariel Doeyo, Anabel Figueredo, Mario Ferloni<br \/>\n<\/span><strong>Colab.<\/strong><span style=\"font-weight: 400;\"> Rebeca Fiuri, Melina Joniak Asesores. Ing. Alderete (Estructura), Estudio Grinner (El\u00e9ctrica), Estudio Giarini (Sanitaria), SAENEAS (Termomec\u00e1nica)<br \/>\n<\/span><strong>A\u00f1o.<\/strong> <span style=\"font-weight: 400;\">2016-2017<br \/>\n<\/span><strong>Ubicaci\u00f3n.<\/strong><span style=\"font-weight: 400;\"> Dr. Gabriel Ardoino 714, Ramos Mej\u00eda<br \/>\n<\/span><strong>Memoria.<\/strong> <span style=\"font-weight: 400;\">Estudio AFS<\/span><\/p>\n<\/div><\/div>\n<\/div>\n<p><strong>Diario:<\/strong>\u00a0ARQ Clar\u00edn<br \/>\n<strong>Fecha de publicaci\u00f3n:\u00a0<\/strong>03 de Julio de 2018.<\/p>\n<p>Para ver la nota en tama\u00f1o superior o descargarla en PDF haga\u00a0<a href=\"https:\/\/solecomunicaciones.com.ar\/assets\/files\/afs-arq-clarin-sole-comunicaciones-julio-2018-op.pdf\" target=\"_blank\" rel=\"noopener noreferrer\">click aqu\u00ed<\/a>.<\/p>\n<p><strong>TODAS LAS P\u00c1GINAS<\/strong><\/p>\n\n\t\t<style type=\"text\/css\">\n\t\t\t#gallery-2 {\n\t\t\t\tmargin: auto;\n\t\t\t}\n\t\t\t#gallery-2 .gallery-item {\n\t\t\t\tfloat: left;\n\t\t\t\tmargin-top: 10px;\n\t\t\t\ttext-align: center;\n\t\t\t\twidth: 33%;\n\t\t\t}\n\t\t\t#gallery-2 img {\n\t\t\t\tborder: 2px solid #cfcfcf;\n\t\t\t}\n\t\t\t#gallery-2 .gallery-caption {\n\t\t\t\tmargin-left: 0;\n\t\t\t}\n\t\t\t\/* see gallery_shortcode() in wp-includes\/media.php *\/\n\t\t<\/style>\n\t\t<div id='gallery-2' class='gallery galleryid-2377 gallery-columns-3 gallery-size-full'><dl class='gallery-item'>\n\t\t\t<dt class='gallery-icon portrait'>\n\t\t\t\t<img width=\"536\" height=\"750\" src=\"https:\/\/www.solecomunicaciones.com.ar\/publicaciones\/wp-content\/uploads\/2018\/07\/nota-afs-arq-clarin-sole-comunicaciones-tapa.jpg\" class=\"attachment-full size-full\" alt=\"Nota AFS Arquitectos, ARQ Clar\u00edn, Sole Comunicaciones, Tapa1\" loading=\"lazy\" srcset=\"https:\/\/www.solecomunicaciones.com.ar\/publicaciones\/wp-content\/uploads\/2018\/07\/nota-afs-arq-clarin-sole-comunicaciones-tapa.jpg 536w, https:\/\/www.solecomunicaciones.com.ar\/publicaciones\/wp-content\/uploads\/2018\/07\/nota-afs-arq-clarin-sole-comunicaciones-tapa-214x300.jpg 214w\" sizes=\"(max-width: 536px) 100vw, 536px\" \/>\n\t\t\t<\/dt><\/dl><dl class='gallery-item'>\n\t\t\t<dt class='gallery-icon portrait'>\n\t\t\t\t<img width=\"536\" height=\"750\" src=\"https:\/\/www.solecomunicaciones.com.ar\/publicaciones\/wp-content\/uploads\/2018\/07\/nota-afs-arq-clarin-sole-comunicaciones-pagina12.jpg\" class=\"attachment-full size-full\" alt=\"Nota AFS Arquitectos, ARQ Clar\u00edn, Sole Comunicaciones, P\u00e1gina 12\" loading=\"lazy\" srcset=\"https:\/\/www.solecomunicaciones.com.ar\/publicaciones\/wp-content\/uploads\/2018\/07\/nota-afs-arq-clarin-sole-comunicaciones-pagina12.jpg 536w, https:\/\/www.solecomunicaciones.com.ar\/publicaciones\/wp-content\/uploads\/2018\/07\/nota-afs-arq-clarin-sole-comunicaciones-pagina12-214x300.jpg 214w\" sizes=\"(max-width: 536px) 100vw, 536px\" \/>\n\t\t\t<\/dt><\/dl><dl class='gallery-item'>\n\t\t\t<dt class='gallery-icon portrait'>\n\t\t\t\t<img width=\"536\" height=\"750\" src=\"https:\/\/www.solecomunicaciones.com.ar\/publicaciones\/wp-content\/uploads\/2018\/07\/nota-afs-arq-clarin-sole-comunicaciones-pagina13.jpg\" class=\"attachment-full size-full\" alt=\"Nota AFS Arquitectos, ARQ Clar\u00edn, Sole Comunicaciones, P\u00e1gina 13\" loading=\"lazy\" srcset=\"https:\/\/www.solecomunicaciones.com.ar\/publicaciones\/wp-content\/uploads\/2018\/07\/nota-afs-arq-clarin-sole-comunicaciones-pagina13.jpg 536w, https:\/\/www.solecomunicaciones.com.ar\/publicaciones\/wp-content\/uploads\/2018\/07\/nota-afs-arq-clarin-sole-comunicaciones-pagina13-214x300.jpg 214w\" sizes=\"(max-width: 536px) 100vw, 536px\" \/>\n\t\t\t<\/dt><\/dl><br style=\"clear: both\" \/><dl class='gallery-item'>\n\t\t\t<dt class='gallery-icon portrait'>\n\t\t\t\t<img width=\"536\" height=\"750\" src=\"https:\/\/www.solecomunicaciones.com.ar\/publicaciones\/wp-content\/uploads\/2018\/07\/nota-afs-arq-clarin-sole-comunicaciones-pagina14.jpg\" class=\"attachment-full size-full\" alt=\"Nota AFS Arquitectos, ARQ Clar\u00edn, Sole Comunicaciones, P\u00e1gina 14\" loading=\"lazy\" srcset=\"https:\/\/www.solecomunicaciones.com.ar\/publicaciones\/wp-content\/uploads\/2018\/07\/nota-afs-arq-clarin-sole-comunicaciones-pagina14.jpg 536w, https:\/\/www.solecomunicaciones.com.ar\/publicaciones\/wp-content\/uploads\/2018\/07\/nota-afs-arq-clarin-sole-comunicaciones-pagina14-214x300.jpg 214w\" sizes=\"(max-width: 536px) 100vw, 536px\" \/>\n\t\t\t<\/dt><\/dl><dl class='gallery-item'>\n\t\t\t<dt class='gallery-icon portrait'>\n\t\t\t\t<img width=\"536\" height=\"750\" src=\"https:\/\/www.solecomunicaciones.com.ar\/publicaciones\/wp-content\/uploads\/2018\/07\/nota-afs-arq-clarin-sole-comunicaciones-pagina15.jpg\" class=\"attachment-full size-full\" alt=\"Nota AFS Arquitectos, ARQ Clar\u00edn, Sole Comunicaciones, P\u00e1gina 15\" loading=\"lazy\" srcset=\"https:\/\/www.solecomunicaciones.com.ar\/publicaciones\/wp-content\/uploads\/2018\/07\/nota-afs-arq-clarin-sole-comunicaciones-pagina15.jpg 536w, https:\/\/www.solecomunicaciones.com.ar\/publicaciones\/wp-content\/uploads\/2018\/07\/nota-afs-arq-clarin-sole-comunicaciones-pagina15-214x300.jpg 214w\" sizes=\"(max-width: 536px) 100vw, 536px\" \/>\n\t\t\t<\/dt><\/dl><dl class='gallery-item'>\n\t\t\t<dt class='gallery-icon portrait'>\n\t\t\t\t<img width=\"536\" height=\"750\" src=\"https:\/\/www.solecomunicaciones.com.ar\/publicaciones\/wp-content\/uploads\/2018\/07\/nota-afs-arq-clarin-sole-comunicaciones-pagina16.jpg\" class=\"attachment-full size-full\" alt=\"Nota AFS Arquitectos, ARQ Clar\u00edn, Sole Comunicaciones, P\u00e1gina 16\" loading=\"lazy\" srcset=\"https:\/\/www.solecomunicaciones.com.ar\/publicaciones\/wp-content\/uploads\/2018\/07\/nota-afs-arq-clarin-sole-comunicaciones-pagina16.jpg 536w, https:\/\/www.solecomunicaciones.com.ar\/publicaciones\/wp-content\/uploads\/2018\/07\/nota-afs-arq-clarin-sole-comunicaciones-pagina16-214x300.jpg 214w\" sizes=\"(max-width: 536px) 100vw, 536px\" \/>\n\t\t\t<\/dt><\/dl><br style=\"clear: both\" \/><dl class='gallery-item'>\n\t\t\t<dt class='gallery-icon portrait'>\n\t\t\t\t<img width=\"536\" height=\"750\" src=\"https:\/\/www.solecomunicaciones.com.ar\/publicaciones\/wp-content\/uploads\/2018\/07\/nota-afs-arq-clarin-sole-comunicaciones-pagina17.jpg\" class=\"attachment-full size-full\" alt=\"Nota AFS Arquitectos, ARQ Clar\u00edn, Sole Comunicaciones, P\u00e1gina 17\" loading=\"lazy\" srcset=\"https:\/\/www.solecomunicaciones.com.ar\/publicaciones\/wp-content\/uploads\/2018\/07\/nota-afs-arq-clarin-sole-comunicaciones-pagina17.jpg 536w, https:\/\/www.solecomunicaciones.com.ar\/publicaciones\/wp-content\/uploads\/2018\/07\/nota-afs-arq-clarin-sole-comunicaciones-pagina17-214x300.jpg 214w\" sizes=\"(max-width: 536px) 100vw, 536px\" \/>\n\t\t\t<\/dt><\/dl><dl class='gallery-item'>\n\t\t\t<dt class='gallery-icon portrait'>\n\t\t\t\t<img width=\"536\" height=\"750\" src=\"https:\/\/www.solecomunicaciones.com.ar\/publicaciones\/wp-content\/uploads\/2018\/07\/nota-afs-arq-clarin-sole-comunicaciones-pagina18.jpg\" class=\"attachment-full size-full\" alt=\"Nota AFS Arquitectos, ARQ Clar\u00edn, Sole Comunicaciones, P\u00e1gina 18\" loading=\"lazy\" srcset=\"https:\/\/www.solecomunicaciones.com.ar\/publicaciones\/wp-content\/uploads\/2018\/07\/nota-afs-arq-clarin-sole-comunicaciones-pagina18.jpg 536w, https:\/\/www.solecomunicaciones.com.ar\/publicaciones\/wp-content\/uploads\/2018\/07\/nota-afs-arq-clarin-sole-comunicaciones-pagina18-214x300.jpg 214w\" sizes=\"(max-width: 536px) 100vw, 536px\" \/>\n\t\t\t<\/dt><\/dl><dl class='gallery-item'>\n\t\t\t<dt class='gallery-icon portrait'>\n\t\t\t\t<img width=\"536\" height=\"750\" src=\"https:\/\/www.solecomunicaciones.com.ar\/publicaciones\/wp-content\/uploads\/2018\/07\/nota-afs-arq-clarin-sole-comunicaciones-pagina19.jpg\" class=\"attachment-full size-full\" alt=\"Nota AFS Arquitectos, ARQ Clar\u00edn, Sole Comunicaciones, P\u00e1gina 19\" loading=\"lazy\" srcset=\"https:\/\/www.solecomunicaciones.com.ar\/publicaciones\/wp-content\/uploads\/2018\/07\/nota-afs-arq-clarin-sole-comunicaciones-pagina19.jpg 536w, https:\/\/www.solecomunicaciones.com.ar\/publicaciones\/wp-content\/uploads\/2018\/07\/nota-afs-arq-clarin-sole-comunicaciones-pagina19-214x300.jpg 214w\" sizes=\"(max-width: 536px) 100vw, 536px\" \/>\n\t\t\t<\/dt><\/dl><br style=\"clear: both\" \/><dl class='gallery-item'>\n\t\t\t<dt class='gallery-icon portrait'>\n\t\t\t\t<img width=\"536\" height=\"750\" src=\"https:\/\/www.solecomunicaciones.com.ar\/publicaciones\/wp-content\/uploads\/2018\/07\/nota-afs-arq-clarin-sole-comunicaciones-pagina20.jpg\" class=\"attachment-full size-full\" alt=\"Nota AFS Arquitectos, ARQ Clar\u00edn, Sole Comunicaciones, P\u00e1gina 20\" loading=\"lazy\" srcset=\"https:\/\/www.solecomunicaciones.com.ar\/publicaciones\/wp-content\/uploads\/2018\/07\/nota-afs-arq-clarin-sole-comunicaciones-pagina20.jpg 536w, https:\/\/www.solecomunicaciones.com.ar\/publicaciones\/wp-content\/uploads\/2018\/07\/nota-afs-arq-clarin-sole-comunicaciones-pagina20-214x300.jpg 214w\" sizes=\"(max-width: 536px) 100vw, 536px\" \/>\n\t\t\t<\/dt><\/dl><dl class='gallery-item'>\n\t\t\t<dt class='gallery-icon portrait'>\n\t\t\t\t<img width=\"536\" height=\"750\" src=\"https:\/\/www.solecomunicaciones.com.ar\/publicaciones\/wp-content\/uploads\/2018\/07\/nota-afs-arq-clarin-sole-comunicaciones-pagina21.jpg\" class=\"attachment-full size-full\" alt=\"Nota AFS Arquitectos, ARQ Clar\u00edn, Sole Comunicaciones, P\u00e1gina 21\" loading=\"lazy\" srcset=\"https:\/\/www.solecomunicaciones.com.ar\/publicaciones\/wp-content\/uploads\/2018\/07\/nota-afs-arq-clarin-sole-comunicaciones-pagina21.jpg 536w, https:\/\/www.solecomunicaciones.com.ar\/publicaciones\/wp-content\/uploads\/2018\/07\/nota-afs-arq-clarin-sole-comunicaciones-pagina21-214x300.jpg 214w\" sizes=\"(max-width: 536px) 100vw, 536px\" \/>\n\t\t\t<\/dt><\/dl>\n\t\t\t<br style='clear: both' \/>\n\t\t<\/div>\n\n","protected":false},"excerpt":{"rendered":"<p>M\u00e1s \u00e1reas ambulatorias y de tratamiento, menos de internaci\u00f3n. Los nuevos conceptos en arquitectura hospitalaria y las obras m\u00e1s significativas del Estudio Alvarado Font Sartorio.<\/p>\n","protected":false},"author":1,"featured_media":2380,"comment_status":"open","ping_status":"open","sticky":false,"template":"","format":"standard","meta":[],"categories":[7],"tags":[43,12,45],"yoast_head":"<!-- This site is optimized with the Yoast SEO plugin v14.9 - https:\/\/yoast.com\/wordpress\/plugins\/seo\/ -->\n<title>Estudio AFS Arquitectos: Hospitales de \u00daltima Generaci\u00f3n - Sole Comunicaciones<\/title>\n<meta name=\"robots\" content=\"index, follow, max-snippet:-1, max-image-preview:large, max-video-preview:-1\" \/>\n<link rel=\"canonical\" href=\"https:\/\/www.solecomunicaciones.com.ar\/publicaciones\/estudio-afs-2018\/\" \/>\n<meta property=\"og:locale\" content=\"es_ES\" \/>\n<meta property=\"og:type\" content=\"article\" \/>\n<meta property=\"og:title\" content=\"Estudio AFS Arquitectos: Hospitales de \u00daltima Generaci\u00f3n - Sole Comunicaciones\" \/>\n<meta property=\"og:description\" content=\"M\u00e1s \u00e1reas ambulatorias y de tratamiento, menos de internaci\u00f3n. Los nuevos conceptos en arquitectura hospitalaria y las obras m\u00e1s significativas del Estudio Alvarado Font Sartorio.\" \/>\n<meta property=\"og:url\" content=\"https:\/\/www.solecomunicaciones.com.ar\/publicaciones\/estudio-afs-2018\/\" \/>\n<meta property=\"og:site_name\" content=\"Sole Comunicaciones\" \/>\n<meta property=\"article:published_time\" content=\"2018-07-09T00:46:56+00:00\" \/>\n<meta property=\"article:modified_time\" content=\"2020-11-03T21:52:22+00:00\" \/>\n<meta property=\"og:image\" content=\"https:\/\/www.solecomunicaciones.com.ar\/publicaciones\/wp-content\/uploads\/2018\/07\/nota-afs-arq-clarin-sole-comunicaciones-TAPA-1.jpg\" \/>\n\t<meta property=\"og:image:width\" content=\"776\" \/>\n\t<meta property=\"og:image:height\" content=\"1086\" \/>\n<meta name=\"twitter:card\" content=\"summary_large_image\" \/>\n<script type=\"application\/ld+json\" class=\"yoast-schema-graph\">{\"@context\":\"https:\/\/schema.org\",\"@graph\":[{\"@type\":\"WebSite\",\"@id\":\"https:\/\/www.solecomunicaciones.com.ar\/publicaciones\/#website\",\"url\":\"https:\/\/www.solecomunicaciones.com.ar\/publicaciones\/\",\"name\":\"Sole Comunicaciones\",\"description\":\"Publicaciones \",\"potentialAction\":[{\"@type\":\"SearchAction\",\"target\":\"https:\/\/www.solecomunicaciones.com.ar\/publicaciones\/?s={search_term_string}\",\"query-input\":\"required name=search_term_string\"}],\"inLanguage\":\"es\"},{\"@type\":\"ImageObject\",\"@id\":\"https:\/\/www.solecomunicaciones.com.ar\/publicaciones\/estudio-afs-2018\/#primaryimage\",\"inLanguage\":\"es\",\"url\":\"https:\/\/www.solecomunicaciones.com.ar\/publicaciones\/wp-content\/uploads\/2018\/07\/nota-afs-arq-clarin-sole-comunicaciones-TAPA-1.jpg\",\"width\":776,\"height\":1086,\"caption\":\"Nota AFS Arquitectos, ARQ Clar\\u00edn, Sole Comunicaciones, Tapa\"},{\"@type\":\"WebPage\",\"@id\":\"https:\/\/www.solecomunicaciones.com.ar\/publicaciones\/estudio-afs-2018\/#webpage\",\"url\":\"https:\/\/www.solecomunicaciones.com.ar\/publicaciones\/estudio-afs-2018\/\",\"name\":\"Estudio AFS Arquitectos: Hospitales de \\u00daltima Generaci\\u00f3n - Sole Comunicaciones\",\"isPartOf\":{\"@id\":\"https:\/\/www.solecomunicaciones.com.ar\/publicaciones\/#website\"},\"primaryImageOfPage\":{\"@id\":\"https:\/\/www.solecomunicaciones.com.ar\/publicaciones\/estudio-afs-2018\/#primaryimage\"},\"datePublished\":\"2018-07-09T00:46:56+00:00\",\"dateModified\":\"2020-11-03T21:52:22+00:00\",\"author\":{\"@id\":\"https:\/\/www.solecomunicaciones.com.ar\/publicaciones\/#\/schema\/person\/34cc02109c051703283321a51075178c\"},\"inLanguage\":\"es\",\"potentialAction\":[{\"@type\":\"ReadAction\",\"target\":[\"https:\/\/www.solecomunicaciones.com.ar\/publicaciones\/estudio-afs-2018\/\"]}]},{\"@type\":\"Person\",\"@id\":\"https:\/\/www.solecomunicaciones.com.ar\/publicaciones\/#\/schema\/person\/34cc02109c051703283321a51075178c\",\"name\":\"Sole C&amp;M\",\"image\":{\"@type\":\"ImageObject\",\"@id\":\"https:\/\/www.solecomunicaciones.com.ar\/publicaciones\/#personlogo\",\"inLanguage\":\"es\",\"url\":\"https:\/\/secure.gravatar.com\/avatar\/98dec144ab5b4969e6b78831b015326b?s=96&d=mm&r=g\",\"caption\":\"Sole C&amp;M\"}}]}<\/script>\n<!-- \/ Yoast SEO plugin. -->","_links":{"self":[{"href":"https:\/\/www.solecomunicaciones.com.ar\/publicaciones\/wp-json\/wp\/v2\/posts\/2377"}],"collection":[{"href":"https:\/\/www.solecomunicaciones.com.ar\/publicaciones\/wp-json\/wp\/v2\/posts"}],"about":[{"href":"https:\/\/www.solecomunicaciones.com.ar\/publicaciones\/wp-json\/wp\/v2\/types\/post"}],"author":[{"embeddable":true,"href":"https:\/\/www.solecomunicaciones.com.ar\/publicaciones\/wp-json\/wp\/v2\/users\/1"}],"replies":[{"embeddable":true,"href":"https:\/\/www.solecomunicaciones.com.ar\/publicaciones\/wp-json\/wp\/v2\/comments?post=2377"}],"version-history":[{"count":11,"href":"https:\/\/www.solecomunicaciones.com.ar\/publicaciones\/wp-json\/wp\/v2\/posts\/2377\/revisions"}],"predecessor-version":[{"id":2816,"href":"https:\/\/www.solecomunicaciones.com.ar\/publicaciones\/wp-json\/wp\/v2\/posts\/2377\/revisions\/2816"}],"wp:featuredmedia":[{"embeddable":true,"href":"https:\/\/www.solecomunicaciones.com.ar\/publicaciones\/wp-json\/wp\/v2\/media\/2380"}],"wp:attachment":[{"href":"https:\/\/www.solecomunicaciones.com.ar\/publicaciones\/wp-json\/wp\/v2\/media?parent=2377"}],"wp:term":[{"taxonomy":"category","embeddable":true,"href":"https:\/\/www.solecomunicaciones.com.ar\/publicaciones\/wp-json\/wp\/v2\/categories?post=2377"},{"taxonomy":"post_tag","embeddable":true,"href":"https:\/\/www.solecomunicaciones.com.ar\/publicaciones\/wp-json\/wp\/v2\/tags?post=2377"}],"curies":[{"name":"wp","href":"https:\/\/api.w.org\/{rel}","templated":true}]}}