{"id":2062,"date":"2018-03-21T21:51:09","date_gmt":"2018-03-22T00:51:09","guid":{"rendered":"https:\/\/solecomunicaciones.com\/?p=2062"},"modified":"2018-06-18T13:01:33","modified_gmt":"2018-06-18T16:01:33","slug":"mraa-arq-clarin","status":"publish","type":"post","link":"https:\/\/www.solecomunicaciones.com.ar\/publicaciones\/mraa-arq-clarin\/","title":{"rendered":"MRA+A: Estrenos de la nueva temporada"},"content":{"rendered":"<div id=\"pl-2062\" class=\"panel-layout\">\n<div id=\"pg-2062-0\" class=\"panel-grid panel-no-style\">\n<div id=\"pgc-2062-0-0\" class=\"panel-grid-cell\" data-weight=\"1\">\n<div id=\"panel-2062-0-0-0\" class=\"so-panel widget widget_sow-editor panel-first-child\" data-index=\"0\" data-style=\"{&quot;background_image_attachment&quot;:false,&quot;background_display&quot;:&quot;tile&quot;}\">\n<p class=\"so-widget-sow-editor so-widget-sow-editor-base\"><strong>El estudio MRA y Asociados reedita est\u00e9tica y premisas. El equilibrio entre los intereses comerciales y la soluci\u00f3n urbana figura entre sus objetivos. Por qu\u00e9 defienden a las torres.<\/strong><\/p>\n<p class=\"so-widget-sow-editor so-widget-sow-editor-base\"><span style=\"font-weight: 400;\">MRA+A Mario Roberto \u00c1lvarez hijo, Hern\u00e1n Bernab\u00f3 y Fernando Sabatini consideran cada obra como parte de un conjunto urbano y apuntan a lograr el equilibrio entre el inter\u00e9s de los desarrolladores y una buena soluci\u00f3n para la ciudad.<\/span><\/p>\n<p><!--more--><\/p>\n<p style=\"text-align: justify; font-size: 8pt;\"><strong>Por: Paula Baldo, Arq. Clar\u00edn<\/strong><\/p>\n<p style=\"text-align: justify;\"><span style=\"font-weight: 400;\">Un proyectista debe conciliar las aspiraciones del desarrollador con su inter\u00e9s p<\/span><span style=\"font-weight: 400;\">ro<\/span><span style=\"font-weight: 400;\">fesional de realizar un aporte a la ciudad. En ese ejercicio, el estudio MRA+A ha probado ampliamente su entrenamiento. \u201cNuestra forma de trabajo es pensar primero como urbanistas y como arquitectos despu\u00e9s. Abordamos temas urban\u00edsticos a partir de lo que nosotros hacemos, y manejamos una escala de arquitectura que est\u00e1 en el l\u00edmite con lo urbano. Es una filosof\u00eda de nuestro estudio pensar los proyectos desde su inserci\u00f3n en el entorno\u201d, afirman los socios, Mario Roberto Alvarez (h), Hern\u00e1n Bernab\u00f3 y Fernando Sabatini, en una charla con ARQ.<\/span><\/p>\n<p style=\"text-align: justify;\"><span style=\"font-weight: 400;\">Aseguran que las ciudades \u201cdeben ser m\u00e1s flexibles\u201d. Y ante la expectativa que genera la modificaci\u00f3n del C\u00f3digo de Planeamiento para Buenos Aires, los arquitectos asumen una postura optimista: \u201cEn el c\u00f3digo actual hay muchos puntos grises interpretativos que generan laberintos. No obstante creemos que el nuevo c\u00f3digo los va a mejorar\u201d.<\/span><\/p>\n<p><img loading=\"lazy\" class=\"aligncenter size-large wp-image-2192\" src=\"https:\/\/www.solecomunicaciones.com.ar\/publicaciones\/wp-content\/uploads\/2018\/03\/MRAA-ARQ-CLARIN-20.03.2018-Tapa-731x1024.jpg\" alt=\"Tapa Arq Clar\u00edn, Estudio MRA+A, Sole Comunicaciones.\" width=\"731\" height=\"1024\" srcset=\"https:\/\/www.solecomunicaciones.com.ar\/publicaciones\/wp-content\/uploads\/2018\/03\/MRAA-ARQ-CLARIN-20.03.2018-Tapa-731x1024.jpg 731w, https:\/\/www.solecomunicaciones.com.ar\/publicaciones\/wp-content\/uploads\/2018\/03\/MRAA-ARQ-CLARIN-20.03.2018-Tapa-214x300.jpg 214w, https:\/\/www.solecomunicaciones.com.ar\/publicaciones\/wp-content\/uploads\/2018\/03\/MRAA-ARQ-CLARIN-20.03.2018-Tapa-768x1076.jpg 768w, https:\/\/www.solecomunicaciones.com.ar\/publicaciones\/wp-content\/uploads\/2018\/03\/MRAA-ARQ-CLARIN-20.03.2018-Tapa.jpg 776w\" sizes=\"(max-width: 731px) 100vw, 731px\" \/><\/p>\n<p style=\"text-align: justify;\"><strong>-\u00bfQu\u00e9 contribuye a que un proyecto \u201cdialogue\u201d con su entorno?<\/strong><b><br \/>\n<\/b><span style=\"font-weight: 400;\">-Los pasos naturales ser\u00edan investigar c\u00f3mo se insertar\u00eda el edificio, analizar las restricciones del C\u00f3digo y reci\u00e9n despu\u00e9s proyectar, lo formal puede surgir desde el an\u00e1lisis o ser un tema m\u00e1s perif\u00e9rico. Tratamos que la pieza urbana que ponemos en la ciudad conviva con su entorno como un faltante en el rompecabezas que es el tejido de la ciudad. Por ejemplo, en los primeros edificios Panedile o Av. del. Libertador 4444, a partir de la tipolog\u00eda del semiper\u00edmetro se tapan las medianeras y el FOT remanente se agota en una torre. De la misma forma, en el proyecto del Centro empresarial Libertador (actualmente en construcci\u00f3n) implementamos un truco formal en donde un quiebre del volumen que conforma la torre se toma la altura de Libertador y la medianera inmediata existente juega como semiper\u00edmetro conformando un c\u00edrculo virtuoso que favorece al proyecto y a la ciudad, oxigenando al tejido.<\/span><\/p>\n<p style=\"text-align: justify;\"><strong>-\u00bfY en los casos en que se parte de cero, como en el proyecto de Osaka?<\/strong><b><br \/>\n<\/b><span style=\"font-weight: 400;\">-En Jap\u00f3n (1\u00b0 Premio concurso internacional, a\u00f1o 2003) seguimos un concepto bastante parecido, en otra escala, a los Panedile o Libertador. Se trata de dos tapas urbanas que en forma de tiras conforman un l\u00edmite ordenador al tejido urbano existente, en ese momento muy desordenado, generando en el centro de esas 26 hect\u00e1reas un espacio propio al proyecto y obviamente a la ciudad. Se propone un basamento cuya cubierta la transformamos en un gran espacio verde de escala metropolitana, similar al concepto del Central Park de Nueva York. Tenemos un cierto hilo conductor o coherencia entre la arquitectura y las intervenciones urbanas. Para esta nueva etapa del estudio vale la frase de Mark Twain: \u201clas historias no se repiten, pero deben rimar\u201d.<\/span><\/p>\n<p style=\"text-align: justify;\"><strong>-Crecer en altura \u00bfEs la mejor soluci\u00f3n para el desarrollo urbano?<\/strong><b><br \/>\n<\/b><span style=\"font-weight: 400;\">-En el contexto global, el modo en c\u00f3mo se enfoca el urbanismo hoy produce una paradoja. Si antes la visi\u00f3n de la ciudad se viv\u00eda como un hecho depredador y antiecol\u00f3gico, hoy se entiende todo lo contrario: una ciudad permite ahorrar energ\u00eda porque la infraestructura y los servicios urbanos son m\u00e1s eficientes. En consecuencia, las ciudades se enfocan como el camino a seguir, practicando la sustentabilidad. No obstante, la Argentina tiene un problema demogr\u00e1fico, que es la concentraci\u00f3n de un 30\/40 % de su poblaci\u00f3n en torno a Buenos Aires y su \u00e1rea de influencia, que se deber\u00eda visualizar como una \u00fanica \u00e1rea metropolitana en la cual se definan pol\u00edticas comunes en este sentido. Si bien la coyuntura y la emergencia llaman primero, seguramente a futuro se arribar\u00e1 a este objetivo. <\/span><\/p>\n\n\t\t<style type=\"text\/css\">\n\t\t\t#gallery-1 {\n\t\t\t\tmargin: auto;\n\t\t\t}\n\t\t\t#gallery-1 .gallery-item {\n\t\t\t\tfloat: left;\n\t\t\t\tmargin-top: 10px;\n\t\t\t\ttext-align: center;\n\t\t\t\twidth: 50%;\n\t\t\t}\n\t\t\t#gallery-1 img {\n\t\t\t\tborder: 2px solid #cfcfcf;\n\t\t\t}\n\t\t\t#gallery-1 .gallery-caption {\n\t\t\t\tmargin-left: 0;\n\t\t\t}\n\t\t\t\/* see gallery_shortcode() in wp-includes\/media.php *\/\n\t\t<\/style>\n\t\t<div id='gallery-1' class='gallery galleryid-2062 gallery-columns-2 gallery-size-full'><dl class='gallery-item'>\n\t\t\t<dt class='gallery-icon portrait'>\n\t\t\t\t<img width=\"776\" height=\"1087\" src=\"https:\/\/www.solecomunicaciones.com.ar\/publicaciones\/wp-content\/uploads\/2018\/03\/MRAA-ARQ-CLARIN-20.03.2018-14.jpg\" class=\"attachment-full size-full\" alt=\"Nota MRA+A, ARQ CLARIN, Sole Comunicaciones, P\u00e1gina 14\" loading=\"lazy\" srcset=\"https:\/\/www.solecomunicaciones.com.ar\/publicaciones\/wp-content\/uploads\/2018\/03\/MRAA-ARQ-CLARIN-20.03.2018-14.jpg 776w, https:\/\/www.solecomunicaciones.com.ar\/publicaciones\/wp-content\/uploads\/2018\/03\/MRAA-ARQ-CLARIN-20.03.2018-14-214x300.jpg 214w, https:\/\/www.solecomunicaciones.com.ar\/publicaciones\/wp-content\/uploads\/2018\/03\/MRAA-ARQ-CLARIN-20.03.2018-14-768x1076.jpg 768w, https:\/\/www.solecomunicaciones.com.ar\/publicaciones\/wp-content\/uploads\/2018\/03\/MRAA-ARQ-CLARIN-20.03.2018-14-731x1024.jpg 731w\" sizes=\"(max-width: 776px) 100vw, 776px\" \/>\n\t\t\t<\/dt><\/dl><dl class='gallery-item'>\n\t\t\t<dt class='gallery-icon portrait'>\n\t\t\t\t<img width=\"776\" height=\"1087\" src=\"https:\/\/www.solecomunicaciones.com.ar\/publicaciones\/wp-content\/uploads\/2018\/03\/MRAA-ARQ-CLARIN-20.03.2018-15.jpg\" class=\"attachment-full size-full\" alt=\"Nota MRA+A, ARQ CLARIN, Sole Comunicaciones, P\u00e1gina 15\" loading=\"lazy\" srcset=\"https:\/\/www.solecomunicaciones.com.ar\/publicaciones\/wp-content\/uploads\/2018\/03\/MRAA-ARQ-CLARIN-20.03.2018-15.jpg 776w, https:\/\/www.solecomunicaciones.com.ar\/publicaciones\/wp-content\/uploads\/2018\/03\/MRAA-ARQ-CLARIN-20.03.2018-15-214x300.jpg 214w, https:\/\/www.solecomunicaciones.com.ar\/publicaciones\/wp-content\/uploads\/2018\/03\/MRAA-ARQ-CLARIN-20.03.2018-15-768x1076.jpg 768w, https:\/\/www.solecomunicaciones.com.ar\/publicaciones\/wp-content\/uploads\/2018\/03\/MRAA-ARQ-CLARIN-20.03.2018-15-731x1024.jpg 731w\" sizes=\"(max-width: 776px) 100vw, 776px\" \/>\n\t\t\t<\/dt><\/dl><br style=\"clear: both\" \/>\n\t\t<\/div>\n\n<\/div>\n<\/div>\n<\/div>\n<\/div>\n<p style=\"text-align: justify;\"><strong>\u00a0-\u00bfBuenos Aires deber\u00eda tener m\u00e1s torres, entonces?<\/strong><b><br \/>\n<\/b><span style=\"font-weight: 400;\">-Las soluciones para una ciudad no se enfocan en el dilema \u201ctorre s\u00ed o no\u201d. Manhattan tiene una configuraci\u00f3n cuya caracter\u00edstica predominante es la altura. Se trata de una isla cuyo crecimiento posible no era otro sino hacia arriba. Eso s\u00ed, con un parque central magn\u00edfico en el otro extremo. Luego est\u00e1 Par\u00eds y otras ciudades de Europa, que mantienen un tejido homog\u00e9neo y alturas ordenadas. Somos partidarios de creer que las verdades siempre est\u00e1n en el medio.<\/span><\/p>\n<div id=\"pg-2062-0\" class=\"panel-grid panel-no-style\">\n<div id=\"pgc-2062-0-0\" class=\"panel-grid-cell\" data-weight=\"1\">\n<div id=\"panel-2062-0-0-0\" class=\"so-panel widget widget_sow-editor panel-first-child\" data-index=\"0\" data-style=\"{&quot;background_image_attachment&quot;:false,&quot;background_display&quot;:&quot;tile&quot;}\">\n<div class=\"so-widget-sow-editor so-widget-sow-editor-base\">\n<div class=\"siteorigin-widget-tinymce textwidget\">\n<p style=\"text-align: justify;\"><strong>&#8211; \u00bfC\u00f3mo se equilibran los objetivos especulativos con el deseo de hacer buena arquitectura?<\/strong><b><br \/>\n<\/b><span style=\"font-weight: 400;\">-Cuesta convencer a un desarrollador para que considere resignar parte de su beneficio econ\u00f3mico en pos de un planteo arquitect\u00f3nico que consideramos mejor en su aporte urbano o para el usuario, pero que implique un mayor costo o menos metros cuadrados. En ese sentido, plantear un retiro para darle un plus a la ciudad y considerar que se va a poder compensar de otro modo en el precio, por ejemplo, es algo que en general el desarrollador prefiere no arriesgar, pero a la larga terminamos todos de acuerdo. En el caso de Libertador Mil en Vicente L\u00f3pez, con un terreno de 92 metros sobre Libertador y atendiendo a una restricci\u00f3n para el acceso vehicular sobre la avenida, propusimos que la entrada al edificio est\u00e9 en un extremo donde existe una calle con <em>cul de sac<\/em> y un retiro del edificio en planta baja. Entonces, la callejuela transformada en calle vehicular restringida tipo plaza se integra al proyecto y genera un nuevo espacio urbano que beneficia a la ciudad y al edificio. Luego las plantas se van extendiendo en el largo del lote a medida que se asciende para compensar la superficie cedida. La clave es mostrar que hay un c\u00edrculo virtuoso donde el proyecto cede en un sentido para beneficiarse en otro. Ahora en el proyecto tiene en su acceso m\u00e1s espacialidad; esto el cliente lo entendi\u00f3, nunca son f\u00e1ciles estos planteos en los proyectos, pero siempre lo intentamos.<\/span><\/p>\n<p style=\"text-align: justify;\"><strong>-\u00bfQu\u00e9 deber\u00eda considerar el nuevo C\u00f3digo en ese sentido?<\/strong><b><br \/>\n<\/b><span style=\"font-weight: 400;\">-Los c\u00f3digos urbanos son una abstracci\u00f3n. Como en una partitura musical, lo importante son los int\u00e9rpretes, los m\u00fasicos, que somos los arquitectos, y en la sumatoria de toda esa m\u00fasica est\u00e1 la ciudad como una construcci\u00f3n colectiva. Creemos que Buenos Aires suena bastante bien dentro del concierto del mundo.<\/span><\/p>\n<p style=\"text-align: justify;\"><span style=\"font-weight: 400;\">La mejor ciudad es la que ofrece seguridad, servicios y un espacio de contenci\u00f3n. La mayor\u00eda de la gente vive en espacios acotados y la ciudad debe funcionar como el gran living, la gran expansi\u00f3n de la casa y eso es lo interesante. La que logra que en las 24 horas del d\u00eda se generen los usos mixtos, actividades donde la gente de un distrito se movilice a otro. As\u00ed se genera un c\u00edrculo virtuoso, la presencia humana confiere seguridad, crecimiento econ\u00f3mico y prosperidad permanente.<\/span><\/p>\n<p style=\"text-align: justify;\"><span style=\"font-weight: 400;\">En este sentido, el c\u00f3digo nuevo plantea generar un grupo de varias manzanas en donde se restrinja el uso vehicular a un per\u00edmetro y las interiores sean peatonales, donde se detecta un z\u00f3calo urbano comercial. Eso crear\u00eda macro manzanas y calles verdes que podr\u00eda ser positivo. Por otro lado, los esfuerzos por incentivar el uso del transporte p\u00fablico y bicicletas est\u00e1n mostrando resultados positivos que mejoran la ciudad.<\/span><\/p>\n<p style=\"text-align: justify;\"><strong>-\u00bfC\u00f3mo se concilia la protecci\u00f3n de la historia urbana con el necesario desarrollo?<\/strong><b><br \/>\n<\/b><span style=\"font-weight: 400;\">-En el c\u00f3digo actual hay muchos puntos grises interpretativos que generan laberintos. No obstante, creemos que el nuevo c\u00f3digo los va a mejorar. El mundo cambia vertiginosamente, el mundo es urbano ya que el 80 % de la poblaci\u00f3n vive en ciudades. Ellas deben acompa\u00f1ar los cambios, deben ser m\u00e1s flexibles. Para la reconversi\u00f3n de la f\u00e1brica de Volc\u00e1n trabajamos mucho para hacer una propuesta de intervenci\u00f3n, porque el conjunto estaba catalogado como distrito APH.<\/span><\/p>\n<p style=\"text-align: justify;\"><span style=\"font-weight: 400;\">En principio no se pod\u00eda tocar nada, con lo cual era imposible desarrollar un proyecto. Preparamos una presentaci\u00f3n seria, poni\u00e9ndonos tambi\u00e9n en la posici\u00f3n de los funcionarios que deb\u00edan evaluarla, y arribamos a un acuerdo de intervenci\u00f3n.<\/span><\/p>\n<p style=\"text-align: justify;\"><span style=\"font-weight: 400;\">El edificio ocupa casi la manzana completa, con construcciones de varios per\u00edodos y de variado inter\u00e9s arquitect\u00f3nico. Con lo cual propusimos conservar lo m\u00e1s valioso y demoler un sector menor, de manera de abrir los patios necesarios para desarrollar un proyecto residencial. Las fachadas internas siguen la l\u00ednea del conjunto y recomponen su est\u00e9tica de forma arm\u00f3nica.<\/span><\/p>\n<p><span style=\"color: #d60032;\"><b style=\"color: #d60032;\">HAGA CLICK EN LOS SIGUIENTES <\/b><span style=\"color: #d60032;\"><b>T\u00cdTULOS<\/b><\/span><b style=\"color: #d60032;\">\u00a0PARA CONTINUAR LEYENDO LA NOTA.<\/b><br \/>\n<\/span><div class=\"su-accordion su-u-trim\">\n<div class=\"su-spoiler su-spoiler-style-default su-spoiler-icon-plus su-spoiler-closed\" data-scroll-offset=\"0\" data-anchor-in-url=\"no\"><div class=\"su-spoiler-title\" tabindex=\"0\" role=\"button\"><span class=\"su-spoiler-icon\"><\/span><strong>Tres estrategias con un mismo concepto.<\/strong><\/div><div class=\"su-spoiler-content su-u-clearfix su-u-trim\">\n<p style=\"text-align: justify;\">Los cambios de paradigmas urbanos a partir de la renovaci\u00f3n y ampliaci\u00f3n de las autopistas y v\u00edas de acceso a Buenos Aires produjeron la denominada descentralizaci\u00f3n de la Ciudad, con una fuerte migraci\u00f3n en torno a viviendas en countries y barrios cerrados, para luego continuar en la generaci\u00f3n de proyectos de oficinas de gran superficie de alfombra, imposibles de desarrollar en la Ciudad por la falta de predios adecuados.<\/p>\n<p style=\"text-align: justify;\">Los proyectos Florida Office Center 1, 2 y 3, Olivos Office Center, Worko (en Blas Parera y Bouchard) y Panamericana y General Paz pertenecen a esta generaci\u00f3n de edificios.<\/p>\n\n\t\t<style type=\"text\/css\">\n\t\t\t#gallery-2 {\n\t\t\t\tmargin: auto;\n\t\t\t}\n\t\t\t#gallery-2 .gallery-item {\n\t\t\t\tfloat: left;\n\t\t\t\tmargin-top: 10px;\n\t\t\t\ttext-align: center;\n\t\t\t\twidth: 50%;\n\t\t\t}\n\t\t\t#gallery-2 img {\n\t\t\t\tborder: 2px solid #cfcfcf;\n\t\t\t}\n\t\t\t#gallery-2 .gallery-caption {\n\t\t\t\tmargin-left: 0;\n\t\t\t}\n\t\t\t\/* see gallery_shortcode() in wp-includes\/media.php *\/\n\t\t<\/style>\n\t\t<div id='gallery-2' class='gallery galleryid-2062 gallery-columns-2 gallery-size-large'><dl class='gallery-item'>\n\t\t\t<dt class='gallery-icon portrait'>\n\t\t\t\t<img width=\"731\" height=\"1024\" src=\"https:\/\/www.solecomunicaciones.com.ar\/publicaciones\/wp-content\/uploads\/2018\/03\/MRAA-ARQ-CLARIN-20.03.2018-16-731x1024.jpg\" class=\"attachment-large size-large\" alt=\"Nota MRA+A, ARQ CLARIN, Sole Comunicaciones, P\u00e1gina 16\" loading=\"lazy\" srcset=\"https:\/\/www.solecomunicaciones.com.ar\/publicaciones\/wp-content\/uploads\/2018\/03\/MRAA-ARQ-CLARIN-20.03.2018-16-731x1024.jpg 731w, https:\/\/www.solecomunicaciones.com.ar\/publicaciones\/wp-content\/uploads\/2018\/03\/MRAA-ARQ-CLARIN-20.03.2018-16-214x300.jpg 214w, https:\/\/www.solecomunicaciones.com.ar\/publicaciones\/wp-content\/uploads\/2018\/03\/MRAA-ARQ-CLARIN-20.03.2018-16-768x1076.jpg 768w, https:\/\/www.solecomunicaciones.com.ar\/publicaciones\/wp-content\/uploads\/2018\/03\/MRAA-ARQ-CLARIN-20.03.2018-16.jpg 776w\" sizes=\"(max-width: 731px) 100vw, 731px\" \/>\n\t\t\t<\/dt><\/dl><dl class='gallery-item'>\n\t\t\t<dt class='gallery-icon portrait'>\n\t\t\t\t<img width=\"731\" height=\"1024\" src=\"https:\/\/www.solecomunicaciones.com.ar\/publicaciones\/wp-content\/uploads\/2018\/03\/MRAA-ARQ-CLARIN-20.03.2018-17-731x1024.jpg\" class=\"attachment-large size-large\" alt=\"Nota MRA+A, ARQ CLARIN, Sole Comunicaciones, P\u00e1gina 17\" loading=\"lazy\" srcset=\"https:\/\/www.solecomunicaciones.com.ar\/publicaciones\/wp-content\/uploads\/2018\/03\/MRAA-ARQ-CLARIN-20.03.2018-17-731x1024.jpg 731w, https:\/\/www.solecomunicaciones.com.ar\/publicaciones\/wp-content\/uploads\/2018\/03\/MRAA-ARQ-CLARIN-20.03.2018-17-214x300.jpg 214w, https:\/\/www.solecomunicaciones.com.ar\/publicaciones\/wp-content\/uploads\/2018\/03\/MRAA-ARQ-CLARIN-20.03.2018-17-768x1076.jpg 768w, https:\/\/www.solecomunicaciones.com.ar\/publicaciones\/wp-content\/uploads\/2018\/03\/MRAA-ARQ-CLARIN-20.03.2018-17.jpg 776w\" sizes=\"(max-width: 731px) 100vw, 731px\" \/>\n\t\t\t<\/dt><\/dl><br style=\"clear: both\" \/>\n\t\t<\/div>\n\n<p><b>Florida Office Center 1, 2 y 3<br \/>\n<\/b>En l\u00ednea con los distintos tipos de demanda en lo que hace a tama\u00f1o de alfombra, el conjunto plantea tres edificios con superficies de planta de 358 m2, 735 m2 y 2.040 m2, para los edificios 1, 2 y 3 respectivamente.<\/p>\n<p>Los tres edificios presentan n\u00facleos exentos volcados hacia el Oeste para generar tres resultados: plantas de open space, atenuar el efecto de una de las peores orientaciones a nivel de radiaci\u00f3n solar, como es el Oeste; y buscar las mejores vistas largas en el \u00e1rea residencial de Florida.<\/p>\n<p>El conjunto est\u00e1 dividido por la calle Venezuela, lo que genera dos parcelas, en una se alojan los m\u00f3dulos 1 y 2 , resueltos en un predio rectangular y definen un tejido urbano de vol\u00famenes (11 pisos), que rescata la escala peatonal y conserva la calle corredor, mediante la transparencia y altura de sus halles y la generaci\u00f3n de una plaza p\u00fablica.<\/p>\n<p>El tercer edificio cierra urban\u00edsticamente la imagen norte del conjunto mediante un partido en ele, cuyo n\u00facleo funciona como una r\u00f3tula equilibrando las distancias de una planta de m\u00e1s del doble de superficie que los m\u00f3dulos uno y dos, generando una relaci\u00f3n n\u00facleo-alfombra m\u00e1s que eficiente.<\/p>\n<p>Formalmente, hemos generado en el curtain wall una serie de planos superpuestos a distintos filos, descomponiendo los prismas originales en planos retirados de las aristas y dispar\u00e1ndolos a los remates sueltos, proponiendo un juego geom\u00e9trico donde estos quedan casi como levitando.<\/p>\n<p><b>Olivos Office Center<br \/>\n<\/b>Dada su localizaci\u00f3n, un predio en Panamericana y avenida Debenedetti, donde por diferencia de nivel queda a cinco metros por encima de la autopista, y sumada la forma triangular del terreno, el partido arquitect\u00f3nico plantea el aprovechamiento de esta localizaci\u00f3n y altimetr\u00eda. De manera de seguir la naturaleza del predio, el proyecto genera un edificio de planta triangular, cuya hipotenusa plantea una imponente fachada de noventa metros, la cual se puede apreciar a varios kil\u00f3metros desde la Panamericana en el sentido sur-norte.<\/p>\n<p>La resoluci\u00f3n funcional de la planta se genera, no obstante la geometr\u00eda, en un eficiente y compacto n\u00facleo central posibilitando el uso de 1.540 m2 de alfombra.<\/p>\n<p>A fin de poder aprovechar la terraza, se opt\u00f3 por ubicar los aire acondicionados por piso, en un \u00e1rea t\u00e9cnica con pisos de metal desplegado que fue resuelto en la fachada con una malla. Este concepto, adem\u00e1s de recuperar la pisada del edificio en la cubierta, plantea un parasol contra la cara de m\u00e1xima radiaci\u00f3n solar, es decir la oeste.<\/p>\n<p>En cuanto a lo formal, el edificio est\u00e1 en l\u00ednea con el complejo Florida Office Center, ya que es del mismo desarrollador. Convenimos en crear un \u201cfamily style\u201d de la marca Office Center. De esta manera, si bien las formas son diametralmente opuestas, el concepto de liberar los v\u00e9rtices de columnas, cambiar a la vez los filos del curtain wall y la tonalidad de los vidrios, sum\u00e1ndole el despegue de planos para deconstruir el volumen original, genera una asociaci\u00f3n impl\u00edcita entre los dos desarrollos.<\/p>\n<p><b>General Paz y Panamericana<br \/>\n<\/b>En la intersecci\u00f3n de estas dos importantes autopistas, Panamericana y General Paz, se encuentra este predio de excelente accesibilidad y locaci\u00f3n, pero con dos particularidades especiales: la primera se debe a su forma, un tri\u00e1ngulo is\u00f3sceles con una hipotenusa curva; la segunda, su planialtimetr\u00eda, que respecto a la altura del ramal de enlace de las dos v\u00edas mencionadas (ocho metros respecto del nivel cero del predio), pareciera quedar hundido.<\/p>\n<p>A partir de estas caracter\u00edsticas particulares, encontramos el partido que soluciona en planta y corte dos temas que en primera instancia parec\u00edan un escollo a la hora de resolver el proyecto.<\/p>\n<p>De la geometr\u00eda del terreno, restando los retiros obligatorios que dicta el c\u00f3digo de planeamiento del municipio, logramos racionalizar la forma, creando una planta similar a un trapecio que le saca partido a las proporciones del predio, obteniendo un frente hacia Panamericana de m\u00e1s de 60 metros de largo.<\/p>\n<p>La figura contempla un eje especular que permite, mediante un n\u00facleo central, poder dividir la alfombra resultante en cuatro subm\u00f3dulos.<\/p>\n<p>Respecto de la sensaci\u00f3n de hundimiento del predio, se gener\u00f3 un corte donde en parte de la planta baja y los tres primeros pisos se ubican cocheras, de manera de que el primer piso de uso se encuentra a dos metros respecto a dicha autopista.<\/p>\n<p>En cuanto a la resoluci\u00f3n formal solo se oper\u00f3 el volumen sustrayendo en los v\u00e9rtices de la figura resultante (planta) sectores que generan la lectura de planos y no de un volumen, de manera de conferir liviandad al edificio. En las caras m\u00e1s largas se explota la imponente fachada de diez pisos de oficinas y tres de cocheras a partir de cosm\u00e9ticas met\u00e1licas en el curtain wall, generando dinamismo y velocidad a la lectura del proyecto.<\/div><\/div>\n<div class=\"su-spoiler su-spoiler-style-default su-spoiler-icon-plus su-spoiler-closed\" data-scroll-offset=\"0\" data-anchor-in-url=\"no\"><div class=\"su-spoiler-title\" tabindex=\"0\" role=\"button\"><span class=\"su-spoiler-icon\"><\/span><b>La puerta de ingreso al Norte porte\u00f1o.<\/b><\/div><div class=\"su-spoiler-content su-u-clearfix su-u-trim\">\n<p>El proyecto aprovecha la posibilidad que genera el c\u00f3digo en este distrito (C31) a trav\u00e9s de una propuesta que contribuye a atraer habitantes a Buenos Aires. El partido propuesto genera una verdadera sinergia entre arquitectura y ciudad a partir de una serie de conceptos.<\/p>\n<p>El \u00e1rea del terreno 4.759 m2 representa el 55 % de la superficie de la manzana. Con el fin de no generar un vac\u00edo y ruptura del tejido, el proyecto propone el completamiento del z\u00f3calo urbano de la avenida Cabildo mediante un \u00e1rea comercial de 1.443 m2 que recompone la l\u00ednea oficial caracter\u00edstica del espacio urbano de este importante eje Norte-Sur de la ciudad. De igual modo, las \u00e1reas de servicio se materializan en un peque\u00f1o edificio de 201 m2 de planta, recostado en la medianera, perpendicular a la calle Pico, conformando esta oportunidad un completamiento a modo de semiper\u00edmetro que rectifica y recompone la geometr\u00eda del terreno.<\/p>\n<p>En la torre se desarrollan los 17.429 m2 restantes del FOT total de la parcela, en 29 plantas. La planta baja libre permite oxigenar el tejido liberando 2.900 m2 de terreno (60% del total). Esta superficie se destinar a una gran plaza y amenidades que, si bien ser\u00e1n de uso privado, permiten, dada la localizaci\u00f3n de la torre (lado mayor paralelo al eje Norte-Sur) generar una transparencia y comunicaci\u00f3n visual desde la calle Pico, de escala similar a las de un espacio verde p\u00fablico.<\/p>\n<p>El arranque de la torre, a 10,17 metros de altura, refuerza esta idea, a la vez que hace desaparecer virtualmente el volumen edificado de la escala peatonal.<\/p>\n<p>El desarrollo formal se sustenta en la desarticulaci\u00f3n virtual de la torre. Este concepto se desarrolla a partir de peque\u00f1as variaciones en las plantas tipo. En lugar de ensamblar figuras geom\u00e9tricas r\u00edgidas, la torre propone la introducci\u00f3n al espacio de elementos maleables, balcones, en un juego din\u00e1mico de adaptaci\u00f3n contextual a la ciudad que lo expresa de manera espont\u00e1nea.<\/p>\n<p>El dise\u00f1o de las fachadas fue desarrollado con tratamientos diferenciados en cuanto a su grado de apertura o relaci\u00f3n llenos vac\u00edos, en especial las caras este y oeste. Por otro lado, la generaci\u00f3n de espacios verdes en planta baja y todas las cubiertas, incluidas las del local comercial, permiti\u00f3 recuperar con vegetaci\u00f3n casi la totalidad del predio. Respetando estos espacios, las cocheras se ubicaron en el de subsuelo, triplicando la cantidad solicitada por c\u00f3digo.<\/p>\n\n\t\t<style type=\"text\/css\">\n\t\t\t#gallery-3 {\n\t\t\t\tmargin: auto;\n\t\t\t}\n\t\t\t#gallery-3 .gallery-item {\n\t\t\t\tfloat: left;\n\t\t\t\tmargin-top: 10px;\n\t\t\t\ttext-align: center;\n\t\t\t\twidth: 50%;\n\t\t\t}\n\t\t\t#gallery-3 img {\n\t\t\t\tborder: 2px solid #cfcfcf;\n\t\t\t}\n\t\t\t#gallery-3 .gallery-caption {\n\t\t\t\tmargin-left: 0;\n\t\t\t}\n\t\t\t\/* see gallery_shortcode() in wp-includes\/media.php *\/\n\t\t<\/style>\n\t\t<div id='gallery-3' class='gallery galleryid-2062 gallery-columns-2 gallery-size-large'><dl class='gallery-item'>\n\t\t\t<dt class='gallery-icon portrait'>\n\t\t\t\t<img width=\"731\" height=\"1024\" src=\"https:\/\/www.solecomunicaciones.com.ar\/publicaciones\/wp-content\/uploads\/2018\/03\/MRAA-ARQ-CLARIN-20.03.2018-18-731x1024.jpg\" class=\"attachment-large size-large\" alt=\"Nota MRA+A, ARQ CLARIN, Sole Comunicaciones, P\u00e1gina 18\" loading=\"lazy\" srcset=\"https:\/\/www.solecomunicaciones.com.ar\/publicaciones\/wp-content\/uploads\/2018\/03\/MRAA-ARQ-CLARIN-20.03.2018-18-731x1024.jpg 731w, https:\/\/www.solecomunicaciones.com.ar\/publicaciones\/wp-content\/uploads\/2018\/03\/MRAA-ARQ-CLARIN-20.03.2018-18-214x300.jpg 214w, https:\/\/www.solecomunicaciones.com.ar\/publicaciones\/wp-content\/uploads\/2018\/03\/MRAA-ARQ-CLARIN-20.03.2018-18-768x1076.jpg 768w, https:\/\/www.solecomunicaciones.com.ar\/publicaciones\/wp-content\/uploads\/2018\/03\/MRAA-ARQ-CLARIN-20.03.2018-18.jpg 776w\" sizes=\"(max-width: 731px) 100vw, 731px\" \/>\n\t\t\t<\/dt><\/dl><dl class='gallery-item'>\n\t\t\t<dt class='gallery-icon portrait'>\n\t\t\t\t<img width=\"731\" height=\"1024\" src=\"https:\/\/www.solecomunicaciones.com.ar\/publicaciones\/wp-content\/uploads\/2018\/03\/MRAA-ARQ-CLARIN-20.03.2018-19-731x1024.jpg\" class=\"attachment-large size-large\" alt=\"Nota MRA+A, ARQ CLARIN, Sole Comunicaciones, P\u00e1gina 19\" loading=\"lazy\" srcset=\"https:\/\/www.solecomunicaciones.com.ar\/publicaciones\/wp-content\/uploads\/2018\/03\/MRAA-ARQ-CLARIN-20.03.2018-19-731x1024.jpg 731w, https:\/\/www.solecomunicaciones.com.ar\/publicaciones\/wp-content\/uploads\/2018\/03\/MRAA-ARQ-CLARIN-20.03.2018-19-214x300.jpg 214w, https:\/\/www.solecomunicaciones.com.ar\/publicaciones\/wp-content\/uploads\/2018\/03\/MRAA-ARQ-CLARIN-20.03.2018-19-768x1076.jpg 768w, https:\/\/www.solecomunicaciones.com.ar\/publicaciones\/wp-content\/uploads\/2018\/03\/MRAA-ARQ-CLARIN-20.03.2018-19.jpg 776w\" sizes=\"(max-width: 731px) 100vw, 731px\" \/>\n\t\t\t<\/dt><\/dl><br style=\"clear: both\" \/>\n\t\t<\/div>\n\n<\/div><\/div>\n<div class=\"su-spoiler su-spoiler-style-default su-spoiler-icon-plus su-spoiler-closed\" data-scroll-offset=\"0\" data-anchor-in-url=\"no\"><div class=\"su-spoiler-title\" tabindex=\"0\" role=\"button\"><span class=\"su-spoiler-icon\"><\/span><b>Generar el efecto Seagram en el corredor de Libertador.<\/b><\/div><div class=\"su-spoiler-content su-u-clearfix su-u-trim\">\n<p>Como ya es usual escuchar, internet ha modificado la comunicaci\u00f3n presencial por la virtual, tanto que hoy una corporaci\u00f3n puede tomar decisiones desde su casa matriz a miles de kil\u00f3metros de distancia. La presencia virtual y el tiempo fractal han modificado las formas de trabajar, traducido en espacios menos estancos y \u00e1reas de trabajo grupales. A su vez, los dispositivos inal\u00e1mbricos y la conexi\u00f3n wi-fi han cambiado para siempre la concepci\u00f3n de que un \u00e1rea de trabajo es un escritorio fijo.<\/p>\n<p>Para acompa\u00f1ar esta corriente de forma concordante, respetando regulaciones y asegurando por fuera la innovaci\u00f3n que fluir\u00e1 por dentro, tomamos la determinaci\u00f3n de que al dise\u00f1ar una torre de oficinas se deben establecer tres prioridades: el c\u00f3digo de planeamiento y sus restricciones, las necesidades del comitente y el entorno. A partir de aqu\u00ed, tenemos la certeza de generar un edificio que va a funcionar y tener la visi\u00f3n y convicci\u00f3n de que lo importante y perdurable es aquello cuya finalidad para la cual fue concebido transvase el efecto tiempo.<\/p>\n<p>Algunas de nuestras premisas fundacionales y fundamentales son la flexibilidad, la calidad, la simpleza y la elegancia. En el caso del Centro Empresarial Libertador, esos pilares est\u00e1n potenciados a nivel urbano por la escala del emprendimiento. El conjunto posee m\u00e1s de 100.000 metros cuadrados construidos, pero insertados (como tantos proyectos del estudio) en la ciudad como una pieza faltante de un rompecabezas.<\/p>\n<p>La torre se aleja de la l\u00ednea municipal 52 metros para generar el efecto Seagram. El edificio libera una gran plaza a la ciudad y produce un c\u00edrculo virtuoso que realza el proyecto. A su vez, en su desarrollo en altura, la torre se relaciona con su entorno a partir de un solo gesto formal: el desplazamiento del volumen superior justo a la altura del tejido\/altura de Libertador.<\/p>\n<p><img loading=\"lazy\" class=\"aligncenter wp-image-2088 size-full\" src=\"https:\/\/www.solecomunicaciones.com.ar\/publicaciones\/wp-content\/uploads\/2018\/03\/MRAA-ARQ-CLARIN-20.03.2018-20.21.jpg\" alt=\"Nota MRA+A, ARQ CLARIN, Sole Comunicaciones, P\u00e1gina 20 y 21\" width=\"1540\" height=\"1087\" srcset=\"https:\/\/www.solecomunicaciones.com.ar\/publicaciones\/wp-content\/uploads\/2018\/03\/MRAA-ARQ-CLARIN-20.03.2018-20.21.jpg 1540w, https:\/\/www.solecomunicaciones.com.ar\/publicaciones\/wp-content\/uploads\/2018\/03\/MRAA-ARQ-CLARIN-20.03.2018-20.21-300x212.jpg 300w, https:\/\/www.solecomunicaciones.com.ar\/publicaciones\/wp-content\/uploads\/2018\/03\/MRAA-ARQ-CLARIN-20.03.2018-20.21-768x542.jpg 768w, https:\/\/www.solecomunicaciones.com.ar\/publicaciones\/wp-content\/uploads\/2018\/03\/MRAA-ARQ-CLARIN-20.03.2018-20.21-1024x723.jpg 1024w\" sizes=\"(max-width: 1540px) 100vw, 1540px\" \/><\/p>\n<p>Estos simples pero vigorosos conceptos oxigenan y ordenan, transformando a un proyecto de arquitectura pr\u00e1cticamente en una intervenci\u00f3n urbana. En s\u00edntesis, la vanguardia en este tipo de proyectos es una combinatoria de modernidad, est\u00e9tica y sustentabilidad urbanas.<\/p>\n<p>En este \u00faltimo punto hacemos especial foco, ya que el concepto de \u201cedificio saludable\u201d interviene en el dise\u00f1o del proyecto desde su inicio, implantando correctamente la obra respecto del clima y el asoleamiento.<\/p>\n<p>Por ejemplo, el partido de esta torre coloca el n\u00facleo en la peor cara respecto a la carga t\u00e9rmica y la radiaci\u00f3n solar, el Oeste. De ese modo, produce un gran ahorro energ\u00e9tico, a la vez que genera un excelente open space de m\u00e1xima flexibilidad de uso.<\/p>\n<p><img loading=\"lazy\" class=\"aligncenter wp-image-2091 size-full\" src=\"https:\/\/www.solecomunicaciones.com.ar\/publicaciones\/wp-content\/uploads\/2018\/03\/MRAA-ARQ-CLARIN-20.03.2018-22.jpg\" alt=\"Nota MRA+A, ARQ CLARIN, Sole Comunicaciones, P\u00e1gina 22\" width=\"776\" height=\"1087\" srcset=\"https:\/\/www.solecomunicaciones.com.ar\/publicaciones\/wp-content\/uploads\/2018\/03\/MRAA-ARQ-CLARIN-20.03.2018-22.jpg 776w, https:\/\/www.solecomunicaciones.com.ar\/publicaciones\/wp-content\/uploads\/2018\/03\/MRAA-ARQ-CLARIN-20.03.2018-22-214x300.jpg 214w, https:\/\/www.solecomunicaciones.com.ar\/publicaciones\/wp-content\/uploads\/2018\/03\/MRAA-ARQ-CLARIN-20.03.2018-22-768x1076.jpg 768w, https:\/\/www.solecomunicaciones.com.ar\/publicaciones\/wp-content\/uploads\/2018\/03\/MRAA-ARQ-CLARIN-20.03.2018-22-731x1024.jpg 731w\" sizes=\"(max-width: 776px) 100vw, 776px\" \/>La transformaci\u00f3n y evoluci\u00f3n en la arquitectura vienen de la mano de muchos materiales que est\u00e1n irrumpiendo en la industria con soluciones innovadoras. Se destacan los paneles de fachadas vidriadas fotovoltaicos, mejores hormigones, nuevas generaciones de ascensores que se desplazan en un mismo pasadizo (aunque el c\u00f3digo de edificaci\u00f3n local todav\u00eda no se adapta a esta nueva tecnolog\u00eda en particular), nuevos artefactos de iluminaci\u00f3n de muy bajo consumo y eficientes artefactos sanitarios y grifer\u00edas.<\/p>\n<p>Aun as\u00ed, creemos que todav\u00eda no se han generado cambios dr\u00e1sticos desde la primera revoluci\u00f3n industrial, ya que b\u00e1sicamente continuamos utilizando, a grandes rasgos, acero, hormig\u00f3n y vidrio.<\/p>\n<p>Tal vez, en un futuro no muy lejano, la nanotecnolog\u00eda y la biotecnolog\u00eda generen cambios de paradigmas. Esas s\u00ed ser\u00e1n soluciones y cambios innovadores y esperamos poder transitar esos nuevos caminos.<\/p>\n<\/div><\/div>\n<div class=\"su-spoiler su-spoiler-style-default su-spoiler-icon-plus su-spoiler-closed\" data-scroll-offset=\"0\" data-anchor-in-url=\"no\"><div class=\"su-spoiler-title\" tabindex=\"0\" role=\"button\"><span class=\"su-spoiler-icon\"><\/span><b>Como una vela que levita en el espacio<\/b><b>.<\/b><\/div><div class=\"su-spoiler-content su-u-clearfix su-u-trim\">\n<p>Worko pertenece a la nueva generaci\u00f3n de oficinas de grandes superficies de alfombra, imposibles de desarrollar en la Ciudad por la falta de predios del tama\u00f1o adecuado.<\/p>\n<p>No solo las grandes empresas necesitan de estos emprendimientos, si no tambi\u00e9n peque\u00f1as, medianas y hasta profesionales que no requieren grandes superficies. Todos tienen un factor en com\u00fan, evitar el caos de llegar al \u00e1rea central de la Ciudad.<\/p>\n<p>Un predio de 7.300 m2, apto para generar 44.236 m2, para 4.000 usuarios y 740 cocheras, propone un gran desaf\u00edo.<\/p>\n<p>Se plante\u00f3 una figura rectangular con un frente curvado hacia la autopista Panamericana, pero volcado completamente hacia la calle norte (Mariano Moreno). Lo que logra dos efectos. El primero, una gran permeabilidad y \u201cox\u00edgeno\u201d a partir de una gran plaza de 100 m de largo, que permitir\u00e1 fundirse con la importante arboleda de las calles que est\u00e1n por detr\u00e1s de la autopista. El segundo efecto resulta del primero, genera una gran perspectiva desde la direcci\u00f3n sur, donde juegan la presencia del edificio, del verde y del tejido urbano existente , a la vez que funcionalmente permite un desahogo para la llegada y salida de los usuarios, ya sea peatonalmente, o con autos y combis.<img loading=\"lazy\" class=\"aligncenter size-full wp-image-2092\" src=\"https:\/\/www.solecomunicaciones.com.ar\/publicaciones\/wp-content\/uploads\/2018\/03\/MRAA-ARQ-CLARIN-20.03.2018-23.jpg\" alt=\"Nota MRA+A, ARQ CLARIN, Sole Comunicaciones, P\u00e1gina 23\" width=\"776\" height=\"1087\" srcset=\"https:\/\/www.solecomunicaciones.com.ar\/publicaciones\/wp-content\/uploads\/2018\/03\/MRAA-ARQ-CLARIN-20.03.2018-23.jpg 776w, https:\/\/www.solecomunicaciones.com.ar\/publicaciones\/wp-content\/uploads\/2018\/03\/MRAA-ARQ-CLARIN-20.03.2018-23-214x300.jpg 214w, https:\/\/www.solecomunicaciones.com.ar\/publicaciones\/wp-content\/uploads\/2018\/03\/MRAA-ARQ-CLARIN-20.03.2018-23-768x1076.jpg 768w, https:\/\/www.solecomunicaciones.com.ar\/publicaciones\/wp-content\/uploads\/2018\/03\/MRAA-ARQ-CLARIN-20.03.2018-23-731x1024.jpg 731w\" sizes=\"(max-width: 776px) 100vw, 776px\" \/>Esta propuesta juega un contrapunto con el lado norte, ya que a 200 metros se encuentra el Shopping Unicenter, cuya escala, fuera de cualquier par\u00e1metro urbano, absorbe como un agujero negro todo el entorno.<\/p>\n<p>En cuanto al funcionamiento, la planta baja plantea un hall de doble altura, la cual es absorbida a la vez por dos niveles de estacionamiento y una gran \u00e1rea comercial y gastron\u00f3mica. Este esquema casi de basamento juega a obtener vistas largas a partir del primer nivel de oficinas.<\/p>\n<p>Las plantas tipo plantean un n\u00facleo central con dos zonas de ascensores, una baja y una alta, ya que la poblaci\u00f3n resultante es de 4.000 personas.<\/p>\n<p>Formalmente, el edificio propone una definici\u00f3n clara de su volumetr\u00eda, lo que se percibe como un solo gesto que explora el plano generado por el curtain wall como si fuera una gran vela levitando en el espacio.<\/p>\n<\/div><\/div>\n<\/div>\n<p><strong>Diario<\/strong>:\u00a0ARQ Clar\u00edn<br \/>\n<strong>Fecha de publicaci\u00f3n:<\/strong>\u00a020 de Marzo de 2018.<\/p>\n<p><strong>NOTA COMPLETA<br \/>\n<\/strong><\/p>\n\n\t\t<style type=\"text\/css\">\n\t\t\t#gallery-4 {\n\t\t\t\tmargin: auto;\n\t\t\t}\n\t\t\t#gallery-4 .gallery-item {\n\t\t\t\tfloat: left;\n\t\t\t\tmargin-top: 10px;\n\t\t\t\ttext-align: center;\n\t\t\t\twidth: 25%;\n\t\t\t}\n\t\t\t#gallery-4 img {\n\t\t\t\tborder: 2px solid #cfcfcf;\n\t\t\t}\n\t\t\t#gallery-4 .gallery-caption {\n\t\t\t\tmargin-left: 0;\n\t\t\t}\n\t\t\t\/* see gallery_shortcode() in wp-includes\/media.php *\/\n\t\t<\/style>\n\t\t<div id='gallery-4' class='gallery galleryid-2062 gallery-columns-4 gallery-size-medium'><dl class='gallery-item'>\n\t\t\t<dt class='gallery-icon portrait'>\n\t\t\t\t<a href='https:\/\/www.solecomunicaciones.com.ar\/publicaciones\/wp-content\/uploads\/2018\/03\/MRAA-ARQ-CLARIN-20.03.2018-14.jpg'><img width=\"214\" height=\"300\" src=\"https:\/\/www.solecomunicaciones.com.ar\/publicaciones\/wp-content\/uploads\/2018\/03\/MRAA-ARQ-CLARIN-20.03.2018-14-214x300.jpg\" class=\"attachment-medium size-medium\" alt=\"Nota MRA+A, ARQ CLARIN, Sole Comunicaciones, P\u00e1gina 14\" loading=\"lazy\" srcset=\"https:\/\/www.solecomunicaciones.com.ar\/publicaciones\/wp-content\/uploads\/2018\/03\/MRAA-ARQ-CLARIN-20.03.2018-14-214x300.jpg 214w, https:\/\/www.solecomunicaciones.com.ar\/publicaciones\/wp-content\/uploads\/2018\/03\/MRAA-ARQ-CLARIN-20.03.2018-14-768x1076.jpg 768w, https:\/\/www.solecomunicaciones.com.ar\/publicaciones\/wp-content\/uploads\/2018\/03\/MRAA-ARQ-CLARIN-20.03.2018-14-731x1024.jpg 731w, https:\/\/www.solecomunicaciones.com.ar\/publicaciones\/wp-content\/uploads\/2018\/03\/MRAA-ARQ-CLARIN-20.03.2018-14.jpg 776w\" sizes=\"(max-width: 214px) 100vw, 214px\" \/><\/a>\n\t\t\t<\/dt><\/dl><dl class='gallery-item'>\n\t\t\t<dt class='gallery-icon portrait'>\n\t\t\t\t<a href='https:\/\/www.solecomunicaciones.com.ar\/publicaciones\/wp-content\/uploads\/2018\/03\/MRAA-ARQ-CLARIN-20.03.2018-15.jpg'><img width=\"214\" height=\"300\" src=\"https:\/\/www.solecomunicaciones.com.ar\/publicaciones\/wp-content\/uploads\/2018\/03\/MRAA-ARQ-CLARIN-20.03.2018-15-214x300.jpg\" class=\"attachment-medium size-medium\" alt=\"Nota MRA+A, ARQ CLARIN, Sole Comunicaciones, P\u00e1gina 15\" loading=\"lazy\" srcset=\"https:\/\/www.solecomunicaciones.com.ar\/publicaciones\/wp-content\/uploads\/2018\/03\/MRAA-ARQ-CLARIN-20.03.2018-15-214x300.jpg 214w, https:\/\/www.solecomunicaciones.com.ar\/publicaciones\/wp-content\/uploads\/2018\/03\/MRAA-ARQ-CLARIN-20.03.2018-15-768x1076.jpg 768w, https:\/\/www.solecomunicaciones.com.ar\/publicaciones\/wp-content\/uploads\/2018\/03\/MRAA-ARQ-CLARIN-20.03.2018-15-731x1024.jpg 731w, https:\/\/www.solecomunicaciones.com.ar\/publicaciones\/wp-content\/uploads\/2018\/03\/MRAA-ARQ-CLARIN-20.03.2018-15.jpg 776w\" sizes=\"(max-width: 214px) 100vw, 214px\" \/><\/a>\n\t\t\t<\/dt><\/dl><dl class='gallery-item'>\n\t\t\t<dt class='gallery-icon portrait'>\n\t\t\t\t<a href='https:\/\/www.solecomunicaciones.com.ar\/publicaciones\/wp-content\/uploads\/2018\/03\/MRAA-ARQ-CLARIN-20.03.2018-16.jpg'><img width=\"214\" height=\"300\" src=\"https:\/\/www.solecomunicaciones.com.ar\/publicaciones\/wp-content\/uploads\/2018\/03\/MRAA-ARQ-CLARIN-20.03.2018-16-214x300.jpg\" class=\"attachment-medium size-medium\" alt=\"Nota MRA+A, ARQ CLARIN, Sole Comunicaciones, P\u00e1gina 16\" loading=\"lazy\" srcset=\"https:\/\/www.solecomunicaciones.com.ar\/publicaciones\/wp-content\/uploads\/2018\/03\/MRAA-ARQ-CLARIN-20.03.2018-16-214x300.jpg 214w, https:\/\/www.solecomunicaciones.com.ar\/publicaciones\/wp-content\/uploads\/2018\/03\/MRAA-ARQ-CLARIN-20.03.2018-16-768x1076.jpg 768w, https:\/\/www.solecomunicaciones.com.ar\/publicaciones\/wp-content\/uploads\/2018\/03\/MRAA-ARQ-CLARIN-20.03.2018-16-731x1024.jpg 731w, https:\/\/www.solecomunicaciones.com.ar\/publicaciones\/wp-content\/uploads\/2018\/03\/MRAA-ARQ-CLARIN-20.03.2018-16.jpg 776w\" sizes=\"(max-width: 214px) 100vw, 214px\" \/><\/a>\n\t\t\t<\/dt><\/dl><dl class='gallery-item'>\n\t\t\t<dt class='gallery-icon portrait'>\n\t\t\t\t<a href='https:\/\/www.solecomunicaciones.com.ar\/publicaciones\/wp-content\/uploads\/2018\/03\/MRAA-ARQ-CLARIN-20.03.2018-17.jpg'><img width=\"214\" height=\"300\" src=\"https:\/\/www.solecomunicaciones.com.ar\/publicaciones\/wp-content\/uploads\/2018\/03\/MRAA-ARQ-CLARIN-20.03.2018-17-214x300.jpg\" class=\"attachment-medium size-medium\" alt=\"Nota MRA+A, ARQ CLARIN, Sole Comunicaciones, P\u00e1gina 17\" loading=\"lazy\" srcset=\"https:\/\/www.solecomunicaciones.com.ar\/publicaciones\/wp-content\/uploads\/2018\/03\/MRAA-ARQ-CLARIN-20.03.2018-17-214x300.jpg 214w, https:\/\/www.solecomunicaciones.com.ar\/publicaciones\/wp-content\/uploads\/2018\/03\/MRAA-ARQ-CLARIN-20.03.2018-17-768x1076.jpg 768w, https:\/\/www.solecomunicaciones.com.ar\/publicaciones\/wp-content\/uploads\/2018\/03\/MRAA-ARQ-CLARIN-20.03.2018-17-731x1024.jpg 731w, https:\/\/www.solecomunicaciones.com.ar\/publicaciones\/wp-content\/uploads\/2018\/03\/MRAA-ARQ-CLARIN-20.03.2018-17.jpg 776w\" sizes=\"(max-width: 214px) 100vw, 214px\" \/><\/a>\n\t\t\t<\/dt><\/dl><br style=\"clear: both\" \/><dl class='gallery-item'>\n\t\t\t<dt class='gallery-icon portrait'>\n\t\t\t\t<a href='https:\/\/www.solecomunicaciones.com.ar\/publicaciones\/wp-content\/uploads\/2018\/03\/MRAA-ARQ-CLARIN-20.03.2018-18.jpg'><img width=\"214\" height=\"300\" src=\"https:\/\/www.solecomunicaciones.com.ar\/publicaciones\/wp-content\/uploads\/2018\/03\/MRAA-ARQ-CLARIN-20.03.2018-18-214x300.jpg\" class=\"attachment-medium size-medium\" alt=\"Nota MRA+A, ARQ CLARIN, Sole Comunicaciones, P\u00e1gina 18\" loading=\"lazy\" srcset=\"https:\/\/www.solecomunicaciones.com.ar\/publicaciones\/wp-content\/uploads\/2018\/03\/MRAA-ARQ-CLARIN-20.03.2018-18-214x300.jpg 214w, https:\/\/www.solecomunicaciones.com.ar\/publicaciones\/wp-content\/uploads\/2018\/03\/MRAA-ARQ-CLARIN-20.03.2018-18-768x1076.jpg 768w, https:\/\/www.solecomunicaciones.com.ar\/publicaciones\/wp-content\/uploads\/2018\/03\/MRAA-ARQ-CLARIN-20.03.2018-18-731x1024.jpg 731w, https:\/\/www.solecomunicaciones.com.ar\/publicaciones\/wp-content\/uploads\/2018\/03\/MRAA-ARQ-CLARIN-20.03.2018-18.jpg 776w\" sizes=\"(max-width: 214px) 100vw, 214px\" \/><\/a>\n\t\t\t<\/dt><\/dl><dl class='gallery-item'>\n\t\t\t<dt class='gallery-icon portrait'>\n\t\t\t\t<a href='https:\/\/www.solecomunicaciones.com.ar\/publicaciones\/wp-content\/uploads\/2018\/03\/MRAA-ARQ-CLARIN-20.03.2018-19.jpg'><img width=\"214\" height=\"300\" src=\"https:\/\/www.solecomunicaciones.com.ar\/publicaciones\/wp-content\/uploads\/2018\/03\/MRAA-ARQ-CLARIN-20.03.2018-19-214x300.jpg\" class=\"attachment-medium size-medium\" alt=\"Nota MRA+A, ARQ CLARIN, Sole Comunicaciones, P\u00e1gina 19\" loading=\"lazy\" srcset=\"https:\/\/www.solecomunicaciones.com.ar\/publicaciones\/wp-content\/uploads\/2018\/03\/MRAA-ARQ-CLARIN-20.03.2018-19-214x300.jpg 214w, https:\/\/www.solecomunicaciones.com.ar\/publicaciones\/wp-content\/uploads\/2018\/03\/MRAA-ARQ-CLARIN-20.03.2018-19-768x1076.jpg 768w, https:\/\/www.solecomunicaciones.com.ar\/publicaciones\/wp-content\/uploads\/2018\/03\/MRAA-ARQ-CLARIN-20.03.2018-19-731x1024.jpg 731w, https:\/\/www.solecomunicaciones.com.ar\/publicaciones\/wp-content\/uploads\/2018\/03\/MRAA-ARQ-CLARIN-20.03.2018-19.jpg 776w\" sizes=\"(max-width: 214px) 100vw, 214px\" \/><\/a>\n\t\t\t<\/dt><\/dl><dl class='gallery-item'>\n\t\t\t<dt class='gallery-icon portrait'>\n\t\t\t\t<a href='https:\/\/www.solecomunicaciones.com.ar\/publicaciones\/wp-content\/uploads\/2018\/03\/MRAA-ARQ-CLARIN-20.03.2018-20.jpg'><img width=\"214\" height=\"300\" src=\"https:\/\/www.solecomunicaciones.com.ar\/publicaciones\/wp-content\/uploads\/2018\/03\/MRAA-ARQ-CLARIN-20.03.2018-20-214x300.jpg\" class=\"attachment-medium size-medium\" alt=\"\" loading=\"lazy\" srcset=\"https:\/\/www.solecomunicaciones.com.ar\/publicaciones\/wp-content\/uploads\/2018\/03\/MRAA-ARQ-CLARIN-20.03.2018-20-214x300.jpg 214w, https:\/\/www.solecomunicaciones.com.ar\/publicaciones\/wp-content\/uploads\/2018\/03\/MRAA-ARQ-CLARIN-20.03.2018-20-768x1076.jpg 768w, https:\/\/www.solecomunicaciones.com.ar\/publicaciones\/wp-content\/uploads\/2018\/03\/MRAA-ARQ-CLARIN-20.03.2018-20-731x1024.jpg 731w, https:\/\/www.solecomunicaciones.com.ar\/publicaciones\/wp-content\/uploads\/2018\/03\/MRAA-ARQ-CLARIN-20.03.2018-20.jpg 776w\" sizes=\"(max-width: 214px) 100vw, 214px\" \/><\/a>\n\t\t\t<\/dt><\/dl><dl class='gallery-item'>\n\t\t\t<dt class='gallery-icon portrait'>\n\t\t\t\t<a href='https:\/\/www.solecomunicaciones.com.ar\/publicaciones\/wp-content\/uploads\/2018\/03\/MRAA-ARQ-CLARIN-20.03.2018-21.jpg'><img width=\"214\" height=\"300\" src=\"https:\/\/www.solecomunicaciones.com.ar\/publicaciones\/wp-content\/uploads\/2018\/03\/MRAA-ARQ-CLARIN-20.03.2018-21-214x300.jpg\" class=\"attachment-medium size-medium\" alt=\"\" loading=\"lazy\" srcset=\"https:\/\/www.solecomunicaciones.com.ar\/publicaciones\/wp-content\/uploads\/2018\/03\/MRAA-ARQ-CLARIN-20.03.2018-21-214x300.jpg 214w, https:\/\/www.solecomunicaciones.com.ar\/publicaciones\/wp-content\/uploads\/2018\/03\/MRAA-ARQ-CLARIN-20.03.2018-21-768x1076.jpg 768w, https:\/\/www.solecomunicaciones.com.ar\/publicaciones\/wp-content\/uploads\/2018\/03\/MRAA-ARQ-CLARIN-20.03.2018-21-731x1024.jpg 731w, https:\/\/www.solecomunicaciones.com.ar\/publicaciones\/wp-content\/uploads\/2018\/03\/MRAA-ARQ-CLARIN-20.03.2018-21.jpg 776w\" sizes=\"(max-width: 214px) 100vw, 214px\" \/><\/a>\n\t\t\t<\/dt><\/dl><br style=\"clear: both\" \/><dl class='gallery-item'>\n\t\t\t<dt class='gallery-icon portrait'>\n\t\t\t\t<a href='https:\/\/www.solecomunicaciones.com.ar\/publicaciones\/wp-content\/uploads\/2018\/03\/MRAA-ARQ-CLARIN-20.03.2018-22.jpg'><img width=\"214\" height=\"300\" src=\"https:\/\/www.solecomunicaciones.com.ar\/publicaciones\/wp-content\/uploads\/2018\/03\/MRAA-ARQ-CLARIN-20.03.2018-22-214x300.jpg\" class=\"attachment-medium size-medium\" alt=\"Nota MRA+A, ARQ CLARIN, Sole Comunicaciones, P\u00e1gina 22\" loading=\"lazy\" srcset=\"https:\/\/www.solecomunicaciones.com.ar\/publicaciones\/wp-content\/uploads\/2018\/03\/MRAA-ARQ-CLARIN-20.03.2018-22-214x300.jpg 214w, https:\/\/www.solecomunicaciones.com.ar\/publicaciones\/wp-content\/uploads\/2018\/03\/MRAA-ARQ-CLARIN-20.03.2018-22-768x1076.jpg 768w, https:\/\/www.solecomunicaciones.com.ar\/publicaciones\/wp-content\/uploads\/2018\/03\/MRAA-ARQ-CLARIN-20.03.2018-22-731x1024.jpg 731w, https:\/\/www.solecomunicaciones.com.ar\/publicaciones\/wp-content\/uploads\/2018\/03\/MRAA-ARQ-CLARIN-20.03.2018-22.jpg 776w\" sizes=\"(max-width: 214px) 100vw, 214px\" \/><\/a>\n\t\t\t<\/dt><\/dl><dl class='gallery-item'>\n\t\t\t<dt class='gallery-icon portrait'>\n\t\t\t\t<a href='https:\/\/www.solecomunicaciones.com.ar\/publicaciones\/wp-content\/uploads\/2018\/03\/MRAA-ARQ-CLARIN-20.03.2018-23.jpg'><img width=\"214\" height=\"300\" src=\"https:\/\/www.solecomunicaciones.com.ar\/publicaciones\/wp-content\/uploads\/2018\/03\/MRAA-ARQ-CLARIN-20.03.2018-23-214x300.jpg\" class=\"attachment-medium size-medium\" alt=\"Nota MRA+A, ARQ CLARIN, Sole Comunicaciones, P\u00e1gina 23\" loading=\"lazy\" srcset=\"https:\/\/www.solecomunicaciones.com.ar\/publicaciones\/wp-content\/uploads\/2018\/03\/MRAA-ARQ-CLARIN-20.03.2018-23-214x300.jpg 214w, https:\/\/www.solecomunicaciones.com.ar\/publicaciones\/wp-content\/uploads\/2018\/03\/MRAA-ARQ-CLARIN-20.03.2018-23-768x1076.jpg 768w, https:\/\/www.solecomunicaciones.com.ar\/publicaciones\/wp-content\/uploads\/2018\/03\/MRAA-ARQ-CLARIN-20.03.2018-23-731x1024.jpg 731w, https:\/\/www.solecomunicaciones.com.ar\/publicaciones\/wp-content\/uploads\/2018\/03\/MRAA-ARQ-CLARIN-20.03.2018-23.jpg 776w\" sizes=\"(max-width: 214px) 100vw, 214px\" \/><\/a>\n\t\t\t<\/dt><\/dl>\n\t\t\t<br style='clear: both' \/>\n\t\t<\/div>\n\n<\/div>\n<\/div>\n<\/div>\n<\/div>\n<\/div>\n","protected":false},"excerpt":{"rendered":"<p>El estudio MRA y Asociados reedita est\u00e9tica y premisas. El equilibrio entre los intereses comerciales y la soluci\u00f3n urbana figura entre sus objetivos. Por qu\u00e9 defienden a las torres. MRA+A Mario Roberto \u00c1lvarez hijo,&#46;&#46;&#46;<\/p>\n","protected":false},"author":1,"featured_media":2364,"comment_status":"closed","ping_status":"closed","sticky":false,"template":"","format":"standard","meta":[],"categories":[7],"tags":[12,13,24],"yoast_head":"<!-- This site is optimized with the Yoast SEO plugin v14.9 - https:\/\/yoast.com\/wordpress\/plugins\/seo\/ -->\n<title>Estudio MRA+A | ARQ Clar\u00edn | SOLE Comunicaciones<\/title>\n<meta name=\"description\" content=\"ENTREVISTA ESTUDIO MRA+A. Mario Roberto \u00c1lvarez hijo, Hern\u00e1n Bernab\u00f3 y Fernando Sabatini consideran cada obra como parte de un conjunto urbano y apuntan a lograr el equilibrio entre el inter\u00e9s de los desarrolladores y una buena soluci\u00f3n para la ciudad.\" \/>\n<meta name=\"robots\" content=\"index, follow, max-snippet:-1, max-image-preview:large, max-video-preview:-1\" \/>\n<link rel=\"canonical\" href=\"https:\/\/www.solecomunicaciones.com.ar\/publicaciones\/mraa-arq-clarin\/\" \/>\n<meta property=\"og:locale\" content=\"es_ES\" \/>\n<meta property=\"og:type\" content=\"article\" \/>\n<meta property=\"og:title\" content=\"Estudio MRA+A | ARQ Clar\u00edn | SOLE Comunicaciones\" \/>\n<meta property=\"og:description\" content=\"ENTREVISTA ESTUDIO MRA+A. Mario Roberto \u00c1lvarez hijo, Hern\u00e1n Bernab\u00f3 y Fernando Sabatini consideran cada obra como parte de un conjunto urbano y apuntan a lograr el equilibrio entre el inter\u00e9s de los desarrolladores y una buena soluci\u00f3n para la ciudad.\" \/>\n<meta property=\"og:url\" content=\"https:\/\/www.solecomunicaciones.com.ar\/publicaciones\/mraa-arq-clarin\/\" \/>\n<meta property=\"og:site_name\" content=\"Sole Comunicaciones\" \/>\n<meta property=\"article:published_time\" content=\"2018-03-22T00:51:09+00:00\" \/>\n<meta property=\"article:modified_time\" content=\"2018-06-18T16:01:33+00:00\" \/>\n<meta property=\"og:image\" content=\"https:\/\/www.solecomunicaciones.com.ar\/publicaciones\/wp-content\/uploads\/2018\/03\/MRAA-ARQ-CLARIN-20.03.2018-Tapa1.jpg\" \/>\n\t<meta property=\"og:image:width\" content=\"776\" \/>\n\t<meta property=\"og:image:height\" content=\"1087\" \/>\n<meta name=\"twitter:card\" content=\"summary_large_image\" \/>\n<script type=\"application\/ld+json\" class=\"yoast-schema-graph\">{\"@context\":\"https:\/\/schema.org\",\"@graph\":[{\"@type\":\"WebSite\",\"@id\":\"https:\/\/www.solecomunicaciones.com.ar\/publicaciones\/#website\",\"url\":\"https:\/\/www.solecomunicaciones.com.ar\/publicaciones\/\",\"name\":\"Sole Comunicaciones\",\"description\":\"Publicaciones \",\"potentialAction\":[{\"@type\":\"SearchAction\",\"target\":\"https:\/\/www.solecomunicaciones.com.ar\/publicaciones\/?s={search_term_string}\",\"query-input\":\"required name=search_term_string\"}],\"inLanguage\":\"es\"},{\"@type\":\"ImageObject\",\"@id\":\"https:\/\/www.solecomunicaciones.com.ar\/publicaciones\/mraa-arq-clarin\/#primaryimage\",\"inLanguage\":\"es\",\"url\":\"https:\/\/www.solecomunicaciones.com.ar\/publicaciones\/wp-content\/uploads\/2018\/03\/MRAA-ARQ-CLARIN-20.03.2018-Tapa1.jpg\",\"width\":776,\"height\":1087,\"caption\":\"Tapa Arq Clar\\u00edn, Estudio MRA+A, Sole Comunicaciones.\"},{\"@type\":\"WebPage\",\"@id\":\"https:\/\/www.solecomunicaciones.com.ar\/publicaciones\/mraa-arq-clarin\/#webpage\",\"url\":\"https:\/\/www.solecomunicaciones.com.ar\/publicaciones\/mraa-arq-clarin\/\",\"name\":\"Estudio MRA+A | ARQ Clar\\u00edn | SOLE Comunicaciones\",\"isPartOf\":{\"@id\":\"https:\/\/www.solecomunicaciones.com.ar\/publicaciones\/#website\"},\"primaryImageOfPage\":{\"@id\":\"https:\/\/www.solecomunicaciones.com.ar\/publicaciones\/mraa-arq-clarin\/#primaryimage\"},\"datePublished\":\"2018-03-22T00:51:09+00:00\",\"dateModified\":\"2018-06-18T16:01:33+00:00\",\"author\":{\"@id\":\"https:\/\/www.solecomunicaciones.com.ar\/publicaciones\/#\/schema\/person\/34cc02109c051703283321a51075178c\"},\"description\":\"ENTREVISTA ESTUDIO MRA+A. Mario Roberto \\u00c1lvarez hijo, Hern\\u00e1n Bernab\\u00f3 y Fernando Sabatini consideran cada obra como parte de un conjunto urbano y apuntan a lograr el equilibrio entre el inter\\u00e9s de los desarrolladores y una buena soluci\\u00f3n para la ciudad.\",\"inLanguage\":\"es\",\"potentialAction\":[{\"@type\":\"ReadAction\",\"target\":[\"https:\/\/www.solecomunicaciones.com.ar\/publicaciones\/mraa-arq-clarin\/\"]}]},{\"@type\":\"Person\",\"@id\":\"https:\/\/www.solecomunicaciones.com.ar\/publicaciones\/#\/schema\/person\/34cc02109c051703283321a51075178c\",\"name\":\"Sole C&amp;M\",\"image\":{\"@type\":\"ImageObject\",\"@id\":\"https:\/\/www.solecomunicaciones.com.ar\/publicaciones\/#personlogo\",\"inLanguage\":\"es\",\"url\":\"https:\/\/secure.gravatar.com\/avatar\/98dec144ab5b4969e6b78831b015326b?s=96&d=mm&r=g\",\"caption\":\"Sole C&amp;M\"}}]}<\/script>\n<!-- \/ Yoast SEO plugin. -->","_links":{"self":[{"href":"https:\/\/www.solecomunicaciones.com.ar\/publicaciones\/wp-json\/wp\/v2\/posts\/2062"}],"collection":[{"href":"https:\/\/www.solecomunicaciones.com.ar\/publicaciones\/wp-json\/wp\/v2\/posts"}],"about":[{"href":"https:\/\/www.solecomunicaciones.com.ar\/publicaciones\/wp-json\/wp\/v2\/types\/post"}],"author":[{"embeddable":true,"href":"https:\/\/www.solecomunicaciones.com.ar\/publicaciones\/wp-json\/wp\/v2\/users\/1"}],"replies":[{"embeddable":true,"href":"https:\/\/www.solecomunicaciones.com.ar\/publicaciones\/wp-json\/wp\/v2\/comments?post=2062"}],"version-history":[{"count":17,"href":"https:\/\/www.solecomunicaciones.com.ar\/publicaciones\/wp-json\/wp\/v2\/posts\/2062\/revisions"}],"predecessor-version":[{"id":2363,"href":"https:\/\/www.solecomunicaciones.com.ar\/publicaciones\/wp-json\/wp\/v2\/posts\/2062\/revisions\/2363"}],"wp:featuredmedia":[{"embeddable":true,"href":"https:\/\/www.solecomunicaciones.com.ar\/publicaciones\/wp-json\/wp\/v2\/media\/2364"}],"wp:attachment":[{"href":"https:\/\/www.solecomunicaciones.com.ar\/publicaciones\/wp-json\/wp\/v2\/media?parent=2062"}],"wp:term":[{"taxonomy":"category","embeddable":true,"href":"https:\/\/www.solecomunicaciones.com.ar\/publicaciones\/wp-json\/wp\/v2\/categories?post=2062"},{"taxonomy":"post_tag","embeddable":true,"href":"https:\/\/www.solecomunicaciones.com.ar\/publicaciones\/wp-json\/wp\/v2\/tags?post=2062"}],"curies":[{"name":"wp","href":"https:\/\/api.w.org\/{rel}","templated":true}]}}