{"id":1955,"date":"2017-11-15T08:52:26","date_gmt":"2017-11-15T11:52:26","guid":{"rendered":"https:\/\/solecomunicaciones.com\/?p=1955"},"modified":"2018-05-19T17:14:53","modified_gmt":"2018-05-19T20:14:53","slug":"we-work","status":"publish","type":"post","link":"https:\/\/www.solecomunicaciones.com.ar\/publicaciones\/we-work\/","title":{"rendered":"We Work: Dise\u00f1o para una nueva din\u00e1mica de trabajo"},"content":{"rendered":"<div id=\"pl-1955\" class=\"panel-layout\">\n<div id=\"pg-1955-0\" class=\"panel-grid panel-no-style\">\n<div id=\"pgc-1955-0-0\" class=\"panel-grid-cell\" data-weight=\"1\">\n<div id=\"panel-1955-0-0-0\" class=\"so-panel widget widget_sow-editor panel-first-child\" data-index=\"0\" data-style=\"{&quot;background_image_attachment&quot;:false,&quot;background_display&quot;:&quot;tile&quot;}\">\n<div class=\"so-widget-sow-editor so-widget-sow-editor-base\">\n<div class=\"siteorigin-widget-tinymce textwidget\">\n<p style=\"line-height: 20px; font-size: 14pt; text-align: justify;\">Dise\u00f1o nueva din\u00e1mica para una de trabajo.<\/p>\n<p style=\"text-align: justify; line-height: 20px; font-size: 12pt;\"><em><strong>ESPACIO DE COWORKING. Los interiores de We Work, la empresa de oficinas compartidas que lleg\u00f3 a Buenos Aires con una est\u00e9tica que se replica en todo el mundo. Detalles del manual de estilo y de la sede en Vicente L\u00f3pez.<\/strong><\/em><\/p>\n<p style=\"text-align: justify; font-size: 8pt;\"><strong>Por: In\u00e9s \u00c1lvarez | ARQ Clar\u00edn<\/strong><\/p>\n<p style=\"text-align: justify;\"><span style=\"font-weight: 400;\">Caminando por el Microcentro, cuando se llega a la esquina de Paraguay y Esmeralda, la vereda se ensancha y da un respiro al ritmo acelerado de la zona. Dos edificios unidos por un basamento en V permiten esta suerte de oasis urbano. El conjunto es la Torre Bellini, donde desde mayo funciona otras de las novedades de Buenos Aires: la compa\u00f1\u00eda de oficinas de coworking We Work.<\/span><!--more--><\/p>\n<p><img loading=\"lazy\" class=\"aligncenter size-full wp-image-2134\" src=\"https:\/\/www.solecomunicaciones.com.ar\/publicaciones\/wp-content\/uploads\/2017\/11\/WeWork-ARQ-CLARIN-14.11.2017-TAPA.jpg\" alt=\"WeWork - ARQ CLARIN - 14.11.2017 - TAPA\" width=\"640\" height=\"893\" \/><\/p>\n<p>&nbsp;<\/p>\n<p style=\"text-align: justify;\"><span style=\"font-weight: 400;\">La firma estadounidense alquila edificios en todo el mundo, a los que acondiciona para desarrollar su negocio (ver \u201cC\u00f3mo funciona&#8230;\u201d) La Torre Bellini es la primera en la Argentina, mientras que la segunda se inaugurar\u00e1 en diciembre en Av. Libertador 1000, Vicente L\u00f3pez.<\/span><\/p>\n<p style=\"text-align: justify;\"><span style=\"font-weight: 400;\">Para sus operaciones en Latinoam\u00e9rica WW eligi\u00f3 a Emprenurban, una empresa argentina con 15 a\u00f1os de experiencia en el desarrollo de hoteles, entre otros productos.<\/span><\/p>\n<p style=\"text-align: justify;\"><span style=\"font-weight: 400;\">\u201cLo que nosotros hacemos para WW es el fit out; esto es desde la obra gris hasta el edificio listo para funcionar, con las instalaciones de aire acondicionado, electricidad, pisos y mobiliario\u201d, explica Iv\u00e1n Kozicki, CEO de Emprenurban.<\/span><img loading=\"lazy\" class=\"aligncenter size-full wp-image-2129\" src=\"https:\/\/www.solecomunicaciones.com.ar\/publicaciones\/wp-content\/uploads\/2017\/11\/WeWork-ARQ-CLARIN-14.11.2017-P28.jpg\" alt=\"WeWork - ARQ CLARIN - 14.11.2017 -P28\" width=\"638\" height=\"895\" srcset=\"https:\/\/www.solecomunicaciones.com.ar\/publicaciones\/wp-content\/uploads\/2017\/11\/WeWork-ARQ-CLARIN-14.11.2017-P28.jpg 638w, https:\/\/www.solecomunicaciones.com.ar\/publicaciones\/wp-content\/uploads\/2017\/11\/WeWork-ARQ-CLARIN-14.11.2017-P28-214x300.jpg 214w\" sizes=\"(max-width: 638px) 100vw, 638px\" \/><span style=\"font-weight: 400;\">Su empresa funciona en Torre Bellini. Una vez que se traspasa la puerta de vidrio, el hall de acceso al edificio da se\u00f1ales de diferencia con las oficinas tradicionales. Hay un mostrador para la recepci\u00f3n hacia la izquierda; y a la derecha varios \u201cuniversos\u201d funcionando al mismo tiempo. En un sof\u00e1, en el centro, una chica le ofrece sus servicios de consultor\u00eda a otras dos personas. Un poco m\u00e1s alejados, tres j\u00f3venes conversan sentados en un banco r\u00edgido que se desprende de la pared, que a su vez contiene una palestra. Personas que van y vienen, reuniones: no solo en los pisos superiores se trabaja. El lobby es uno de las tantas \u00e1reas en donde los miembros establecen v\u00ednculos.<\/span><\/p>\n<p style=\"text-align: justify;\"><span style=\"font-weight: 400;\">Cristina Crespo, Directora de Dise\u00f1o para Latinoam\u00e9rica de WW, deta<\/span><b>l<\/b><span style=\"font-weight: 400;\">la<\/span><span style=\"font-weight: 400;\">: \u201cCada pieza de mobiliario, acabados y arte son seleccionadas con el prop\u00f3sito de generar una experiencia acogedora. Se persigue desarrollar una atm\u00f3sfera residencial que a su vez produce un sentido de comodidad y pertenencia en la persona que utiliza el espacio\u201d. A tal fin, cada edificio de WW cuenta con phone booths (cabinas para hablar por tel\u00e9fono en privado), nooks (salas peque\u00f1as y se- mi abiertas), salas de reuniones para pocas personas, pantries (\u00e1reas con bar y livings) y oficinas comunes.<\/span><\/p>\n<div id=\"attachment_2131\" style=\"width: 650px\" class=\"wp-caption aligncenter\"><img aria-describedby=\"caption-attachment-2131\" loading=\"lazy\" class=\"wp-image-2131 size-full\" src=\"https:\/\/www.solecomunicaciones.com.ar\/publicaciones\/wp-content\/uploads\/2017\/11\/WeWork-ARQ-CLARIN-14.11.2017-P30.jpg\" alt=\"WeWork - ARQ CLARIN - 14.11.2017 -P30\" width=\"640\" height=\"894\" srcset=\"https:\/\/www.solecomunicaciones.com.ar\/publicaciones\/wp-content\/uploads\/2017\/11\/WeWork-ARQ-CLARIN-14.11.2017-P30.jpg 640w, https:\/\/www.solecomunicaciones.com.ar\/publicaciones\/wp-content\/uploads\/2017\/11\/WeWork-ARQ-CLARIN-14.11.2017-P30-215x300.jpg 215w\" sizes=\"(max-width: 640px) 100vw, 640px\" \/><p id=\"caption-attachment-2131\" class=\"wp-caption-text\">Los cub\u00edculos semiabiertos interact\u00faan con otros espacios de encuentro, como los pantries. Es una buena opci\u00f3n para trabajar en equipos de pocas personas, con cierta privacidad. DIMENSIONES. En Torre Bellini las plantas alcanzan los 500 m2 -en otras sedes pueden llegar a los 3.000 m2-. En todos los casos, las fachadas deben ser vidriadas para que la luz atraviese todo el espacio. TERRAZA.Otra opci\u00f3n para trabajar, concretar acuerdos y disfrutar las vistas.<\/p><\/div>\n<p style=\"text-align: justify;\"><span style=\"font-weight: 400;\">El dise\u00f1o de cada WW difiere poco entre s\u00ed, aunque existe un ida y vuelta de propuestas entre Emprenurban, gerenciadora de las obras, y los estudios intervinientes: UPU (Torre Bellini) y Clotta (Vicente L\u00f3pez). Kozicki se\u00f1ala: \u201cWe Work tiene determinadas bases de dise\u00f1o y el detalle de c\u00f3mo deben funcionar las instalaciones. Esto tiene que ser igual en todo el mundo pero -enfatiza- se regionaliza\u201d. Y da como ejemplo las normas antis\u00edsmicas de M\u00e9xico y Per\u00fa. \u201cSiempre es muy importante que se cum- plan las reglas de seguridad\u201d.<\/span><\/p>\n<p style=\"text-align: justify;\"><span style=\"font-weight: 400;\">M\u00e1s all\u00e1 de las particularidades de cada, lugar, no debe olvidarse el principal objetivo de la firma. \u201cCrear una plataforma que promueve momentos de interacci\u00f3n y colaboraci\u00f3n a diversas escalas dentro de nuestra comunidad de emprendedores\u201d, afirma Crespo.<\/span><\/p>\n<p style=\"text-align: justify;\"><span style=\"font-weight: 400;\">Entre las condiciones exigidas por WW, Kozicki recuerda que \u201clos pisos deben ser siempre de madera; las separaciones, de aluminio con vidrio para tener una vista abierta de la planta y que la luz llegue a todos lados; debe haber \u00e1reas comunes de esparcimiento y abundancia de internet\u201d.<\/span><\/p>\n<p style=\"text-align: justify;\"><span style=\"font-weight: 400;\">\u201cRecibimos un manual de We Work al que adaptamos a la normativa, materiales locales y al edificio\u201d, afirma Juan Urgell sobre su labor en Torre Bellini. El socio de UPU coincide con Kozicki en destacar la necesidad de resolver el proyecto en un muy corto plazo como uno de los mayores desaf\u00edos. \u201cLa intenci\u00f3n era hacer una obra super r\u00e1pido en la que era imperativo la adaptaci\u00f3n al mercado local. Para esto tuvimos que investigar mucho, porque entendimos que el primer caso tiene una curva de aprendizaje importante. Nuestro esfuerzo estuvo enfocado en dejar una buena documentaci\u00f3n basada en nuestra experiencia en el mercado local y en oficinas de esas dimensiones\u201d.<\/span><\/p>\n\n\t\t<style type=\"text\/css\">\n\t\t\t#gallery-1 {\n\t\t\t\tmargin: auto;\n\t\t\t}\n\t\t\t#gallery-1 .gallery-item {\n\t\t\t\tfloat: left;\n\t\t\t\tmargin-top: 10px;\n\t\t\t\ttext-align: center;\n\t\t\t\twidth: 33%;\n\t\t\t}\n\t\t\t#gallery-1 img {\n\t\t\t\tborder: 2px solid #cfcfcf;\n\t\t\t}\n\t\t\t#gallery-1 .gallery-caption {\n\t\t\t\tmargin-left: 0;\n\t\t\t}\n\t\t\t\/* see gallery_shortcode() in wp-includes\/media.php *\/\n\t\t<\/style>\n\t\t<div id='gallery-1' class='gallery galleryid-1955 gallery-columns-3 gallery-size-full'><dl class='gallery-item'>\n\t\t\t<dt class='gallery-icon portrait'>\n\t\t\t\t<img width=\"639\" height=\"895\" src=\"https:\/\/www.solecomunicaciones.com.ar\/publicaciones\/wp-content\/uploads\/2017\/11\/WeWork-ARQ-CLARIN-14.11.2017-P26.jpg\" class=\"attachment-full size-full\" alt=\"WeWork - ARQ CLARIN - 14.11.2017 -P26\" loading=\"lazy\" srcset=\"https:\/\/www.solecomunicaciones.com.ar\/publicaciones\/wp-content\/uploads\/2017\/11\/WeWork-ARQ-CLARIN-14.11.2017-P26.jpg 639w, https:\/\/www.solecomunicaciones.com.ar\/publicaciones\/wp-content\/uploads\/2017\/11\/WeWork-ARQ-CLARIN-14.11.2017-P26-214x300.jpg 214w\" sizes=\"(max-width: 639px) 100vw, 639px\" \/>\n\t\t\t<\/dt><\/dl><dl class='gallery-item'>\n\t\t\t<dt class='gallery-icon portrait'>\n\t\t\t\t<img width=\"638\" height=\"894\" src=\"https:\/\/www.solecomunicaciones.com.ar\/publicaciones\/wp-content\/uploads\/2017\/11\/WeWork-ARQ-CLARIN-14.11.2017-P27.jpg\" class=\"attachment-full size-full\" alt=\"WeWork - ARQ CLARIN - 14.11.2017 -P27\" loading=\"lazy\" srcset=\"https:\/\/www.solecomunicaciones.com.ar\/publicaciones\/wp-content\/uploads\/2017\/11\/WeWork-ARQ-CLARIN-14.11.2017-P27.jpg 638w, https:\/\/www.solecomunicaciones.com.ar\/publicaciones\/wp-content\/uploads\/2017\/11\/WeWork-ARQ-CLARIN-14.11.2017-P27-214x300.jpg 214w\" sizes=\"(max-width: 638px) 100vw, 638px\" \/>\n\t\t\t<\/dt><\/dl><dl class='gallery-item'>\n\t\t\t<dt class='gallery-icon portrait'>\n\t\t\t\t<img width=\"638\" height=\"896\" src=\"https:\/\/www.solecomunicaciones.com.ar\/publicaciones\/wp-content\/uploads\/2017\/11\/WeWork-ARQ-CLARIN-14.11.2017-P29.jpg\" class=\"attachment-full size-full\" alt=\"WeWork - ARQ CLARIN - 14.11.2017 -P29\" loading=\"lazy\" srcset=\"https:\/\/www.solecomunicaciones.com.ar\/publicaciones\/wp-content\/uploads\/2017\/11\/WeWork-ARQ-CLARIN-14.11.2017-P29.jpg 638w, https:\/\/www.solecomunicaciones.com.ar\/publicaciones\/wp-content\/uploads\/2017\/11\/WeWork-ARQ-CLARIN-14.11.2017-P29-214x300.jpg 214w\" sizes=\"(max-width: 638px) 100vw, 638px\" \/>\n\t\t\t<\/dt><\/dl><br style=\"clear: both\" \/>\n\t\t<\/div>\n\n<p style=\"text-align: justify;\"><strong><span style=\"color: #d60032;\">HAGA CLICK EN LOS SIGUIENTES TITULOS PARA CONTINUAR LEYENDO LA NOTA.<\/span><br \/>\n<\/strong><div class=\"su-accordion su-u-trim\">\n<div class=\"su-spoiler su-spoiler-style-default su-spoiler-icon-plus su-spoiler-closed\" data-scroll-offset=\"0\" data-anchor-in-url=\"no\"><div class=\"su-spoiler-title\" tabindex=\"0\" role=\"button\"><span class=\"su-spoiler-icon\"><\/span>C\u00d3MO FUNCIONA EL NEGOCIO.<\/div><div class=\"su-spoiler-content su-u-clearfix su-u-trim\">\n<span style=\"font-weight: 400;\">El nivel de r\u00e1pida expansi\u00f3n que est\u00e1 alcanzando We Work en Latinoam\u00e9rica da cuenta de un fen\u00f3meno que no es una moda pasajera. Los espacios de coworking expresan no s\u00f3lo una nueva din\u00e1mica de trabajo, sino una forma distinta de organizaci\u00f3n empresarial. <\/span><\/p>\n<p style=\"text-align: justify;\"><span style=\"font-weight: 400;\">En Torre Bellini, por caso, hay pantallas en todos los niveles en donde puede verse la foto de un \u201cmiembro\u201d -como se llaman los trabajadores all\u00ed- con su nombre, su expertise y donde se lo puede ubicar. En los ascensores se promocionan distintas actividades que promueven el encuentro entre los miembros y hay charlas sobre c\u00f3mo mejorar el rendimiento, optimizar los tiempos de trabajo y aprender a ofrecer un servicio.<\/span><\/p>\n<p style=\"text-align: justify;\"><span style=\"font-weight: 400;\">Incluso las empresas que alquilan sus espacios tienen una filosof\u00eda claramente m\u00e1s abierta y desprejuiciada. Hay pisos en los que una firma comparte espacios -panel de vidrio de por medio- con otra. Y hay empleados que toman sus laptops para irse a trabajar al pantry, donde otros hacen una pausa en el metegol. Estas caracter\u00edsticas, entre otras, manifiestan un cambio de mentalidad. <\/span><\/p>\n<p style=\"text-align: justify;\"><span style=\"font-weight: 400;\">Por un lado,la aceptaci\u00f3n de que los empleados no son propiedad de una empresa, sino que pueden intercambiar experiencias con colegas de otras firmas, a\u00fan con el riesgo de que prefieran cambiar de trabajo. Por otro lado, la concepci\u00f3n de la productividad ya no est\u00e1 asociada a la cantidad de horas delante de un monitor, sino a una creatividad sostenida por buenas dosis de confort y ocio. <\/span><\/p>\n<p style=\"text-align: justify;\"><span style=\"font-weight: 400;\">En We Work no se alquila una oficina, se es miembro. Y para eso ofrece distintas opciones: espacio privado personalizado, oficina privada est\u00e1ndar, escritorio dedicado y hot desk. El primero est\u00e1 recomendado para empresas de entre 50 y 500 empleados, mientras que la \u00faltima es la mejor alternativa para trabajadores remotos y de tiempo parcial. <\/span><\/p>\n<p style=\"text-align: justify;\"><span style=\"font-weight: 400;\">Para todos los miembros existe un paquetes de servicios que incluyen gesti\u00f3n de correo y paquetes, materiales de oficina, limpieza, eventos profesionales y sociales, servicio de recepci\u00f3n y hasta cerveza artesanal de barril. La proyecci\u00f3n en Latinoam\u00e9rica es la de construir 50 sucursales m\u00e1s en 2018. <\/span><\/p>\n<p style=\"text-align: justify;\"><span style=\"font-weight: 400;\">Adem\u00e1s, el modelo est\u00e1 creciendo de la mano de empresas locales que comprendieron que el cambio laboral es una tendencia consolidada.<\/span><img loading=\"lazy\" class=\"aligncenter size-full wp-image-2132\" src=\"https:\/\/www.solecomunicaciones.com.ar\/publicaciones\/wp-content\/uploads\/2017\/11\/WeWork-ARQ-CLARIN-14.11.2017-P31.jpg\" alt=\"WeWork - ARQ CLARIN - 14.11.2017 -P31\" width=\"640\" height=\"897\" srcset=\"https:\/\/www.solecomunicaciones.com.ar\/publicaciones\/wp-content\/uploads\/2017\/11\/WeWork-ARQ-CLARIN-14.11.2017-P31.jpg 640w, https:\/\/www.solecomunicaciones.com.ar\/publicaciones\/wp-content\/uploads\/2017\/11\/WeWork-ARQ-CLARIN-14.11.2017-P31-214x300.jpg 214w\" sizes=\"(max-width: 640px) 100vw, 640px\" \/><\/p>\n<\/div><\/div>\n<p style=\"text-align: justify;\"><div class=\"su-spoiler su-spoiler-style-default su-spoiler-icon-plus su-spoiler-closed\" data-scroll-offset=\"0\" data-anchor-in-url=\"no\"><div class=\"su-spoiler-title\" tabindex=\"0\" role=\"button\"><span class=\"su-spoiler-icon\"><\/span>El GBA NORTE SUMA ESPACIOS DE COWORKING.<\/div><div class=\"su-spoiler-content su-u-clearfix su-u-trim\">\nC\u00f3mo fue el trabajo del Estudio Clotta en la sede de Avenida del Libertador 1000, en Vicente L\u00f3pez. El edificio de oficinas se inaugurar\u00e1 en diciembre.<\/p>\n<p style=\"text-align: justify;\">Para la segunda sede de We Work en la Argentina, Emprenurban eligi\u00f3 al Estudio Clotta. La firma de arquitectura est\u00e1 ultimando los detalles de los interiores de Av. Libertador 1000, en Vicente L\u00f3pez, en un edificio proyectado por MRA + A.<\/p>\n<p style=\"text-align: justify;\">Iv\u00e1n Kozicki menciona que, a diferencia de Torre Bellini, aqu\u00ed las plantas son m\u00e1s amplias: \u201cLibertador se ensancha hacia arriba. Arranca en plantas de 800 y llega a los 1.000 metros cuadrados, por lo que el espacio com\u00fan que hay en cada piso es mucho m\u00e1s importante. Adem\u00e1s, los techos son m\u00e1s altos y las plantas son rectangulares con vidrios en todas las caras que permiten el ingreso de mucha luz\u201d.<\/p>\n<p style=\"text-align: justify;\">\u201cLo que nosotros hicimos fue la argentinizaci\u00f3n del proyecto\u201d, resume Hern\u00e1n Clotta. La informaci\u00f3n con la que cont\u00f3 su estudio de parte de We Work fue un documento con los criterios de ocupaci\u00f3n de las oficinas y el manual de estilo.<\/p>\n<p style=\"text-align: justify;\">Como desaf\u00edo, Clotta menciona el escaso tiempo con el que cuentan los estudios para ajustar la propuesta a la normativa local. El motivo de la urgencia, seg\u00fan explica Kozicki es ni m\u00e1s ni menos, que \u201clanzar la operaci\u00f3n del edificio cuanto antes\u201d.<\/p>\n<p style=\"text-align: justify;\">El Estudio Clotta trabaj\u00f3 con algunos dibujos, no hizo renders, y para cumplir con los plazos se asoci\u00f3 con el estudio RTN, que tiene una gran experiencia en REVIT.<\/p>\n<p style=\"text-align: justify;\">Para el arquitecto el uso de BIM fue indispensable en su trabajo. Las indicaciones ven\u00edan en 2D y su traducci\u00f3n a otra plataforma le permitir\u00e1 a la empresa estadounidense operar cada elemento de las sedes argentinas a la distancia. Clotta ejemplifica: \u201cDesde Nueva York pueden ver cu\u00e1ntos aires acondicionados est\u00e1n encendidos en Vicente L\u00f3pez y a qu\u00e9 temperatura\u201d.<\/p>\n<p style=\"text-align: justify;\">Otras herramientas elementales que menciona Clotta son el FIT Lens, \u201cuna especie de red social en donde todos los actores intervinientes posteabamos las novedades, por ese canal se puede seguir el trabajo diario\u201d. El Blue Beam, en tanto, es una plataforma que el estudio us\u00f3 para subir la entrega de cada etapa concluida &#8211; en total, cuatro- en documentos PDF y BIM. \u201cLos archivos expresan distintos aspectos del proyecto y se pueden editar, adem\u00e1s de que quedan asignadas las responsabilidades del estudio\u201d, concluye.<\/p>\n<p style=\"text-align: justify;\">El objetivo de We Work es abrir nuevas sucursales en nuestro pa\u00eds, a pesar de que Kozicki confiesa que \u201cArgentina viene m\u00e1s lento de lo que quisi\u00e9ramos porque hay pocos edificios disponibles. Necesitamos muchos metros cuadrados y hay pocos edificios corporativos con las caracter\u00edsticas requeridas\u201d.<\/p>\n<p style=\"text-align: justify;\">Por lo pronto, Av. Libertador 1000 viene a enriquecer con una alternativa original a un corredor de oficinas que crece y se consolida velozmente, como es el GBA Norte.<br \/>\n<img loading=\"lazy\" class=\"aligncenter size-full wp-image-2133\" src=\"https:\/\/www.solecomunicaciones.com.ar\/publicaciones\/wp-content\/uploads\/2017\/11\/WeWork-ARQ-CLARIN-14.11.2017-P32.jpg\" alt=\"WeWork - ARQ CLARIN - 14.11.2017 -P32\" width=\"637\" height=\"892\" srcset=\"https:\/\/www.solecomunicaciones.com.ar\/publicaciones\/wp-content\/uploads\/2017\/11\/WeWork-ARQ-CLARIN-14.11.2017-P32.jpg 637w, https:\/\/www.solecomunicaciones.com.ar\/publicaciones\/wp-content\/uploads\/2017\/11\/WeWork-ARQ-CLARIN-14.11.2017-P32-214x300.jpg 214w\" sizes=\"(max-width: 637px) 100vw, 637px\" \/><\/div><\/div>\n<\/div>\n<p><strong>Diario<\/strong>:\u00a0ARQ Clar\u00edn<br \/>\n<strong>Fecha de publicaci\u00f3n:<\/strong>\u00a014 de Noviembre de 2017<\/p>\n<\/div>\n<\/div>\n<\/div>\n<div id=\"panel-1955-0-0-1\" class=\"so-panel widget widget_sow-post-carousel panel-last-child\" data-index=\"1\" data-style=\"{&quot;background_image_attachment&quot;:false,&quot;background_display&quot;:&quot;tile&quot;}\">\n<div class=\"so-widget-sow-post-carousel so-widget-sow-post-carousel-default-971e41e9e54d\">\n<p><input name=\"instance_hash\" type=\"hidden\" value=\"67b09644\" \/><\/p>\n<\/div>\n<\/div>\n<\/div>\n<\/div>\n<\/div>\n","protected":false},"excerpt":{"rendered":"<p>Dise\u00f1o nueva din\u00e1mica para una de trabajo. ESPACIO DE COWORKING. Los interiores de We Work, la empresa de oficinas compartidas que lleg\u00f3 a Buenos Aires con una est\u00e9tica que se replica en todo el&#46;&#46;&#46;<\/p>\n","protected":false},"author":1,"featured_media":2129,"comment_status":"closed","ping_status":"closed","sticky":false,"template":"","format":"standard","meta":[],"categories":[7],"tags":[12,16,24,33],"yoast_head":"<!-- This site is optimized with the Yoast SEO plugin v14.9 - https:\/\/yoast.com\/wordpress\/plugins\/seo\/ -->\n<title>We Work - ARQ Clar\u00edn - Nota completa | SOLE Comunicaciones<\/title>\n<meta name=\"description\" content=\"Los interiores de We Work, la empresa de oficinas compartidas que lleg\u00f3 a Buenos Aires con una est\u00e9tica que se replica en todo el mundo.\" \/>\n<meta name=\"robots\" content=\"index, follow, max-snippet:-1, max-image-preview:large, max-video-preview:-1\" \/>\n<link rel=\"canonical\" href=\"https:\/\/www.solecomunicaciones.com.ar\/publicaciones\/we-work\/\" \/>\n<meta property=\"og:locale\" content=\"es_ES\" \/>\n<meta property=\"og:type\" content=\"article\" \/>\n<meta property=\"og:title\" content=\"We Work - ARQ Clar\u00edn - Nota completa | SOLE Comunicaciones\" \/>\n<meta property=\"og:description\" content=\"Los interiores de We Work, la empresa de oficinas compartidas que lleg\u00f3 a Buenos Aires con una est\u00e9tica que se replica en todo el mundo.\" \/>\n<meta property=\"og:url\" content=\"https:\/\/www.solecomunicaciones.com.ar\/publicaciones\/we-work\/\" \/>\n<meta property=\"og:site_name\" content=\"Sole Comunicaciones\" \/>\n<meta property=\"article:published_time\" content=\"2017-11-15T11:52:26+00:00\" \/>\n<meta property=\"article:modified_time\" content=\"2018-05-19T20:14:53+00:00\" \/>\n<meta property=\"og:image\" content=\"https:\/\/www.solecomunicaciones.com.ar\/publicaciones\/wp-content\/uploads\/2017\/11\/WeWork-ARQ-CLARIN-14.11.2017-P28.jpg\" \/>\n\t<meta property=\"og:image:width\" content=\"638\" \/>\n\t<meta property=\"og:image:height\" content=\"895\" \/>\n<meta name=\"twitter:card\" content=\"summary_large_image\" \/>\n<script type=\"application\/ld+json\" class=\"yoast-schema-graph\">{\"@context\":\"https:\/\/schema.org\",\"@graph\":[{\"@type\":\"WebSite\",\"@id\":\"https:\/\/www.solecomunicaciones.com.ar\/publicaciones\/#website\",\"url\":\"https:\/\/www.solecomunicaciones.com.ar\/publicaciones\/\",\"name\":\"Sole Comunicaciones\",\"description\":\"Publicaciones \",\"potentialAction\":[{\"@type\":\"SearchAction\",\"target\":\"https:\/\/www.solecomunicaciones.com.ar\/publicaciones\/?s={search_term_string}\",\"query-input\":\"required name=search_term_string\"}],\"inLanguage\":\"es\"},{\"@type\":\"ImageObject\",\"@id\":\"https:\/\/www.solecomunicaciones.com.ar\/publicaciones\/we-work\/#primaryimage\",\"inLanguage\":\"es\",\"url\":\"https:\/\/www.solecomunicaciones.com.ar\/publicaciones\/wp-content\/uploads\/2017\/11\/WeWork-ARQ-CLARIN-14.11.2017-P28.jpg\",\"width\":638,\"height\":895,\"caption\":\"WeWork - ARQ CLARIN - 14.11.2017 -P28\"},{\"@type\":\"WebPage\",\"@id\":\"https:\/\/www.solecomunicaciones.com.ar\/publicaciones\/we-work\/#webpage\",\"url\":\"https:\/\/www.solecomunicaciones.com.ar\/publicaciones\/we-work\/\",\"name\":\"We Work - ARQ Clar\\u00edn - Nota completa | SOLE Comunicaciones\",\"isPartOf\":{\"@id\":\"https:\/\/www.solecomunicaciones.com.ar\/publicaciones\/#website\"},\"primaryImageOfPage\":{\"@id\":\"https:\/\/www.solecomunicaciones.com.ar\/publicaciones\/we-work\/#primaryimage\"},\"datePublished\":\"2017-11-15T11:52:26+00:00\",\"dateModified\":\"2018-05-19T20:14:53+00:00\",\"author\":{\"@id\":\"https:\/\/www.solecomunicaciones.com.ar\/publicaciones\/#\/schema\/person\/34cc02109c051703283321a51075178c\"},\"description\":\"Los interiores de We Work, la empresa de oficinas compartidas que lleg\\u00f3 a Buenos Aires con una est\\u00e9tica que se replica en todo el mundo.\",\"inLanguage\":\"es\",\"potentialAction\":[{\"@type\":\"ReadAction\",\"target\":[\"https:\/\/www.solecomunicaciones.com.ar\/publicaciones\/we-work\/\"]}]},{\"@type\":\"Person\",\"@id\":\"https:\/\/www.solecomunicaciones.com.ar\/publicaciones\/#\/schema\/person\/34cc02109c051703283321a51075178c\",\"name\":\"Sole C&amp;M\",\"image\":{\"@type\":\"ImageObject\",\"@id\":\"https:\/\/www.solecomunicaciones.com.ar\/publicaciones\/#personlogo\",\"inLanguage\":\"es\",\"url\":\"https:\/\/secure.gravatar.com\/avatar\/98dec144ab5b4969e6b78831b015326b?s=96&d=mm&r=g\",\"caption\":\"Sole C&amp;M\"}}]}<\/script>\n<!-- \/ Yoast SEO plugin. -->","_links":{"self":[{"href":"https:\/\/www.solecomunicaciones.com.ar\/publicaciones\/wp-json\/wp\/v2\/posts\/1955"}],"collection":[{"href":"https:\/\/www.solecomunicaciones.com.ar\/publicaciones\/wp-json\/wp\/v2\/posts"}],"about":[{"href":"https:\/\/www.solecomunicaciones.com.ar\/publicaciones\/wp-json\/wp\/v2\/types\/post"}],"author":[{"embeddable":true,"href":"https:\/\/www.solecomunicaciones.com.ar\/publicaciones\/wp-json\/wp\/v2\/users\/1"}],"replies":[{"embeddable":true,"href":"https:\/\/www.solecomunicaciones.com.ar\/publicaciones\/wp-json\/wp\/v2\/comments?post=1955"}],"version-history":[{"count":7,"href":"https:\/\/www.solecomunicaciones.com.ar\/publicaciones\/wp-json\/wp\/v2\/posts\/1955\/revisions"}],"predecessor-version":[{"id":2188,"href":"https:\/\/www.solecomunicaciones.com.ar\/publicaciones\/wp-json\/wp\/v2\/posts\/1955\/revisions\/2188"}],"wp:featuredmedia":[{"embeddable":true,"href":"https:\/\/www.solecomunicaciones.com.ar\/publicaciones\/wp-json\/wp\/v2\/media\/2129"}],"wp:attachment":[{"href":"https:\/\/www.solecomunicaciones.com.ar\/publicaciones\/wp-json\/wp\/v2\/media?parent=1955"}],"wp:term":[{"taxonomy":"category","embeddable":true,"href":"https:\/\/www.solecomunicaciones.com.ar\/publicaciones\/wp-json\/wp\/v2\/categories?post=1955"},{"taxonomy":"post_tag","embeddable":true,"href":"https:\/\/www.solecomunicaciones.com.ar\/publicaciones\/wp-json\/wp\/v2\/tags?post=1955"}],"curies":[{"name":"wp","href":"https:\/\/api.w.org\/{rel}","templated":true}]}}